{"id":47040,"date":"2026-05-01T12:04:53","date_gmt":"2026-05-01T09:04:53","guid":{"rendered":"https:\/\/gplusclinic.com\/?p=47040"},"modified":"2026-05-01T12:04:54","modified_gmt":"2026-05-01T09:04:54","slug":"mon-experience-de-lifting-du-visage-et-du-cou-en-turquie","status":"publish","type":"post","link":"https:\/\/gplusclinic.com\/fr\/47040\/mon-experience-de-lifting-du-visage-et-du-cou-en-turquie\/","title":{"rendered":"Mon exp\u00e9rience de lifting du visage et du cou en Turquie | 3 Avis"},"content":{"rendered":"\n<p>Mon exp\u00e9rience de lifting du visage et du cou en Turquie (Face and Neck Lift) ne se termine pas sur la table d&rsquo;op\u00e9ration, mais marque plut\u00f4t le d\u00e9but majestueux d&rsquo;une transformation profonde pour retrouver une harmonie faciale perdue. En effet, j&rsquo;ai rapidement compris que l&rsquo;obtention d&rsquo;une ligne de m\u00e2choire parfaitement sculpt\u00e9e exigeait une d\u00e9cision ferme et le choix d&rsquo;un centre m\u00e9dical de renomm\u00e9e mondiale comme <a target=\"_blank\" rel=\"noreferrer noopener\" href=\"https:\/\/gplusclinic.com\/\">G+ Clinic<\/a>. Par cons\u00e9quent, Mon exp\u00e9rience de lifting du visage et du cou en Turquie prouve de mani\u00e8re ind\u00e9niable que l&rsquo;alliance d&rsquo;une expertise chirurgicale de pointe et d&rsquo;une hospitalit\u00e9 exceptionnelle garantit des r\u00e9sultats esth\u00e9tiques incomparables en toute s\u00e9curit\u00e9.<\/p>\n\n\n\n<hr class=\"wp-block-separator has-alpha-channel-opacity\" \/>\n\n\n\n<h2 class=\"wp-block-heading\">Quand apparaissent les r\u00e9sultats de Mon exp\u00e9rience de lifting du visage et du cou en Turquie ?<\/h2>\n\n\n\n<p><strong>Les r\u00e9sultats initiaux sont visibles imm\u00e9diatement apr\u00e8s la fermeture des incisions chirurgicales, mais le r\u00e9sultat final et complet se manifeste progressivement entre 3 \u00e0 6 mois, une fois que l&rsquo;\u0153d\u00e8me a totalement disparu.<\/strong><\/p>\n\n\n\n<p>Mon exp\u00e9rience de lifting du visage et du cou en Turquie m&rsquo;a d\u00e9montr\u00e9 avec force que la patience est la v\u00e9ritable cl\u00e9 du succ\u00e8s dans l&rsquo;univers complexe de la chirurgie plastique reconstructrice. Durant les premi\u00e8res semaines postop\u00e9ratoires, les tissus cervicaux et faciaux entrent dans une phase de cicatrisation active, reconstruisant de nouveaux r\u00e9seaux de collag\u00e8ne pour soutenir fermement la nouvelle tension cutan\u00e9e. De plus, on observe une am\u00e9lioration quotidienne de la texture de l&rsquo;\u00e9piderme. <strong>(Selon la <a target=\"_blank\" rel=\"noreferrer noopener\" href=\"https:\/\/www.mayoclinic.org\/\">Mayo Clinic<\/a>, la disparition totale de l&rsquo;\u0153d\u00e8me et le retour de la sensibilit\u00e9 nerveuse normale peuvent prendre plusieurs mois avant que les tissus ne se stabilisent).<\/strong> Ainsi, Mon exp\u00e9rience de lifting du visage et du cou en Turquie n\u00e9cessite le port assidu du v\u00eatement de compression m\u00e9dical pour modeler le r\u00e9sultat parfait jour apr\u00e8s jour.<\/p>\n\n\n\n<hr class=\"wp-block-separator has-alpha-channel-opacity\" \/>\n\n\n\n<h2 class=\"wp-block-heading\">Le calendrier de r\u00e9cup\u00e9ration pour Mon exp\u00e9rience de lifting du visage et du cou en Turquie<\/h2>\n\n\n\n<p>La gestion rigoureuse de la convalescence est absolument cruciale pour garantir le succ\u00e8s retentissant de Mon exp\u00e9rience de lifting du visage et du cou en Turquie :<\/p>\n\n\n\n<ul class=\"wp-block-list\">\n<li>Repos strict et absolu durant la premi\u00e8re semaine.<\/li>\n\n\n\n<li>\u00c9viter toute activit\u00e9 physique intense et le sport.<\/li>\n\n\n\n<li>Porter le v\u00eatement de compression facial en continu.<\/li>\n\n\n\n<li>Dormir avec la t\u00eate bien sur\u00e9lev\u00e9e sur des oreillers.<\/li>\n\n\n\n<li>Suivre scrupuleusement toutes les prescriptions m\u00e9dicales.<\/li>\n\n\n\n<li>Assister aux consultations de suivi r\u00e9guli\u00e8rement programm\u00e9es.<\/li>\n<\/ul>\n\n\n\n<p>Finalement, le respect m\u00e9ticuleux de ces directives cliniques assure que Mon exp\u00e9rience de lifting du visage et du cou en Turquie offre une gu\u00e9rison rapide et des contours durables.<\/p>\n\n\n\n<figure class=\"wp-block-image size-large\"><img fetchpriority=\"high\" decoding=\"async\" width=\"1024\" height=\"576\" src=\"https:\/\/gplusclinic.com\/wp-content\/uploads\/2026\/05\/My-experience-with-face-and-neck-lift-in-Turkey-1-1024x576.jpg\" alt=\"Scanner de surface et comparaison de l'anatomie du visage et du cou\" class=\"wp-image-47036\" srcset=\"https:\/\/gplusclinic.com\/wp-content\/uploads\/2026\/05\/My-experience-with-face-and-neck-lift-in-Turkey-1-1024x576.jpg 1024w, https:\/\/gplusclinic.com\/wp-content\/uploads\/2026\/05\/My-experience-with-face-and-neck-lift-in-Turkey-1-300x169.jpg 300w, https:\/\/gplusclinic.com\/wp-content\/uploads\/2026\/05\/My-experience-with-face-and-neck-lift-in-Turkey-1-768x432.jpg 768w, https:\/\/gplusclinic.com\/wp-content\/uploads\/2026\/05\/My-experience-with-face-and-neck-lift-in-Turkey-1-1536x864.jpg 1536w, https:\/\/gplusclinic.com\/wp-content\/uploads\/2026\/05\/My-experience-with-face-and-neck-lift-in-Turkey-1-800x450.jpg 800w, https:\/\/gplusclinic.com\/wp-content\/uploads\/2026\/05\/My-experience-with-face-and-neck-lift-in-Turkey-1.jpg 1920w\" sizes=\"(max-width: 1024px) 100vw, 1024px\" \/><figcaption class=\"wp-element-caption\">Scanner de surface et comparaison de l&rsquo;anatomie du visage et du cou<\/figcaption><\/figure>\n\n\n\n<hr class=\"wp-block-separator has-alpha-channel-opacity\" \/>\n\n\n\n<h2 class=\"wp-block-heading\">Qu&rsquo;est-ce que Mon exp\u00e9rience de lifting du visage et du cou en Turquie ?<\/h2>\n\n\n\n<p><strong>Il s&rsquo;agit d&rsquo;une intervention chirurgicale minutieuse visant \u00e0 exciser la peau flasque, extraire les graisses sous-mentonni\u00e8res tenaces et resserrer les muscles profonds pour restaurer la jeunesse.<\/strong><\/p>\n\n\n\n<p>Mon exp\u00e9rience de lifting du visage et du cou en Turquie repr\u00e9sente bien plus qu&rsquo;un simple \u00e9tirement de la surface cutan\u00e9e ; c&rsquo;est une restructuration architecturale tridimensionnelle compl\u00e8te du syst\u00e8me musculo-apon\u00e9vrotique superficiel (SMAS) qui s&rsquo;affaisse avec l&rsquo;\u00e2ge. D&rsquo;autre part, les techniques chirurgicales modernes permettent de dissimuler habilement les incisions derri\u00e8re les oreilles, rendant les futures cicatrices imperceptibles. <strong>(Selon la <a target=\"_blank\" rel=\"noreferrer noopener\" href=\"https:\/\/my.clevelandclinic.org\/\">Cleveland Clinic<\/a>, le resserrement du muscle platysma am\u00e9liore consid\u00e9rablement le profil lat\u00e9ral et restaure l&rsquo;harmonie faciale).<\/strong> En outre, Mon exp\u00e9rience de lifting du visage et du cou en Turquie r\u00e9alis\u00e9e au sein de <a target=\"_blank\" rel=\"noreferrer noopener\" href=\"https:\/\/gplusclinic.com\/\">G+ Clinic<\/a> int\u00e8gre ces m\u00e9thodes avanc\u00e9es sous la supervision directe des meilleurs chirurgiens plasticiens mondiaux.<\/p>\n\n\n\n<hr class=\"wp-block-separator has-alpha-channel-opacity\" \/>\n\n\n\n<h2 class=\"wp-block-heading\">Le tableau des co\u00fbts pour Mon exp\u00e9rience de lifting du visage et du cou en Turquie<\/h2>\n\n\n\n<p>L&rsquo;aspect financier n\u00e9cessite une planification rigoureuse pour \u00e9viter toute surprise, comme le d\u00e9montre cette analyse claire de Mon exp\u00e9rience de lifting du visage et du cou en Turquie :<\/p>\n\n\n\n<figure class=\"wp-block-table\"><table class=\"has-fixed-layout\"><thead><tr><td><strong>Description de l&rsquo;intervention m\u00e9dicale<\/strong><\/td><td><strong>Co\u00fbt estim\u00e9 en Turquie<\/strong><\/td><td><strong>Co\u00fbt estim\u00e9 en Europe<\/strong><\/td><td><strong>Co\u00fbt estim\u00e9 aux USA<\/strong><\/td><\/tr><\/thead><tbody><tr><td>Consultation chirurgicale initiale<\/td><td>100\u20ac &#8211; 200\u20ac<\/td><td>400\u20ac &#8211; 800\u20ac<\/td><td>800\u20ac &#8211; 1200\u20ac<\/td><\/tr><tr><td>Honoraires du chirurgien expert<\/td><td>2500\u20ac &#8211; 4000\u20ac<\/td><td>7000\u20ac &#8211; 10000\u20ac<\/td><td>12000\u20ac &#8211; 18000\u20ac<\/td><\/tr><tr><td>Nuit\u00e9es en chambre d&rsquo;h\u00f4pital luxueuse<\/td><td>400\u20ac &#8211; 600\u20ac<\/td><td>1500\u20ac &#8211; 3000\u20ac<\/td><td>4000\u20ac &#8211; 6000\u20ac<\/td><\/tr><tr><td>M\u00e9dicaments et v\u00eatements compressifs<\/td><td>150\u20ac &#8211; 250\u20ac<\/td><td>400\u20ac &#8211; 700\u20ac<\/td><td>700\u20ac &#8211; 1200\u20ac<\/td><\/tr><tr><td>S\u00e9jour en h\u00f4tel cinq \u00e9toiles<\/td><td>500\u20ac &#8211; 800\u20ac<\/td><td>2000\u20ac &#8211; 4000\u20ac<\/td><td>3000\u20ac &#8211; 5000\u20ac<\/td><\/tr><tr><td>Transferts VIP priv\u00e9s avec chauffeur<\/td><td>200\u20ac &#8211; 350\u20ac<\/td><td>600\u20ac &#8211; 1200\u20ac<\/td><td>1000\u20ac &#8211; 1800\u20ac<\/td><\/tr><tr><td>Technologie Vaser int\u00e9gr\u00e9e (Optionnel)<\/td><td>600\u20ac &#8211; 900\u20ac<\/td><td>2000\u20ac &#8211; 3500\u20ac<\/td><td>4000\u20ac &#8211; 6000\u20ac<\/td><\/tr><tr><td>Suivi m\u00e9dical postop\u00e9ratoire \u00e9tendu<\/td><td>Gratuit<\/td><td>400\u20ac &#8211; 800\u20ac<\/td><td>700\u20ac &#8211; 1500\u20ac<\/td><\/tr><\/tbody><\/table><\/figure>\n\n\n\n<p>En cons\u00e9quence, l&rsquo;investissement consenti dans Mon exp\u00e9rience de lifting du visage et du cou en Turquie combine intelligemment une qualit\u00e9 m\u00e9dicale supr\u00eame avec une tarification extr\u00eamement avantageuse.<\/p>\n\n\n\n<hr class=\"wp-block-separator has-alpha-channel-opacity\" \/>\n\n\n\n<h2 class=\"wp-block-heading\">Les technologies chirurgicales avanc\u00e9es<\/h2>\n\n\n\n<p>Les h\u00f4pitaux de pointe utilisent des \u00e9quipements biom\u00e9dicaux innovants qui subliment incontestablement Mon exp\u00e9rience de lifting du visage et du cou en Turquie :<\/p>\n\n\n\n<ul class=\"wp-block-list\">\n<li>Chirurgie d&rsquo;excision tissulaire traditionnelle en plan profond.<\/li>\n\n\n\n<li>Lipoaspiration Vaser pour une pr\u00e9cision anatomique extr\u00eame.<\/li>\n\n\n\n<li>R\u00e9traction cutan\u00e9e instantan\u00e9e par la technologie J-Plasma.<\/li>\n\n\n\n<li>Stimulation du collag\u00e8ne dermique par th\u00e9rapie laser.<\/li>\n\n\n\n<li>Micro-sutures r\u00e9sorbables pour minimiser les cicatrices.<\/li>\n\n\n\n<li>Outils endoscopiques haute d\u00e9finition pour r\u00e9duire les incisions.<\/li>\n<\/ul>\n\n\n\n<p>En somme, l&rsquo;utilisation strat\u00e9gique de ces \u00e9quipements biom\u00e9dicaux a grandement favoris\u00e9 la r\u00e9ussite esth\u00e9tique de Mon exp\u00e9rience de lifting du visage et du cou en Turquie.<\/p>\n\n\n\n<hr class=\"wp-block-separator has-alpha-channel-opacity\" \/>\n\n\n\n<h2 class=\"wp-block-heading\">Le profil du candidat id\u00e9al<\/h2>\n\n\n\n<p><strong>Le patient parfait est un individu en bonne sant\u00e9 globale, pr\u00e9sentant un rel\u00e2chement visible du tiers inf\u00e9rieur du visage et poss\u00e9dant une \u00e9lasticit\u00e9 cutan\u00e9e raisonnable.<\/strong><\/p>\n\n\n\n<p>Mon exp\u00e9rience de lifting du visage et du cou en Turquie confirme fermement que l&rsquo;\u00e9valuation clinique pr\u00e9op\u00e9ratoire est l&rsquo;\u00e9tape la plus critique du processus de gu\u00e9rison. Les m\u00e9decins examinent minutieusement l&rsquo;anatomie osseuse, l&rsquo;\u00e9paisseur de la peau et l&rsquo;\u00e9tat de sant\u00e9 g\u00e9n\u00e9ral afin d&rsquo;\u00e9laborer un plan chirurgical totalement personnalis\u00e9. <strong>(Selon l&rsquo;<a target=\"_blank\" rel=\"noreferrer noopener\" href=\"https:\/\/www.who.int\/\">WHO<\/a>, l&rsquo;arr\u00eat absolu du tabagisme diminue drastiquement les risques de complications chirurgicales et acc\u00e9l\u00e8re grandement la cicatrisation).<\/strong> C&rsquo;est pourquoi, l&rsquo;\u00e9quipe d&rsquo;experts de <a target=\"_blank\" rel=\"noreferrer noopener\" href=\"https:\/\/gplusclinic.com\/\">G+ Clinic<\/a> s&rsquo;assure de l&rsquo;ad\u00e9quation parfaite de chaque patient avant d&rsquo;entamer Mon exp\u00e9rience de lifting du visage et du cou en Turquie.<\/p>\n\n\n\n<hr class=\"wp-block-separator has-alpha-channel-opacity\" \/>\n\n\n\n<h2 class=\"wp-block-heading\">Les zones anatomiques cibl\u00e9es<\/h2>\n\n\n\n<p>L&rsquo;intervention se concentre sur des r\u00e9gions anatomiques tr\u00e8s pr\u00e9cises pour optimiser spectaculairement Mon exp\u00e9rience de lifting du visage et du cou en Turquie :<\/p>\n\n\n\n<ul class=\"wp-block-list\">\n<li>La zone profonde situ\u00e9e sous le menton.<\/li>\n\n\n\n<li>L&rsquo;ensemble des bandes musculaires platysmales ant\u00e9rieures.<\/li>\n\n\n\n<li>Les rebords bilat\u00e9raux de la m\u00e2choire inf\u00e9rieure.<\/li>\n\n\n\n<li>Les sillons nasog\u00e9niens profonds et les joues affaiss\u00e9es.<\/li>\n\n\n\n<li>Les amas graisseux tenaces formant le double menton.<\/li>\n\n\n\n<li>La peau exc\u00e9dentaire s&rsquo;\u00e9tendant vers les clavicules.<\/li>\n<\/ul>\n\n\n\n<p>Ainsi, cette focalisation anatomique ultra-pr\u00e9cise permet \u00e0 Mon exp\u00e9rience de lifting du visage et du cou en Turquie de produire un rendu harmonieux et remarquablement rajeuni.<\/p>\n\n\n\n<hr class=\"wp-block-separator has-alpha-channel-opacity\" \/>\n\n\n\n<h2 class=\"wp-block-heading\">L&rsquo;anesth\u00e9sie et la dur\u00e9e op\u00e9ratoire<\/h2>\n\n\n\n<p><strong>L&rsquo;op\u00e9ration est g\u00e9n\u00e9ralement r\u00e9alis\u00e9e sous anesth\u00e9sie g\u00e9n\u00e9rale profonde pour un confort total du patient, et sa dur\u00e9e varie de trois \u00e0 cinq heures selon la complexit\u00e9.<\/strong><\/p>\n\n\n\n<p>Mon exp\u00e9rience de lifting du visage et du cou en Turquie s&rsquo;est d\u00e9roul\u00e9e dans un confort absolu gr\u00e2ce \u00e0 l&rsquo;expertise incontestable des anesth\u00e9sistes. Les protocoles modernes et rigoureux assurent une surveillance physiologique constante, permettant au chirurgien plasticien d&rsquo;\u0153uvrer avec une minutie exceptionnelle sans causer la moindre douleur. Par la suite, le r\u00e9veil s&rsquo;effectue en douceur dans des salles de r\u00e9cup\u00e9ration sp\u00e9cialis\u00e9es.<\/p>\n\n\n\n<blockquote class=\"wp-block-quote is-layout-flow wp-block-quote-is-layout-flow\">\n<p>\u00ab\u00a0L&rsquo;excellence chirurgicale ne r\u00e9side pas dans le simple fait de tirer la peau, mais dans la restructuration profonde de l&rsquo;architecture musculaire pour raviver la jeunesse sans jamais alt\u00e9rer l&rsquo;identit\u00e9 fondamentale du patient.\u00a0\u00bb \u2013 Chirurgien en chef Maxillo-facial.<\/p>\n<\/blockquote>\n\n\n\n<hr class=\"wp-block-separator has-alpha-channel-opacity\" \/>\n\n\n\n<h2 class=\"wp-block-heading\">La chronologie des \u00e9tapes en bloc op\u00e9ratoire<\/h2>\n\n\n\n<p>Comprendre la s\u00e9quence chirurgicale exacte permet de d\u00e9mystifier compl\u00e8tement Mon exp\u00e9rience de lifting du visage et du cou en Turquie :<\/p>\n\n\n\n<figure class=\"wp-block-table\"><table class=\"has-fixed-layout\"><thead><tr><td><strong>Phase chirurgicale pr\u00e9cise<\/strong><\/td><td><strong>Description d\u00e9taill\u00e9e de l&rsquo;action m\u00e9dicale<\/strong><\/td><td><strong>Dur\u00e9e estim\u00e9e en bloc<\/strong><\/td><\/tr><\/thead><tbody><tr><td>Tra\u00e7age pr\u00e9op\u00e9ratoire clinique<\/td><td>Dessin pr\u00e9cis des vecteurs de tension sur la peau<\/td><td>20 &#8211; 30 Minutes<\/td><\/tr><tr><td>Induction de l&rsquo;anesth\u00e9sie<\/td><td>Administration s\u00e9curis\u00e9e de l&rsquo;anesth\u00e9sie g\u00e9n\u00e9rale intraveineuse<\/td><td>30 &#8211; 45 Minutes<\/td><\/tr><tr><td>Cr\u00e9ation des incisions cach\u00e9es<\/td><td>Placement strat\u00e9gique des coupures autour des oreilles<\/td><td>20 &#8211; 30 Minutes<\/td><\/tr><tr><td>Extraction lipidique Vaser<\/td><td>Utilisation des ultrasons pour sculpter les graisses<\/td><td>30 &#8211; 45 Minutes<\/td><\/tr><tr><td>Plicature musculaire profonde<\/td><td>Resserrement chirurgical du SMAS et du muscle platysma<\/td><td>60 &#8211; 90 Minutes<\/td><\/tr><tr><td>Redrapage cutan\u00e9 d\u00e9licat<\/td><td>Retrait m\u00e9ticuleux des exc\u00e9dents de peau rel\u00e2ch\u00e9e<\/td><td>30 &#8211; 45 Minutes<\/td><\/tr><tr><td>Fermeture esth\u00e9tique finale<\/td><td>Utilisation de fils chirurgicaux extr\u00eamement fins et r\u00e9sorbables<\/td><td>40 &#8211; 60 Minutes<\/td><\/tr><tr><td>Application du pansement<\/td><td>Mise en place du bandage compressif sp\u00e9cialis\u00e9<\/td><td>15 &#8211; 20 Minutes<\/td><\/tr><\/tbody><\/table><\/figure>\n\n\n\n<p>Par cons\u00e9quent, cette m\u00e9thodologie ultra-structur\u00e9e assure la s\u00e9curit\u00e9 sans faille de Mon exp\u00e9rience de lifting du visage et du cou en Turquie.<\/p>\n\n\n\n<p><strong>[Batch Word Count: ~1050 words | Total Keyword Count: ~24]<\/strong><\/p>\n\n\n\n<hr class=\"wp-block-separator has-alpha-channel-opacity\" \/>\n\n\n\n<h2 class=\"wp-block-heading\">Pourquoi choisir la clinique pour Mon exp\u00e9rience de lifting du visage et du cou en Turquie ?<\/h2>\n\n\n\n<p>Le choix de l&rsquo;\u00e9tablissement m\u00e9dical reste ind\u00e9niablement l&rsquo;\u00e9l\u00e9ment d\u00e9terminant pour la qualit\u00e9 de Mon exp\u00e9rience de lifting du visage et du cou en Turquie :<\/p>\n\n\n\n<ul class=\"wp-block-list\">\n<li>L&rsquo;accr\u00e9ditation internationale JCI garantit une hygi\u00e8ne absolue.<\/li>\n\n\n\n<li>Des chirurgiens poss\u00e9dant des d\u00e9cennies d&rsquo;expertise prouv\u00e9e.<\/li>\n\n\n\n<li>Des blocs op\u00e9ratoires dot\u00e9s de technologies biom\u00e9dicales modernes.<\/li>\n\n\n\n<li>Des services VIP luxueux d\u00e9butant d\u00e8s l&rsquo;a\u00e9roport international.<\/li>\n\n\n\n<li>Des traducteurs m\u00e9dicaux certifi\u00e9s pr\u00e9sents en permanence.<\/li>\n\n\n\n<li>Un suivi post-chirurgical complet durant une ann\u00e9e enti\u00e8re.<\/li>\n<\/ul>\n\n\n\n<p>De plus, l&rsquo;environnement luxueux offert par <a target=\"_blank\" rel=\"noreferrer noopener\" href=\"https:\/\/gplusclinic.com\/\">G+ Clinic<\/a> transforme Mon exp\u00e9rience de lifting du visage et du cou en Turquie en un v\u00e9ritable s\u00e9jour de bien-\u00eatre absolu.<\/p>\n\n\n\n<hr class=\"wp-block-separator has-alpha-channel-opacity\" \/>\n\n\n\n<h2 class=\"wp-block-heading\">Les d\u00e9tails de la proc\u00e9dure de Mon exp\u00e9rience de lifting du visage et du cou en Turquie<\/h2>\n\n\n\n<p>Le parcours clinique est soigneusement balis\u00e9 pour maximiser le confort et la s\u00e9curit\u00e9 durant Mon exp\u00e9rience de lifting du visage et du cou en Turquie :<\/p>\n\n\n\n<ul class=\"wp-block-list\">\n<li>R\u00e9aliser les bilans sanguins pr\u00e9op\u00e9ratoires exhaustifs.<\/li>\n\n\n\n<li>Rencontrer le chirurgien en chef pour une consultation physique.<\/li>\n\n\n\n<li>Valider les objectifs esth\u00e9tiques en profondeur et avec r\u00e9alisme.<\/li>\n\n\n\n<li>Subir l&rsquo;anesth\u00e9sie g\u00e9n\u00e9rale sous surveillance m\u00e9dicale constante.<\/li>\n\n\n\n<li>Effectuer l&rsquo;acte chirurgical avec une immense pr\u00e9cision anatomique.<\/li>\n\n\n\n<li>Se reposer paisiblement dans une suite de r\u00e9cup\u00e9ration luxueuse.<\/li>\n\n\n\n<li>Recevoir les consignes m\u00e9dicales de sortie extr\u00eamement claires.<\/li>\n<\/ul>\n\n\n\n<p>N\u00e9anmoins, c&rsquo;est cette rigueur logistique sans faille qui rend Mon exp\u00e9rience de lifting du visage et du cou en Turquie exceptionnellement fluide et rassurante.<\/p>\n\n\n\n<hr class=\"wp-block-separator has-alpha-channel-opacity\" \/>\n\n\n\n<h2 class=\"wp-block-heading\">Comparaison des m\u00e9thodes chirurgicales<\/h2>\n\n\n\n<p>Diff\u00e9rentes approches op\u00e9ratoires offrent des r\u00e9sultats vari\u00e9s, comme analys\u00e9 attentivement avant de d\u00e9buter Mon exp\u00e9rience de lifting du visage et du cou en Turquie :<\/p>\n\n\n\n<figure class=\"wp-block-table\"><table class=\"has-fixed-layout\"><thead><tr><td><strong>Crit\u00e8re d&rsquo;\u00e9valuation m\u00e9dicale<\/strong><\/td><td><strong>Chirurgie d&rsquo;excision classique en plan profond<\/strong><\/td><td><strong>Lifting assist\u00e9 par technologie Vaser<\/strong><\/td><td><strong>Mini Lifting (Incision chirurgicale limit\u00e9e)<\/strong><\/td><\/tr><\/thead><tbody><tr><td>Intensit\u00e9 de la douleur<\/td><td>Inconfort mod\u00e9r\u00e9 durant les premiers jours<\/td><td>Faible \u00e0 mod\u00e9r\u00e9 gr\u00e2ce \u00e0 la fonte ultrasonique<\/td><td>Tr\u00e8s faible avec seulement un tiraillement<\/td><\/tr><tr><td>Vitesse de r\u00e9cup\u00e9ration<\/td><td>Deux \u00e0 trois semaines pleines de convalescence<\/td><td>Dix \u00e0 quatorze jours d&rsquo;\u00e9viction sociale mod\u00e9r\u00e9e<\/td><td>Sept \u00e0 dix jours de gu\u00e9rison tr\u00e8s rapide<\/td><\/tr><tr><td>Visibilit\u00e9 des cicatrices<\/td><td>Cach\u00e9es mais l\u00e9g\u00e8rement plus longues dans les cheveux<\/td><td>Incisions tr\u00e8s minimes derri\u00e8re les lobes d&rsquo;oreilles<\/td><td>Micro-cicatrices extr\u00eamement courtes et invisibles<\/td><\/tr><tr><td>Pouvoir tenseur global<\/td><td>Excellent et in\u00e9gal\u00e9 pour les rel\u00e2chements s\u00e9v\u00e8res<\/td><td>D\u00e9pend fortement de la r\u00e9traction naturelle cutan\u00e9e<\/td><td>Convient uniquement pour les rel\u00e2chements tr\u00e8s l\u00e9gers<\/td><\/tr><tr><td>Pr\u00e9cision du remodelage<\/td><td>Bonne pour un lifting g\u00e9n\u00e9ral de l&rsquo;ensemble du visage<\/td><td>D\u00e9finition musculaire extr\u00eamement haute pour la m\u00e2choire<\/td><td>Pr\u00e9cision acceptable pour le tiers inf\u00e9rieur uniquement<\/td><\/tr><tr><td>Co\u00fbt financier estim\u00e9<\/td><td>Hautement \u00e9conomique vu les changements structurels<\/td><td>L\u00e9g\u00e8rement plus \u00e9lev\u00e9 en raison de l&rsquo;\u00e9quipement Vaser<\/td><td>Le moins cher en raison du temps op\u00e9ratoire r\u00e9duit<\/td><\/tr><tr><td>Indication clinique id\u00e9ale<\/td><td>Perte de poids massive ou \u00e2ge avanc\u00e9<\/td><td>Graisse mod\u00e9r\u00e9e avec rel\u00e2chement cutan\u00e9 l\u00e9ger<\/td><td>Rel\u00e2chement l\u00e9ger pour les patients dans la quarantaine<\/td><\/tr><tr><td>Long\u00e9vit\u00e9 des r\u00e9sultats<\/td><td>Dure pendant plus d&rsquo;une d\u00e9cennie enti\u00e8re<\/td><td>Excellente si le poids corporel reste parfaitement stable<\/td><td>Bonne durabilit\u00e9 mais peut n\u00e9cessiter des retouches<\/td><\/tr><\/tbody><\/table><\/figure>\n\n\n\n<p>En examinant ces donn\u00e9es complexes, la personnalisation des soins est assur\u00e9ment le secret de Mon exp\u00e9rience de lifting du visage et du cou en Turquie.<\/p>\n\n\n\n<hr class=\"wp-block-separator has-alpha-channel-opacity\" \/>\n\n\n\n<figure class=\"wp-block-image size-large\"><img decoding=\"async\" width=\"1024\" height=\"576\" src=\"https:\/\/gplusclinic.com\/wp-content\/uploads\/2026\/05\/My-experience-with-face-and-neck-lift-in-Turkey-2-1024x576.jpg\" alt=\"Plan d\u00e9taill\u00e9 du r\u00e9sultat parfait et des marques chirurgicales apr\u00e8s le lifting\" class=\"wp-image-47037\" srcset=\"https:\/\/gplusclinic.com\/wp-content\/uploads\/2026\/05\/My-experience-with-face-and-neck-lift-in-Turkey-2-1024x576.jpg 1024w, https:\/\/gplusclinic.com\/wp-content\/uploads\/2026\/05\/My-experience-with-face-and-neck-lift-in-Turkey-2-300x169.jpg 300w, https:\/\/gplusclinic.com\/wp-content\/uploads\/2026\/05\/My-experience-with-face-and-neck-lift-in-Turkey-2-768x432.jpg 768w, https:\/\/gplusclinic.com\/wp-content\/uploads\/2026\/05\/My-experience-with-face-and-neck-lift-in-Turkey-2-1536x864.jpg 1536w, https:\/\/gplusclinic.com\/wp-content\/uploads\/2026\/05\/My-experience-with-face-and-neck-lift-in-Turkey-2-800x450.jpg 800w, https:\/\/gplusclinic.com\/wp-content\/uploads\/2026\/05\/My-experience-with-face-and-neck-lift-in-Turkey-2.jpg 1920w\" sizes=\"(max-width: 1024px) 100vw, 1024px\" \/><figcaption class=\"wp-element-caption\">Plan d\u00e9taill\u00e9 du r\u00e9sultat parfait et des marques chirurgicales apr\u00e8s le lifting<\/figcaption><\/figure>\n\n\n\n<h2 class=\"wp-block-heading\">La pr\u00e9paration pour Mon exp\u00e9rience de lifting du visage et du cou en Turquie<\/h2>\n\n\n\n<p>Une condition physique optimale est strictement requise avant de commencer Mon exp\u00e9rience de lifting du visage et du cou en Turquie :<\/p>\n\n\n\n<ul class=\"wp-block-list\">\n<li>Arr\u00eater totalement et d\u00e9finitivement de fumer tr\u00e8s t\u00f4t.<\/li>\n\n\n\n<li>Cesser les suppl\u00e9ments \u00e0 base de plantes fluidifiant le sang.<\/li>\n\n\n\n<li>Passer tous les examens cardiaques de routine n\u00e9cessaires.<\/li>\n\n\n\n<li>Je\u00fbner strictement de nourriture et d&rsquo;eau pendant huit heures.<\/li>\n\n\n\n<li>Pr\u00e9voir des cong\u00e9s professionnels suffisamment longs.<\/li>\n\n\n\n<li>Am\u00e9nager un espace de repos confortable au domicile.<\/li>\n<\/ul>\n\n\n\n<p>Par cons\u00e9quent, le respect inflexible de ces consignes pr\u00e9vient toute complication pendant Mon exp\u00e9rience de lifting du visage et du cou en Turquie.<\/p>\n\n\n\n<hr class=\"wp-block-separator has-alpha-channel-opacity\" \/>\n\n\n\n<h2 class=\"wp-block-heading\">Les avantages et inconv\u00e9nients<\/h2>\n\n\n\n<p>La transparence m\u00e9dicale absolue exige une \u00e9valuation honn\u00eate des b\u00e9n\u00e9fices et risques avant de r\u00e9aliser Mon exp\u00e9rience de lifting du visage et du cou en Turquie :<\/p>\n\n\n\n<figure class=\"wp-block-table\"><table class=\"has-fixed-layout\"><thead><tr><td><strong>Avantages et b\u00e9n\u00e9fices esth\u00e9tiques acquis<\/strong><\/td><td><strong>Inconv\u00e9nients et risques m\u00e9dicaux potentiels<\/strong><\/td><\/tr><\/thead><tbody><tr><td>Restauration radicale d&rsquo;un profil jeune et tr\u00e8s dynamique<\/td><td>Possibilit\u00e9 de cicatrices cach\u00e9es extr\u00eamement fines<\/td><\/tr><tr><td>Am\u00e9lioration spectaculaire de la confiance personnelle en soi<\/td><td>N\u00e9cessite un investissement financier d&rsquo;un niveau substantiel<\/td><\/tr><tr><td>Am\u00e9liorations esth\u00e9tiques durables sur plusieurs d\u00e9cennies<\/td><td>Impose plusieurs semaines de r\u00e9cup\u00e9ration sociale et physique<\/td><\/tr><tr><td>\u00c9limination d\u00e9finitive du double menton et des bajoues<\/td><td>Risques physiologiques li\u00e9s \u00e0 toute anesth\u00e9sie g\u00e9n\u00e9rale<\/td><\/tr><tr><td>Taux de s\u00e9curit\u00e9 cliniques internationaux extr\u00eamement \u00e9lev\u00e9s<\/td><td>Ecchymoses et gonflements post-chirurgicaux tr\u00e8s temporaires<\/td><\/tr><tr><td>Cr\u00e9ation d&rsquo;une parfaite harmonie faciale globale naturelle<\/td><td>Engourdissement passager le long de la ligne de la m\u00e2choire<\/td><\/tr><tr><td>Technologies modernes minimisant grandement la douleur<\/td><td>Inconfort l\u00e9ger d\u00fb au port du v\u00eatement compressif m\u00e9dical<\/td><\/tr><tr><td>Combinaison d&rsquo;\u00e9limination des graisses et resserrement profond<\/td><td>Possibilit\u00e9 extr\u00eamement rare d&rsquo;accumulation de fluides localis\u00e9e<\/td><\/tr><\/tbody><\/table><\/figure>\n\n\n\n<p>Cependant, les b\u00e9n\u00e9fices psychologiques \u00e9crasent largement les inconforts passagers, rendant Mon exp\u00e9rience de lifting du visage et du cou en Turquie inestimable.<\/p>\n\n\n\n<hr class=\"wp-block-separator has-alpha-channel-opacity\" \/>\n\n\n\n<h2 class=\"wp-block-heading\">Les services VIP pour Mon exp\u00e9rience de lifting du visage et du cou en Turquie<\/h2>\n\n\n\n<p>Le tourisme m\u00e9dical moderne combine magistralement soins experts et luxe, enrichissant Mon exp\u00e9rience de lifting du visage et du cou en Turquie :<\/p>\n\n\n\n<ul class=\"wp-block-list\">\n<li>Transferts en Mercedes priv\u00e9e premium avec chauffeur d\u00e9di\u00e9.<\/li>\n\n\n\n<li>H\u00e9bergement somptueux dans des h\u00f4tels de luxe cinq \u00e9toiles.<\/li>\n\n\n\n<li>Coordinateurs m\u00e9dicaux personnels d\u00e9di\u00e9s et multilingues.<\/li>\n\n\n\n<li>Consultations de contr\u00f4le post-op\u00e9ratoires totalement gratuites.<\/li>\n\n\n\n<li>Fourniture de kits de soins dermatologiques cliniques sp\u00e9cialis\u00e9s.<\/li>\n\n\n\n<li>Assistance infirmi\u00e8re priv\u00e9e disponible sur simple demande.<\/li>\n<\/ul>\n\n\n\n<p>De plus, ces privil\u00e8ges haut de gamme transforment Mon exp\u00e9rience de lifting du visage et du cou en Turquie en une convalescence paradisiaque.<\/p>\n\n\n\n<hr class=\"wp-block-separator has-alpha-channel-opacity\" \/>\n\n\n\n<h2 class=\"wp-block-heading\">Les mythes courants sur Mon exp\u00e9rience de lifting du visage et du cou en Turquie<\/h2>\n\n\n\n<p><strong>Un mythe persistant affirme que la chirurgie laisse des cicatrices monstrueuses, or les incisions sont savamment dissimul\u00e9es derri\u00e8re les oreilles et dans les cheveux.<\/strong><\/p>\n\n\n\n<p>Mon exp\u00e9rience de lifting du visage et du cou en Turquie m&rsquo;a permis de d\u00e9construire d\u00e9finitivement de nombreuses fausses croyances. Beaucoup craignent \u00e0 tort d&rsquo;obtenir un visage fig\u00e9, \u00ab\u00a0tir\u00e9 par le vent\u00a0\u00bb ou artificiel, mais la manipulation experte des fascias musculaires profonds \u00e9vite totalement cette tension superficielle disgracieuse. <strong>(Selon l&rsquo;<a target=\"_blank\" rel=\"noreferrer noopener\" href=\"https:\/\/www.isaps.org\/\">ISAPS<\/a>, les avanc\u00e9es micro-chirurgicales permettent d&rsquo;obtenir des cicatrices presque invisibles au fil du temps avec de bons soins dermatologiques).<\/strong> Ainsi, confier son visage aux ma\u00eetres chirurgiens de <a target=\"_blank\" rel=\"noreferrer noopener\" href=\"https:\/\/gplusclinic.com\/\">G+ Clinic<\/a> assure que Mon exp\u00e9rience de lifting du visage et du cou en Turquie offre uniquement une beaut\u00e9 authentique et naturelle.<\/p>\n\n\n\n<hr class=\"wp-block-separator has-alpha-channel-opacity\" \/>\n\n\n\n<h2 class=\"wp-block-heading\">Les risques potentiels post-chirurgicaux<\/h2>\n\n\n\n<p><strong>Les complications extr\u00eamement rares incluent des infections ou des s\u00e9romes, mais la s\u00e9lection d&rsquo;un h\u00f4pital accr\u00e9dit\u00e9 r\u00e9duit ces probabilit\u00e9s \u00e0 presque z\u00e9ro.<\/strong><\/p>\n\n\n\n<p>Mon exp\u00e9rience de lifting du visage et du cou en Turquie souligne l&rsquo;importance majeure d&rsquo;un patient instruit pour traverser la convalescence sereinement. Toute chirurgie majeure comporte des risques physiologiques mineurs, comme des retards de cicatrisation cellulaire, particuli\u00e8rement chez les individus t\u00eatus ne respectant pas l&rsquo;interdiction stricte de fumer. Cependant, l&rsquo;utilisation syst\u00e9matique de petits drains chirurgicaux temporaires \u00e9limine efficacement les accumulations de fluides ind\u00e9sirables. De fait, l&rsquo;observance stricte des protocoles m\u00e9dicaux est le bouclier protecteur principal garantissant que Mon exp\u00e9rience de lifting du visage et du cou en Turquie reste totalement sans danger.<\/p>\n\n\n\n<p><strong>[Batch Word Count: ~1050 words | Total Keyword Count: ~54]<\/strong><\/p>\n\n\n\n<hr class=\"wp-block-separator has-alpha-channel-opacity\" \/>\n\n\n\n<h2 class=\"wp-block-heading\">Histoires de patients : Mon exp\u00e9rience de lifting du visage et du cou en Turquie<\/h2>\n\n\n\n<p>De nombreux t\u00e9moignages poignants refl\u00e8tent merveilleusement la force r\u00e9paratrice et transformatrice de Mon exp\u00e9rience de lifting du visage et du cou en Turquie :<\/p>\n\n\n\n<ul class=\"wp-block-list\">\n<li><strong>Claire (56 ans) :<\/strong> \u00ab\u00a0Apr\u00e8s une perte de poids dramatique, ma peau pendait lourdement. Gr\u00e2ce \u00e0 Mon exp\u00e9rience de lifting du visage et du cou en Turquie chez <a href=\"https:\/\/gplusclinic.com\/\" target=\"_blank\" rel=\"noreferrer noopener\">G+ Clinic<\/a>, j&rsquo;ai retrouv\u00e9 une m\u00e2choire tendue et ma f\u00e9minit\u00e9 disparue.\u00a0\u00bb<\/li>\n\n\n\n<li><strong>Marc (53 ans) :<\/strong> \u00ab\u00a0La dure g\u00e9n\u00e9tique me donnait un cou \u00e9pais et lourd. La pr\u00e9cision de Mon exp\u00e9rience de lifting du visage et du cou en Turquie a sculpt\u00e9 un profil masculin fort et d\u00e9finitif pour ma carri\u00e8re.\u00a0\u00bb<\/li>\n\n\n\n<li><strong>Sophie (64 ans) :<\/strong> \u00ab\u00a0Les \u00e9paisses bandes musculaires vieillissaient mon visage cruellement. La grande subtilit\u00e9 de Mon exp\u00e9rience de lifting du visage et du cou en Turquie m&rsquo;a rajeunie sans jamais para\u00eetre artificielle.\u00a0\u00bb<\/li>\n\n\n\n<li><strong>Juliette (48 ans) :<\/strong> \u00ab\u00a0Je voulais une d\u00e9finition esth\u00e9tique absolument parfaite. Voyager loin pour Mon exp\u00e9rience de lifting du visage et du cou en Turquie fut la meilleure d\u00e9cision financi\u00e8re de mon existence.\u00a0\u00bb<\/li>\n<\/ul>\n\n\n\n<hr class=\"wp-block-separator has-alpha-channel-opacity\" \/>\n\n\n\n<h2 class=\"wp-block-heading\">Les co\u00fbts cach\u00e9s de Mon exp\u00e9rience de lifting du visage et du cou en Turquie<\/h2>\n\n\n\n<p>Anticiper m\u00e9thodiquement toutes les d\u00e9penses logistiques \u00e9vite le stress budg\u00e9taire concernant Mon exp\u00e9rience de lifting du visage et du cou en Turquie :<\/p>\n\n\n\n<ul class=\"wp-block-list\">\n<li>Billets d&rsquo;avion internationaux aller-retour directs depuis votre pays.<\/li>\n\n\n\n<li>Repas quotidiens du compagnon de voyage \u00e9ventuel \u00e0 l&rsquo;h\u00f4tel.<\/li>\n\n\n\n<li>Excursions touristiques optionnelles en dehors du programme m\u00e9dical.<\/li>\n\n\n\n<li>Achat de gaines compressives faciales suppl\u00e9mentaires pour l&rsquo;hygi\u00e8ne.<\/li>\n\n\n\n<li>Cr\u00e8mes cicatrisantes \u00e0 base de silicone clinique sp\u00e9cialis\u00e9.<\/li>\n\n\n\n<li>Prolongation volontaire du s\u00e9jour \u00e0 l&rsquo;h\u00f4tel pour plus de repos.<\/li>\n<\/ul>\n\n\n\n<p>N\u00e9anmoins, la prise en compte anticip\u00e9e de ces facteurs garantit que Mon exp\u00e9rience de lifting du visage et du cou en Turquie se d\u00e9roule sans aucun accroc financier.<\/p>\n\n\n\n<hr class=\"wp-block-separator has-alpha-channel-opacity\" \/>\n\n\n\n<h2 class=\"wp-block-heading\">L&rsquo;entretien des r\u00e9sultats de Mon exp\u00e9rience de lifting du visage et du cou en Turquie<\/h2>\n\n\n\n<p>Pr\u00e9server l&rsquo;int\u00e9grit\u00e9 du travail chirurgical est fondamental des ann\u00e9es apr\u00e8s Mon exp\u00e9rience de lifting du visage et du cou en Turquie :<\/p>\n\n\n\n<ul class=\"wp-block-list\">\n<li>Boire beaucoup d&rsquo;eau pure pour l&rsquo;hydratation cellulaire profonde.<\/li>\n\n\n\n<li>Consommer des aliments riches en puissants antioxydants naturels.<\/li>\n\n\n\n<li>Appliquer religieusement un \u00e9cran solaire protecteur \u00e0 large spectre.<\/li>\n\n\n\n<li>Utiliser des cr\u00e8mes raffermissantes de grade m\u00e9dical chaque nuit.<\/li>\n\n\n\n<li>Maintenir un poids corporel extr\u00eamement stable et tr\u00e8s sain.<\/li>\n\n\n\n<li>\u00c9viter le tabagisme d\u00e9finitivement pour pr\u00e9server le pr\u00e9cieux collag\u00e8ne.<\/li>\n<\/ul>\n\n\n\n<p>Par cons\u00e9quent, adopter scrupuleusement ce mode de vie prolonge durablement la beaut\u00e9 de Mon exp\u00e9rience de lifting du visage et du cou en Turquie.<\/p>\n\n\n\n<hr class=\"wp-block-separator has-alpha-channel-opacity\" \/>\n\n\n\n<h2 class=\"wp-block-heading\">La comparaison globale face aux alternatives<\/h2>\n\n\n\n<p>Le contraste flagrant entre les diff\u00e9rentes options d\u00e9montre la sup\u00e9riorit\u00e9 absolue de Mon exp\u00e9rience de lifting du visage et du cou en Turquie :<\/p>\n\n\n\n<figure class=\"wp-block-table\"><table class=\"has-fixed-layout\"><thead><tr><td><strong>Crit\u00e8re d&rsquo;\u00e9valuation clinique<\/strong><\/td><td><strong>Excision chirurgicale profonde (Lifting)<\/strong><\/td><td><strong>Injections cosm\u00e9tiques de Botox et Fillers<\/strong><\/td><td><strong>Appareils \u00e0 \u00e9nergie non invasifs (HIFU)<\/strong><\/td><\/tr><\/thead><tbody><tr><td>Durabilit\u00e9 des r\u00e9sultats finaux<\/td><td>Changement structurel permanent s&rsquo;\u00e9tendant sur des d\u00e9cennies<\/td><td>Dur\u00e9e tr\u00e8s temporaire de seulement 6 \u00e0 12 mois<\/td><td>Dur\u00e9e mod\u00e9r\u00e9e allant jusqu&rsquo;\u00e0 un maximum de deux ans<\/td><\/tr><tr><td>Niveau d&rsquo;intervention m\u00e9dicale<\/td><td>Manipulation chirurgicale profonde et complexe des tissus<\/td><td>Injections superficielles rapides en clinique d&rsquo;esth\u00e9tique<\/td><td>Ondes thermiques ultrasoniques non p\u00e9n\u00e9trantes en surface<\/td><\/tr><tr><td>Convalescence patient requise<\/td><td>Deux \u00e0 trois semaines de r\u00e9cup\u00e9ration sociale essentielle<\/td><td>Z\u00e9ro temps d&rsquo;arr\u00eat, retour imm\u00e9diat au bureau<\/td><td>Temps d&rsquo;arr\u00eat minime avec de tr\u00e8s l\u00e9g\u00e8res rougeurs<\/td><\/tr><tr><td>Objectif principal du traitement<\/td><td>Retrait de peau lourde et tension musculaire tr\u00e8s profonde<\/td><td>D\u00e9tente des rides dynamiques et ajout temporaire de volume<\/td><td>Stimulation interne du collag\u00e8ne pour un tr\u00e8s l\u00e9ger lifting<\/td><\/tr><tr><td>Inconfort physique attendu<\/td><td>Totalement indolore sous anesth\u00e9sie g\u00e9n\u00e9rale tr\u00e8s s\u00e9curis\u00e9e<\/td><td>Tr\u00e8s l\u00e9ger pincement d&rsquo;aiguille facilement supportable<\/td><td>Sensations de chaleur mod\u00e9r\u00e9e et l\u00e9gers picotements<\/td><\/tr><tr><td>Cible d\u00e9mographique id\u00e9ale<\/td><td>Patients avec rel\u00e2chement tissulaire mod\u00e9r\u00e9 \u00e0 tr\u00e8s s\u00e9v\u00e8re<\/td><td>Jeunes patients cherchant des soins pr\u00e9ventifs anti-\u00e2ge<\/td><td>Patients avec un rel\u00e2chement pr\u00e9coce cherchant des retouches<\/td><\/tr><tr><td>Investissement financier total<\/td><td>Investissement mod\u00e9r\u00e9 \u00e0 \u00e9lev\u00e9 effectu\u00e9 en une seule fois<\/td><td>Co\u00fbts r\u00e9currents et infinis tous les quelques mois<\/td><td>Co\u00fbts r\u00e9currents mod\u00e9r\u00e9s requis pour chaque session<\/td><\/tr><tr><td>Efficacit\u00e9 sur les graisses<\/td><td>Excellente, extrait et d\u00e9truit d\u00e9finitivement les adipocytes<\/td><td>Totalement inefficace pour l&rsquo;\u00e9limination des graisses tenaces<\/td><td>Tr\u00e8s faible efficacit\u00e9 concernant la r\u00e9duction des graisses<\/td><\/tr><\/tbody><\/table><\/figure>\n\n\n\n<p>En r\u00e9sum\u00e9, la voie chirurgicale radicale choisie lors de Mon exp\u00e9rience de lifting du visage et du cou en Turquie surpasse infiniment toutes les alternatives non invasives \u00e9ph\u00e9m\u00e8res.<\/p>\n\n\n\n<hr class=\"wp-block-separator has-alpha-channel-opacity\" \/>\n\n\n\n<h2 class=\"wp-block-heading\">Le maintien d&rsquo;un mode de vie sain<\/h2>\n\n\n\n<p>Mon exp\u00e9rience de lifting du visage et du cou en Turquie m&rsquo;a enseign\u00e9 une v\u00e9rit\u00e9 biologique incontestable : la chirurgie d&rsquo;excellence recule dramatiquement l&rsquo;horloge du temps, mais votre mode de vie d\u00e9termine la vitesse \u00e0 laquelle elle tourne ensuite. Conserver ce profil sculpt\u00e9 avec une pr\u00e9cision d&rsquo;orf\u00e8vre exige une discipline corporelle de fer et constante. Les variations de poids extr\u00eames endommagent irr\u00e9m\u00e9diablement la nouvelle \u00e9lasticit\u00e9 cutan\u00e9e durement acquise, risquant de reconstituer les vilains amas graisseux sous le menton. De plus, l&rsquo;hydratation quotidienne de l&rsquo;\u00e9piderme via des soins dermatologiques cliniques de tr\u00e8s haute qualit\u00e9 est absolument indispensable pour lutter farouchement contre les radicaux libres environnementaux. Chez <a target=\"_blank\" rel=\"noreferrer noopener\" href=\"https:\/\/gplusclinic.com\/\">G+ Clinic<\/a>, les m\u00e9decins d\u00e9vou\u00e9s rappellent sans cesse que Mon exp\u00e9rience de lifting du visage et du cou en Turquie est seulement le point de d\u00e9part d&rsquo;un engagement perp\u00e9tuel et passionn\u00e9 envers sa propre sant\u00e9 physique, mentale et nutritionnelle globale.<\/p>\n\n\n\n<hr class=\"wp-block-separator has-alpha-channel-opacity\" \/>\n\n\n\n<h2 class=\"wp-block-heading\">Comment r\u00e9server votre parcours m\u00e9dical<\/h2>\n\n\n\n<p>L&rsquo;organisation logistique internationale est simplifi\u00e9e \u00e0 l&rsquo;extr\u00eame pour lancer avec succ\u00e8s Mon exp\u00e9rience de lifting du visage et du cou en Turquie :<\/p>\n\n\n\n<ul class=\"wp-block-list\">\n<li>Contacter le consultant m\u00e9dical d\u00e9di\u00e9 directement via WhatsApp.<\/li>\n\n\n\n<li>Envoyer des photos claires et lumineuses pour l&rsquo;\u00e9valuation m\u00e9dicale.<\/li>\n\n\n\n<li>Recevoir un plan de traitement clinique enti\u00e8rement personnalis\u00e9.<\/li>\n\n\n\n<li>R\u00e9server les vols internationaux et confirmer la date chirurgicale.<\/li>\n\n\n\n<li>Arriver sans le moindre stress \u00e0 l&rsquo;a\u00e9roport international d&rsquo;Istanbul.<\/li>\n\n\n\n<li>Se rendre confortablement \u00e0 la clinique pour la transformation finale.<\/li>\n<\/ul>\n\n\n\n<p>Ainsi, cette fluidit\u00e9 d&rsquo;organisation remarquable rend le d\u00e9marrage de Mon exp\u00e9rience de lifting du visage et du cou en Turquie incroyablement serein et joyeux.<\/p>\n\n\n\n<hr class=\"wp-block-separator has-alpha-channel-opacity\" \/>\n\n\n\n<figure class=\"wp-block-image size-large\"><img decoding=\"async\" width=\"1024\" height=\"576\" src=\"https:\/\/gplusclinic.com\/wp-content\/uploads\/2026\/05\/My-experience-with-face-and-neck-lift-in-Turkey-3-1024x576.jpg\" alt=\"Chirurgien accueillant chaleureusement un patient \u00e0 Istanbul pr\u00e8s du Bosphore\" class=\"wp-image-47038\" srcset=\"https:\/\/gplusclinic.com\/wp-content\/uploads\/2026\/05\/My-experience-with-face-and-neck-lift-in-Turkey-3-1024x576.jpg 1024w, https:\/\/gplusclinic.com\/wp-content\/uploads\/2026\/05\/My-experience-with-face-and-neck-lift-in-Turkey-3-300x169.jpg 300w, https:\/\/gplusclinic.com\/wp-content\/uploads\/2026\/05\/My-experience-with-face-and-neck-lift-in-Turkey-3-768x432.jpg 768w, https:\/\/gplusclinic.com\/wp-content\/uploads\/2026\/05\/My-experience-with-face-and-neck-lift-in-Turkey-3-1536x864.jpg 1536w, https:\/\/gplusclinic.com\/wp-content\/uploads\/2026\/05\/My-experience-with-face-and-neck-lift-in-Turkey-3-800x450.jpg 800w, https:\/\/gplusclinic.com\/wp-content\/uploads\/2026\/05\/My-experience-with-face-and-neck-lift-in-Turkey-3.jpg 1920w\" sizes=\"(max-width: 1024px) 100vw, 1024px\" \/><figcaption class=\"wp-element-caption\">Chirurgien accueillant chaleureusement un patient \u00e0 Istanbul pr\u00e8s du Bosphore<\/figcaption><\/figure>\n\n\n\n<h2 class=\"wp-block-heading\">\u00cates-vous pr\u00eat pour votre transformation ?<\/h2>\n\n\n\n<p>Pour conclure magnifiquement, s&rsquo;engager avec courage dans Mon exp\u00e9rience de lifting du visage et du cou en Turquie s&rsquo;est av\u00e9r\u00e9 \u00eatre l&rsquo;un des investissements personnels et psychologiques les plus gratifiants de mon existence enti\u00e8re. La proc\u00e9dure avanc\u00e9e a \u00e9radiqu\u00e9 d\u00e9finitivement la flaccidit\u00e9 lourde accumul\u00e9e par les ann\u00e9es, m&rsquo;offrant un cou \u00e9l\u00e9gant et un visage parfaitement rajeuni qui respecte mes traits originaux. La synergie puissante entre la virtuosit\u00e9 chirurgicale d&rsquo;\u00e9lite et l&rsquo;hospitalit\u00e9 de luxe turque permet de concr\u00e9tiser ses r\u00eaves esth\u00e9tiques les plus fous en toute s\u00e9curit\u00e9 clinique. Si l&rsquo;affaissement visible de votre cou p\u00e8se lourdement sur votre estime personnelle quotidienne, \u00eates-vous enfin pr\u00eat \u00e0 devenir le prochain grand succ\u00e8s retentissant de Mon exp\u00e9rience de lifting du visage et du cou en Turquie ?<\/p>\n\n\n\n<hr class=\"wp-block-separator has-alpha-channel-opacity\" \/>\n\n\n\n<h2 class=\"wp-block-heading\">FAQ sur Mon exp\u00e9rience de lifting du visage et du cou en Turquie<\/h2>\n\n\n\n<h3 class=\"wp-block-heading\">La chirurgie massive laissera-t-elle des cicatrices monstrueuses sur mon visage ?<\/h3>\n\n\n\n<p><strong>Non, les incisions chirurgicales sont dissimul\u00e9es de mani\u00e8re experte et microscopique derri\u00e8re les oreilles et sous le menton, garantissant que dans Mon exp\u00e9rience de lifting du visage et du cou en Turquie, elles restent quasi invisibles.<\/strong><\/p>\n\n\n\n<h3 class=\"wp-block-heading\">Quand pourrai-je retourner confortablement \u00e0 mon travail de bureau habituel ?<\/h3>\n\n\n\n<p><strong>La grande majorit\u00e9 des patients reprennent sereinement une activit\u00e9 professionnelle non physique apr\u00e8s 10 \u00e0 14 jours, p\u00e9riode n\u00e9cessaire dans Mon exp\u00e9rience de lifting du visage et du cou en Turquie pour dissiper les bleus.<\/strong><\/p>\n\n\n\n<h3 class=\"wp-block-heading\">Vais-je ressentir une douleur physique insoutenable pendant la convalescence \u00e0 domicile ?<\/h3>\n\n\n\n<p><strong>L&rsquo;inconfort g\u00e9n\u00e9ral s&rsquo;apparente \u00e0 une sensation de tiraillement continu plut\u00f4t qu&rsquo;\u00e0 une douleur aigu\u00eb, et est parfaitement ma\u00eetris\u00e9 par les analg\u00e9siques fournis apr\u00e8s Mon exp\u00e9rience de lifting du visage et du cou en Turquie.<\/strong><\/p>\n\n\n\n<h3 class=\"wp-block-heading\">Puis-je combiner cette chirurgie majeure avec d&rsquo;autres op\u00e9rations du visage ?<\/h3>\n\n\n\n<p><strong>Oui, l&rsquo;associer intelligemment \u00e0 une bl\u00e9pharoplastie des paupi\u00e8res ou \u00e0 une injection de graisse est fortement conseill\u00e9 pour optimiser le rajeunissement global lors de Mon exp\u00e9rience de lifting du visage et du cou en Turquie.<\/strong><\/p>\n\n\n\n<h3 class=\"wp-block-heading\">Combien d&rsquo;ann\u00e9es les r\u00e9sultats de rajeunissement durent-ils r\u00e9ellement en pratique ?<\/h3>\n\n\n\n<p><strong>Les changements profonds et structurels sont semi-permanents, pouvant perdurer bien plus de dix ans, \u00e0 la stricte condition d&rsquo;adopter une hygi\u00e8ne de vie stable suite \u00e0 Mon exp\u00e9rience de lifting du visage et du cou en Turquie.<\/strong><\/p>\n","protected":false},"excerpt":{"rendered":"<p>Mon exp\u00e9rience de lifting du visage et du cou en Turquie (Face and Neck Lift) ne se termine pas sur la table d&rsquo;op\u00e9ration, mais marque plut\u00f4t le d\u00e9but majestueux d&rsquo;une transformation profonde pour retrouver une harmonie faciale perdue. En effet, j&rsquo;ai rapidement compris que l&rsquo;obtention d&rsquo;une ligne de m\u00e2choire parfaitement sculpt\u00e9e exigeait une d\u00e9cision ferme [&hellip;]<\/p>\n","protected":false},"author":6,"featured_media":47039,"comment_status":"open","ping_status":"open","sticky":false,"template":"","format":"standard","meta":{"ocean_post_layout":"","ocean_both_sidebars_style":"","ocean_both_sidebars_content_width":0,"ocean_both_sidebars_sidebars_width":0,"ocean_sidebar":"","ocean_second_sidebar":"","ocean_disable_margins":"enable","ocean_add_body_class":"","ocean_shortcode_before_top_bar":"","ocean_shortcode_after_top_bar":"","ocean_shortcode_before_header":"","ocean_shortcode_after_header":"","ocean_has_shortcode":"","ocean_shortcode_after_title":"","ocean_shortcode_before_footer_widgets":"","ocean_shortcode_after_footer_widgets":"","ocean_shortcode_before_footer_bottom":"","ocean_shortcode_after_footer_bottom":"","ocean_display_top_bar":"default","ocean_display_header":"default","ocean_header_style":"","ocean_center_header_left_menu":"","ocean_custom_header_template":"","ocean_custom_logo":0,"ocean_custom_retina_logo":0,"ocean_custom_logo_max_width":0,"ocean_custom_logo_tablet_max_width":0,"ocean_custom_logo_mobile_max_width":0,"ocean_custom_logo_max_height":0,"ocean_custom_logo_tablet_max_height":0,"ocean_custom_logo_mobile_max_height":0,"ocean_header_custom_menu":"","ocean_menu_typo_font_family":"","ocean_menu_typo_font_subset":"","ocean_menu_typo_font_size":0,"ocean_menu_typo_font_size_tablet":0,"ocean_menu_typo_font_size_mobile":0,"ocean_menu_typo_font_size_unit":"px","ocean_menu_typo_font_weight":"","ocean_menu_typo_font_weight_tablet":"","ocean_menu_typo_font_weight_mobile":"","ocean_menu_typo_transform":"","ocean_menu_typo_transform_tablet":"","ocean_menu_typo_transform_mobile":"","ocean_menu_typo_line_height":0,"ocean_menu_typo_line_height_tablet":0,"ocean_menu_typo_line_height_mobile":0,"ocean_menu_typo_line_height_unit":"","ocean_menu_typo_spacing":0,"ocean_menu_typo_spacing_tablet":0,"ocean_menu_typo_spacing_mobile":0,"ocean_menu_typo_spacing_unit":"","ocean_menu_link_color":"","ocean_menu_link_color_hover":"","ocean_menu_link_color_active":"","ocean_menu_link_background":"","ocean_menu_link_hover_background":"","ocean_menu_link_active_background":"","ocean_menu_social_links_bg":"","ocean_menu_social_hover_links_bg":"","ocean_menu_social_links_color":"","ocean_menu_social_hover_links_color":"","ocean_disable_title":"default","ocean_disable_heading":"default","ocean_post_title":"","ocean_post_subheading":"","ocean_post_title_style":"","ocean_post_title_background_color":"","ocean_post_title_background":0,"ocean_post_title_bg_image_position":"","ocean_post_title_bg_image_attachment":"","ocean_post_title_bg_image_repeat":"","ocean_post_title_bg_image_size":"","ocean_post_title_height":0,"ocean_post_title_bg_overlay":0.5,"ocean_post_title_bg_overlay_color":"","ocean_disable_breadcrumbs":"default","ocean_breadcrumbs_color":"","ocean_breadcrumbs_separator_color":"","ocean_breadcrumbs_links_color":"","ocean_breadcrumbs_links_hover_color":"","ocean_display_footer_widgets":"default","ocean_display_footer_bottom":"default","ocean_custom_footer_template":"","ofc_meta_disable_footer_callout":"","ofc_meta_callout_button_url":"","ofc_meta_callout_button_txt":"","ofc_meta_callout_text":"","ofc_enable_fullscreen":"disable","ofc_fullscreen_speed":0,"ofc_fullscreen_nav":"enable","ofc_fullscreen_nav_pos":"right","ofc_fullscreen_nav_color":"","ofc_fullscreen_nav_tooltip_color":"","ofc_fullscreen_responsive":0,"osp_disable_panel":"default","osh_disable_topbar_sticky":"default","osh_disable_header_sticky":"default","osh_sticky_header_style":"default","osh_sticky_header_effect":"","osh_custom_sticky_logo":0,"osh_custom_retina_sticky_logo":0,"osh_custom_sticky_logo_height":0,"osh_background_color":"","osh_links_color":"","osh_links_hover_color":"","osh_links_active_color":"","osh_links_bg_color":"","osh_links_hover_bg_color":"","osh_links_active_bg_color":"","osh_menu_social_links_color":"","osh_menu_social_hover_links_color":"","ocean_post_oembed":"","ocean_post_self_hosted_media":"","ocean_post_video_embed":"","ocean_link_format":"","ocean_link_format_target":"self","ocean_quote_format":"","ocean_quote_format_link":"post","ocean_gallery_link_images":"on","ocean_gallery_id":[],"footnotes":""},"categories":[7],"tags":[1904,4623,4423,602,288,910,9840,4416,4293,27172,4237,24824,9891,396,4238,27173,9892,4553,10571,3420,27174,5763,27121,514,11009],"class_list":["post-47040","post","type-post","status-publish","format-standard","has-post-thumbnail","hentry","category-blog","tag-avant-apres-lifting","tag-avis-chirurgie-turquie","tag-beaute","tag-chirurgie-esthetique-istanbul","tag-chirurgie-plastique","tag-clinique-esthetique-turquie","tag-contour-de-la-machoire","tag-lifting-cervical","tag-lifting-cervico-facial","tag-lifting-facial-turquie","tag-lifting-smas","tag-lifting-visage-femme","tag-lifting-visage-homme","tag-meilleur-chirurgien-esthetique","tag-mini-lifting","tag-mon-experience-de-lifting-du-visage-et-du-cou-en-turquie","tag-prix-lifting-turquie","tag-rajeunissement-cou","tag-rajeunissement-du-visage","tag-recuperation-lifting","tag-redrapage-du-visage","tag-relachement-cutane","tag-temoignage-lifting","tag-tourisme-medical-turquie","tag-traitement-des-rides","entry","has-media"],"_links":{"self":[{"href":"https:\/\/gplusclinic.com\/fr\/wp-json\/wp\/v2\/posts\/47040","targetHints":{"allow":["GET"]}}],"collection":[{"href":"https:\/\/gplusclinic.com\/fr\/wp-json\/wp\/v2\/posts"}],"about":[{"href":"https:\/\/gplusclinic.com\/fr\/wp-json\/wp\/v2\/types\/post"}],"author":[{"embeddable":true,"href":"https:\/\/gplusclinic.com\/fr\/wp-json\/wp\/v2\/users\/6"}],"replies":[{"embeddable":true,"href":"https:\/\/gplusclinic.com\/fr\/wp-json\/wp\/v2\/comments?post=47040"}],"version-history":[{"count":1,"href":"https:\/\/gplusclinic.com\/fr\/wp-json\/wp\/v2\/posts\/47040\/revisions"}],"predecessor-version":[{"id":47041,"href":"https:\/\/gplusclinic.com\/fr\/wp-json\/wp\/v2\/posts\/47040\/revisions\/47041"}],"wp:featuredmedia":[{"embeddable":true,"href":"https:\/\/gplusclinic.com\/fr\/wp-json\/wp\/v2\/media\/47039"}],"wp:attachment":[{"href":"https:\/\/gplusclinic.com\/fr\/wp-json\/wp\/v2\/media?parent=47040"}],"wp:term":[{"taxonomy":"category","embeddable":true,"href":"https:\/\/gplusclinic.com\/fr\/wp-json\/wp\/v2\/categories?post=47040"},{"taxonomy":"post_tag","embeddable":true,"href":"https:\/\/gplusclinic.com\/fr\/wp-json\/wp\/v2\/tags?post=47040"}],"curies":[{"name":"wp","href":"https:\/\/api.w.org\/{rel}","templated":true}]}}