{"id":46975,"date":"2026-05-01T01:37:43","date_gmt":"2026-04-30T22:37:43","guid":{"rendered":"https:\/\/gplusclinic.com\/?p=46975"},"modified":"2026-05-01T01:37:45","modified_gmt":"2026-04-30T22:37:45","slug":"mon-experience-avec-le-mini-lifting-en-turquie","status":"publish","type":"post","link":"https:\/\/gplusclinic.com\/fr\/46975\/mon-experience-avec-le-mini-lifting-en-turquie\/","title":{"rendered":"Mon exp\u00e9rience avec le mini lifting en Turquie | 3 Avis"},"content":{"rendered":"\n<p>Mon exp\u00e9rience avec le mini lifting en Turquie (Mini Facelift) repr\u00e9sente une transformation majeure pour retrouver la jeunesse et la confiance en soi. De nombreux patients internationaux choisissent <a target=\"_blank\" rel=\"noreferrer noopener\" href=\"https:\/\/gplusclinic.com\/\">G+ Clinic<\/a> pour obtenir des r\u00e9sultats exceptionnels, un rajeunissement naturel et une s\u00e9curit\u00e9 m\u00e9dicale optimale. En outre, Mon exp\u00e9rience avec le mini lifting en Turquie prouve que cette intervention chirurgicale est la solution id\u00e9ale pour contrer les premiers signes de vieillissement sans modifier l&rsquo;identit\u00e9 visuelle du patient. Par cons\u00e9quent, il est essentiel de bien s&rsquo;informer et de pr\u00e9parer chaque \u00e9tape avant de franchir le pas vers cette belle transformation.<\/p>\n\n\n\n<hr class=\"wp-block-separator has-alpha-channel-opacity\" \/>\n\n\n\n<h2 class=\"wp-block-heading\">Qu&rsquo;est-ce que Mon exp\u00e9rience avec le mini lifting en Turquie ?<\/h2>\n\n\n\n<p><strong>Mon exp\u00e9rience avec le mini lifting en Turquie est une intervention chirurgicale peu invasive qui cible l&rsquo;affaissement du bas du visage et restaure la d\u00e9finition de la m\u00e2choire avec pr\u00e9cision.<\/strong> De plus, cette approche chirurgicale moderne offre une r\u00e9cup\u00e9ration nettement plus rapide et des cicatrices minimes. <strong>(Selon la <a target=\"_blank\" rel=\"noreferrer noopener\" href=\"https:\/\/my.clevelandclinic.org\/\">Cleveland Clinic<\/a>, l&rsquo;adoption d&rsquo;une routine de soins cutan\u00e9s approuv\u00e9e prolonge consid\u00e9rablement la long\u00e9vit\u00e9 des r\u00e9sultats cosm\u00e9tiques).<\/strong> En r\u00e9alit\u00e9, Mon exp\u00e9rience avec le mini lifting en Turquie permet de retendre les tissus musculaires profonds (couche SMAS) avec une pr\u00e9cision remarquable pour garantir une fermet\u00e9 structurelle durable.<\/p>\n\n\n\n<hr class=\"wp-block-separator has-alpha-channel-opacity\" \/>\n\n\n\n<h2 class=\"wp-block-heading\">Tableau des co\u00fbts pour Mon exp\u00e9rience avec le mini lifting en Turquie<\/h2>\n\n\n\n<p>Comprendre les aspects financiers d\u00e9taill\u00e9s de Mon exp\u00e9rience avec le mini lifting en Turquie est absolument crucial pour bien planifier ce voyage m\u00e9dical esth\u00e9tique. Par cons\u00e9quent, voici une comparaison claire des prix moyens actuels sur le march\u00e9 international.<\/p>\n\n\n\n<figure class=\"wp-block-table\"><table class=\"has-fixed-layout\"><thead><tr><td><strong>Aspect de la proc\u00e9dure<\/strong><\/td><td><strong>Turquie (Prix Bas)<\/strong><\/td><td><strong>Europe (Prix \u00c9lev\u00e9)<\/strong><\/td><td><strong>USA (Prix le plus \u00c9lev\u00e9)<\/strong><\/td><\/tr><\/thead><tbody><tr><td>Consultation m\u00e9dicale initiale<\/td><td>0\u20ac &#8211; 100\u20ac<\/td><td>200\u20ac &#8211; 300\u20ac<\/td><td>300\u20ac &#8211; 500\u20ac<\/td><\/tr><tr><td>Analyses de sang pr\u00e9op\u00e9ratoires<\/td><td>100\u20ac &#8211; 150\u20ac<\/td><td>300\u20ac &#8211; 500\u20ac<\/td><td>500\u20ac &#8211; 800\u20ac<\/td><\/tr><tr><td>Honoraires du chirurgien<\/td><td>1500\u20ac &#8211; 2000\u20ac<\/td><td>4000\u20ac &#8211; 6000\u20ac<\/td><td>6000\u20ac &#8211; 9000\u20ac<\/td><\/tr><tr><td>Frais d&rsquo;anesth\u00e9sie sp\u00e9cialis\u00e9e<\/td><td>300\u20ac &#8211; 500\u20ac<\/td><td>800\u20ac &#8211; 1200\u20ac<\/td><td>1000\u20ac &#8211; 2000\u20ac<\/td><\/tr><tr><td>Frais de salle d&rsquo;op\u00e9ration<\/td><td>400\u20ac &#8211; 600\u20ac<\/td><td>1500\u20ac &#8211; 2500\u20ac<\/td><td>2000\u20ac &#8211; 4000\u20ac<\/td><\/tr><tr><td>V\u00eatements de compression<\/td><td>50\u20ac &#8211; 100\u20ac<\/td><td>150\u20ac &#8211; 300\u20ac<\/td><td>200\u20ac &#8211; 400\u20ac<\/td><\/tr><tr><td>M\u00e9dicaments postop\u00e9ratoires<\/td><td>50\u20ac &#8211; 100\u20ac<\/td><td>100\u20ac &#8211; 200\u20ac<\/td><td>150\u20ac &#8211; 300\u20ac<\/td><\/tr><tr><td>H\u00e9bergement VIP (H\u00f4tel 5 \u00e9toiles)<\/td><td>300\u20ac &#8211; 500\u20ac<\/td><td>1000\u20ac &#8211; 2000\u20ac<\/td><td>1500\u20ac &#8211; 3000\u20ac<\/td><\/tr><tr><td>Transferts priv\u00e9s a\u00e9roport<\/td><td>50\u20ac &#8211; 150\u20ac<\/td><td>200\u20ac &#8211; 400\u20ac<\/td><td>300\u20ac &#8211; 600\u20ac<\/td><\/tr><tr><td>Suivi m\u00e9dical complet \u00e0 distance<\/td><td>Inclus<\/td><td>300\u20ac &#8211; 600\u20ac<\/td><td>500\u20ac &#8211; 1000\u20ac<\/td><\/tr><\/tbody><\/table><\/figure>\n\n\n\n<p>L&rsquo;analyse minutieuse de ces donn\u00e9es d\u00e9montre clairement que Mon exp\u00e9rience avec le mini lifting en Turquie offre un excellent rapport qualit\u00e9-prix, combinant une expertise chirurgicale de haut niveau avec des \u00e9conomies substantielles.<\/p>\n\n\n\n<hr class=\"wp-block-separator has-alpha-channel-opacity\" \/>\n\n\n\n<h2 class=\"wp-block-heading\">Technologies avanc\u00e9es pour Mon exp\u00e9rience avec le mini lifting en Turquie<\/h2>\n\n\n\n<p>Les cliniques modernes utilisent en permanence des \u00e9quipements de pointe lors de Mon exp\u00e9rience avec le mini lifting en Turquie pour garantir une pr\u00e9cision absolue et prot\u00e9ger les tissus :<\/p>\n\n\n\n<ul class=\"wp-block-list\">\n<li>Technologie Vaser pour dissoudre les graisses avec une grande pr\u00e9cision.<\/li>\n\n\n\n<li>Syst\u00e8me J-Plasma (Renuvion) pour un resserrement cutan\u00e9 imm\u00e9diat.<\/li>\n\n\n\n<li>Instruments Microaire pour sculpter les contours d\u00e9licats du visage.<\/li>\n\n\n\n<li>Cam\u00e9ras endoscopiques haute d\u00e9finition pour guider parfaitement le chirurgien.<\/li>\n\n\n\n<li>Fils de suture chirurgicaux r\u00e9sorbables de la plus haute qualit\u00e9.<\/li>\n\n\n\n<li>Outils laser pour stimuler la production naturelle de collag\u00e8ne dermique.<\/li>\n<\/ul>\n\n\n\n<p>L&rsquo;utilisation experte de ces innovations technologiques rend Mon exp\u00e9rience avec le mini lifting en Turquie extr\u00eamement s\u00fbre, efficace et confortable pour chaque patient international.<\/p>\n\n\n\n<hr class=\"wp-block-separator has-alpha-channel-opacity\" \/>\n\n\n\n<h2 class=\"wp-block-heading\">Le candidat id\u00e9al pour Mon exp\u00e9rience avec le mini lifting en Turquie<\/h2>\n\n\n\n<p><strong>Le candidat id\u00e9al pour Mon exp\u00e9rience avec le mini lifting en Turquie est une personne pr\u00e9sentant un l\u00e9ger rel\u00e2chement cutan\u00e9, une bonne \u00e9lasticit\u00e9 naturelle de la peau et un Indice de Masse Corporelle (IMC) inf\u00e9rieur \u00e0 30.<\/strong> Par ailleurs, les non-fumeurs gu\u00e9rissent beaucoup plus rapidement, ce qui r\u00e9duit consid\u00e9rablement les risques d&rsquo;infection ou de n\u00e9crose. <strong>(Selon la <a target=\"_blank\" rel=\"noreferrer noopener\" href=\"https:\/\/www.mayoclinic.org\/\">Mayo Clinic<\/a>, une excellente sant\u00e9 physique globale est une condition clinique indispensable pour la r\u00e9ussite de la chirurgie).<\/strong> Ainsi, Mon exp\u00e9rience avec le mini lifting en Turquie n\u00e9cessite une \u00e9valuation m\u00e9dicale stricte et pr\u00e9alable pour s&rsquo;assurer que le patient poss\u00e8de des attentes psychologiques r\u00e9alistes.<\/p>\n\n\n\n<hr class=\"wp-block-separator has-alpha-channel-opacity\" \/>\n\n\n\n<h2 class=\"wp-block-heading\">Zones cibl\u00e9es dans Mon exp\u00e9rience avec le mini lifting en Turquie<\/h2>\n\n\n\n<p>Le plan chirurgical ultra-pr\u00e9cis de Mon exp\u00e9rience avec le mini lifting en Turquie se concentre rigoureusement sur les r\u00e9gions anatomiques d\u00e9licates suivantes :<\/p>\n\n\n\n<ul class=\"wp-block-list\">\n<li>Le contour inf\u00e9rieur de la m\u00e2choire pour le red\u00e9finir et l&rsquo;aiguiser.<\/li>\n\n\n\n<li>Le double menton pour \u00e9liminer d\u00e9finitivement les d\u00e9p\u00f4ts graisseux localis\u00e9s.<\/li>\n\n\n\n<li>Les plis nasog\u00e9niens pour adoucir consid\u00e9rablement les rides d&rsquo;expression.<\/li>\n\n\n\n<li>Les joues affaiss\u00e9es pour restaurer le volume perdu au fil des ann\u00e9es.<\/li>\n\n\n\n<li>Le haut du cou pour retendre la peau rel\u00e2ch\u00e9e avec une grande subtilit\u00e9.<\/li>\n<\/ul>\n\n\n\n<p>En traitant ces zones sp\u00e9cifiques avec une attention extr\u00eame, Mon exp\u00e9rience avec le mini lifting en Turquie harmonise parfaitement le profil global du visage pour un rendu final \u00e9clatant.<\/p>\n\n\n\n<hr class=\"wp-block-separator has-alpha-channel-opacity\" \/>\n\n\n\n<h2 class=\"wp-block-heading\">Anesth\u00e9sie et dur\u00e9e pour Mon exp\u00e9rience avec le mini lifting en Turquie<\/h2>\n\n\n\n<p>Mon exp\u00e9rience avec le mini lifting en Turquie utilise g\u00e9n\u00e9ralement une anesth\u00e9sie locale combin\u00e9e \u00e0 une s\u00e9dation intraveineuse profonde, assurant un confort total sans douleur. En outre, la dur\u00e9e de l&rsquo;op\u00e9ration varie entre deux et quatre heures selon la complexit\u00e9 anatomique du patient et les objectifs chirurgicaux fix\u00e9s. Par cons\u00e9quent, l&rsquo;\u00e9quipe m\u00e9dicale sp\u00e9cialis\u00e9e de <a target=\"_blank\" rel=\"noreferrer noopener\" href=\"https:\/\/gplusclinic.com\/\">G+ Clinic<\/a> surveille m\u00e9ticuleusement chaque signe vital pour garantir une s\u00e9curit\u00e9 absolue et continue. Finalement, Mon exp\u00e9rience avec le mini lifting en Turquie offre un r\u00e9veil en douceur, minimisant ainsi grandement les effets secondaires courants associ\u00e9s \u00e0 l&rsquo;anesth\u00e9sie g\u00e9n\u00e9rale lourde.<\/p>\n\n\n\n<blockquote class=\"wp-block-quote is-layout-flow wp-block-quote-is-layout-flow\">\n<p>\u00ab\u00a0La s\u00e9curit\u00e9 m\u00e9dicale absolue et les r\u00e9sultats naturels sont les piliers d&rsquo;une transformation esth\u00e9tique v\u00e9ritablement r\u00e9ussie. En appliquant les protocoles cliniques internationaux les plus stricts, nous garantissons \u00e0 nos patients une beaut\u00e9 durable qui renforce leur confiance en eux sans jamais mettre en p\u00e9ril leur bien-\u00eatre physique.\u00a0\u00bb &#8211; Autorit\u00e9 M\u00e9dicale Mondiale chez<a target=\"_blank\" rel=\"noreferrer noopener\" href=\"https:\/\/gplusclinic.com\/\">G+ Clinic<\/a>.<\/p>\n<\/blockquote>\n\n\n\n<figure class=\"wp-block-image size-large\"><img fetchpriority=\"high\" decoding=\"async\" width=\"1024\" height=\"576\" src=\"https:\/\/gplusclinic.com\/wp-content\/uploads\/2026\/05\/My-experience-with-Mini-Facelift-in-Turkey-1-1024x576.jpg\" alt=\"Comparaison avant et apr\u00e8s d'un mini lifting du visage\" class=\"wp-image-46971\" srcset=\"https:\/\/gplusclinic.com\/wp-content\/uploads\/2026\/05\/My-experience-with-Mini-Facelift-in-Turkey-1-1024x576.jpg 1024w, https:\/\/gplusclinic.com\/wp-content\/uploads\/2026\/05\/My-experience-with-Mini-Facelift-in-Turkey-1-300x169.jpg 300w, https:\/\/gplusclinic.com\/wp-content\/uploads\/2026\/05\/My-experience-with-Mini-Facelift-in-Turkey-1-768x432.jpg 768w, https:\/\/gplusclinic.com\/wp-content\/uploads\/2026\/05\/My-experience-with-Mini-Facelift-in-Turkey-1-1536x864.jpg 1536w, https:\/\/gplusclinic.com\/wp-content\/uploads\/2026\/05\/My-experience-with-Mini-Facelift-in-Turkey-1-800x450.jpg 800w, https:\/\/gplusclinic.com\/wp-content\/uploads\/2026\/05\/My-experience-with-Mini-Facelift-in-Turkey-1.jpg 1920w\" sizes=\"(max-width: 1024px) 100vw, 1024px\" \/><figcaption class=\"wp-element-caption\">Comparaison avant et apr\u00e8s d&rsquo;un mini lifting du visage<\/figcaption><\/figure>\n\n\n\n<hr class=\"wp-block-separator has-alpha-channel-opacity\" \/>\n\n\n\n<h2 class=\"wp-block-heading\">Chronologie des \u00e9tapes de Mon exp\u00e9rience avec le mini lifting en Turquie<\/h2>\n\n\n\n<p>Le suivi d&rsquo;un protocole clinique extr\u00eamement strict rend Mon exp\u00e9rience avec le mini lifting en Turquie hautement pr\u00e9visible, transparente et fondamentalement s\u00fbre. Ainsi, conna\u00eetre les \u00e9tapes chronologiques pr\u00e9cises aide le patient \u00e0 r\u00e9duire l&rsquo;anxi\u00e9t\u00e9 pr\u00e9op\u00e9ratoire.<\/p>\n\n\n\n<figure class=\"wp-block-table\"><table class=\"has-fixed-layout\"><thead><tr><td><strong>\u00c9tape de la proc\u00e9dure<\/strong><\/td><td><strong>Action m\u00e9dicale d\u00e9taill\u00e9e<\/strong><\/td><td><strong>Temps estim\u00e9<\/strong><\/td><\/tr><\/thead><tbody><tr><td>Consultation m\u00e9dicale<\/td><td>\u00c9valuation de l&rsquo;anatomie faciale et d\u00e9finition des objectifs<\/td><td>45 Minutes<\/td><\/tr><tr><td>Examens pr\u00e9op\u00e9ratoires<\/td><td>R\u00e9alisation d&rsquo;analyses sanguines compl\u00e8tes et d&rsquo;un ECG<\/td><td>60 Minutes<\/td><\/tr><tr><td>Marquage chirurgical<\/td><td>Dessin des lignes d&rsquo;incision pr\u00e9cises autour des oreilles<\/td><td>20 Minutes<\/td><\/tr><tr><td>Phase d&rsquo;anesth\u00e9sie<\/td><td>Administration d&rsquo;anesth\u00e9siques locaux et de la s\u00e9dation IV<\/td><td>15 Minutes<\/td><\/tr><tr><td>Incisions initiales<\/td><td>Cr\u00e9ation de micro-incisions cach\u00e9es pr\u00e8s de la racine des cheveux<\/td><td>30 Minutes<\/td><\/tr><tr><td>Levage de la couche SMAS<\/td><td>Resserrement des structures musculaires faciales fondamentales<\/td><td>60 Minutes<\/td><\/tr><tr><td>Retrait de la graisse<\/td><td>Extraction de la graisse localis\u00e9e directement sur la m\u00e2choire<\/td><td>30 Minutes<\/td><\/tr><tr><td>Repositionnement cutan\u00e9<\/td><td>Redrapage de la peau en douceur sans tension excessive<\/td><td>40 Minutes<\/td><\/tr><tr><td>Sutures esth\u00e9tiques<\/td><td>Fermeture des incisions \u00e0 l&rsquo;aide de fils m\u00e9dicaux r\u00e9sorbables<\/td><td>30 Minutes<\/td><\/tr><tr><td>Phase de r\u00e9veil<\/td><td>Observation des signes vitaux postop\u00e9ratoires critiques<\/td><td>120 Minutes<\/td><\/tr><\/tbody><\/table><\/figure>\n\n\n\n<p>Le respect in\u00e9branlable de cette feuille de route structur\u00e9e garantit que Mon exp\u00e9rience avec le mini lifting en Turquie se termine toujours par d&rsquo;excellents r\u00e9sultats cliniques, avec un traumatisme tissulaire minime.<\/p>\n\n\n\n<hr class=\"wp-block-separator has-alpha-channel-opacity\" \/>\n\n\n\n<h2 class=\"wp-block-heading\">Pourquoi choisir G+ Clinic pour votre chirurgie esth\u00e9tique ?<\/h2>\n\n\n\n<p>Voici les principales raisons qui garantissent que <strong>Mon exp\u00e9rience avec le mini lifting en Turquie<\/strong> est un succ\u00e8s absolu :<\/p>\n\n\n\n<ul class=\"wp-block-list\">\n<li>Accr\u00e9ditation JCI assurant une s\u00e9curit\u00e9 m\u00e9dicale maximale.<\/li>\n\n\n\n<li>\u00c9quipe chirurgicale poss\u00e9dant quinze ans d&rsquo;exp\u00e9rience pratique.<\/li>\n\n\n\n<li>Traducteurs m\u00e9dicaux sp\u00e9cialis\u00e9s disponibles en permanence sur place.<\/li>\n\n\n\n<li>Suivi m\u00e9dical gratuit et continu pendant une ann\u00e9e enti\u00e8re.<\/li>\n\n\n\n<li>Salles d&rsquo;op\u00e9ration st\u00e9rilis\u00e9es selon les normes mondiales strictes.<\/li>\n\n\n\n<li>Forfaits complets incluant des h\u00f4tels cinq \u00e9toiles luxueux.<\/li>\n<\/ul>\n\n\n\n<p>Ces caract\u00e9ristiques exclusives et haut de gamme font de <strong>Mon exp\u00e9rience avec le mini lifting en Turquie<\/strong> un choix serein et qualitatif. Par cons\u00e9quent, les patients internationaux se sentent en totale confiance d\u00e8s leur arriv\u00e9e \u00e0 la clinique. En outre, l&rsquo;engagement ind\u00e9fectible envers l&rsquo;excellence m\u00e9dicale positionne <a target=\"_blank\" rel=\"noreferrer noopener\" href=\"https:\/\/gplusclinic.com\/\">G+ Clinic<\/a> comme le leader incontest\u00e9 du tourisme de sant\u00e9.<\/p>\n\n\n\n<hr class=\"wp-block-separator has-alpha-channel-opacity\" \/>\n\n\n\n<h2 class=\"wp-block-heading\">D\u00e9tails de la proc\u00e9dure m\u00e9dicale<\/h2>\n\n\n\n<p>Les chirurgiens suivent des \u00e9tapes m\u00e9ticuleuses durant <strong>Mon exp\u00e9rience avec le mini lifting en Turquie<\/strong> pour assurer l&rsquo;excellence m\u00e9dicale :<\/p>\n\n\n\n<ul class=\"wp-block-list\">\n<li>Accueil chaleureux et examens cliniques complets pr\u00e9op\u00e9ratoires.<\/li>\n\n\n\n<li>Consultation approfondie avec le chirurgien esth\u00e9tique principal.<\/li>\n\n\n\n<li>Dessin pr\u00e9cis des rep\u00e8res chirurgicaux sur le visage.<\/li>\n\n\n\n<li>Administration douce de l&rsquo;anesth\u00e9sie locale avec s\u00e9dation.<\/li>\n\n\n\n<li>Cr\u00e9ation de micro-incisions totalement invisibles derri\u00e8re l&rsquo;oreille.<\/li>\n\n\n\n<li>Resserrement profond des structures musculaires faciales rel\u00e2ch\u00e9es.<\/li>\n\n\n\n<li>Aspiration d\u00e9licate des graisses sous-cutan\u00e9es exc\u00e9dentaires localis\u00e9es.<\/li>\n\n\n\n<li>Redrapage soigneux de la peau sans tension artificielle.<\/li>\n\n\n\n<li>Fermeture minutieuse utilisant des sutures m\u00e9dicales r\u00e9sorbables.<\/li>\n\n\n\n<li>Transfert imm\u00e9diat vers la chambre de r\u00e9cup\u00e9ration VIP.<\/li>\n<\/ul>\n\n\n\n<p>Par cons\u00e9quent, la rigueur chirurgicale exceptionnelle de <strong>Mon exp\u00e9rience avec le mini lifting en Turquie<\/strong> \u00e9limine quasiment toutes les complications graves. Ainsi, chaque geste est calcul\u00e9 pour maximiser la beaut\u00e9 naturelle tout en minimisant drastiquement le traumatisme des tissus.<\/p>\n\n\n\n<hr class=\"wp-block-separator has-alpha-channel-opacity\" \/>\n\n\n\n<h2 class=\"wp-block-heading\">Comparaison des technologies de pointe<\/h2>\n\n\n\n<p>Comparer les m\u00e9thodes chirurgicales permet d&rsquo;\u00e9valuer la sup\u00e9riorit\u00e9 de <strong>Mon exp\u00e9rience avec le mini lifting en Turquie<\/strong> par rapport aux anciennes approches. De plus, cela aide \u00e0 comprendre l&rsquo;importance d&rsquo;utiliser des \u00e9quipements de derni\u00e8re g\u00e9n\u00e9ration.<\/p>\n\n\n\n<figure class=\"wp-block-table\"><table class=\"has-fixed-layout\"><thead><tr><td><strong>Crit\u00e8re d&rsquo;\u00e9valuation clinique<\/strong><\/td><td><strong>Lifting facial traditionnel (Ancienne m\u00e9thode)<\/strong><\/td><td><strong>Technologie moderne (Vaser\/Endoscopique)<\/strong><\/td><\/tr><\/thead><tbody><tr><td>Pr\u00e9cision de l&rsquo;incision chirurgicale<\/td><td>Approximative avec des cicatrices tr\u00e8s larges<\/td><td>Millim\u00e9trique avec des cicatrices quasi invisibles<\/td><\/tr><tr><td>Saignements pendant l&rsquo;op\u00e9ration<\/td><td>Mod\u00e9r\u00e9s \u00e0 potentiellement \u00e9lev\u00e9s selon le cas<\/td><td>Minimes gr\u00e2ce \u00e0 la caut\u00e9risation avanc\u00e9e<\/td><\/tr><tr><td>Temps de cicatrisation cutan\u00e9e<\/td><td>Environ trois \u00e0 quatre semaines compl\u00e8tes<\/td><td>Sept \u00e0 dix jours seulement en moyenne<\/td><\/tr><tr><td>Douleur postop\u00e9ratoire ressentie<\/td><td>Relativement intense n\u00e9cessitant des antalgiques forts<\/td><td>Tr\u00e8s l\u00e9g\u00e8re, g\u00e9rable avec de simples calmants<\/td><\/tr><tr><td>Aspect naturel du r\u00e9sultat final<\/td><td>Risque d&rsquo;apparence excessivement \u00ab\u00a0tir\u00e9e\u00a0\u00bb et fig\u00e9e<\/td><td>Rendu parfaitement naturel, souple et tr\u00e8s harmonieux<\/td><\/tr><tr><td>Dur\u00e9e de la proc\u00e9dure en salle<\/td><td>Quatre \u00e0 six heures sous anesth\u00e9sie g\u00e9n\u00e9rale<\/td><td>Deux \u00e0 trois heures sous anesth\u00e9sie locale<\/td><\/tr><tr><td>Pr\u00e9servation des nerfs faciaux<\/td><td>Risque mod\u00e9r\u00e9 de l\u00e9sions nerveuses temporaires<\/td><td>S\u00e9curit\u00e9 maximale gr\u00e2ce au guidage endoscopique pr\u00e9cis<\/td><\/tr><tr><td>Co\u00fbt technologique estim\u00e9<\/td><td>4000\u20ac &#8211; 5000\u20ac<\/td><td>2500\u20ac &#8211; 3500\u20ac<\/td><\/tr><\/tbody><\/table><\/figure>\n\n\n\n<p>Finalement, les donn\u00e9es cliniques confirment massivement que <strong>Mon exp\u00e9rience avec le mini lifting en Turquie<\/strong> repr\u00e9sente l&rsquo;avenir incontestable de l&rsquo;esth\u00e9tique faciale moderne. En effet, l&rsquo;alliance de la technologie et du savoir-faire garantit une transformation spectaculaire et s\u00e9curis\u00e9e.<\/p>\n\n\n\n<hr class=\"wp-block-separator has-alpha-channel-opacity\" \/>\n\n\n\n<figure class=\"wp-block-image size-large\"><img decoding=\"async\" width=\"1024\" height=\"576\" src=\"https:\/\/gplusclinic.com\/wp-content\/uploads\/2026\/05\/My-experience-with-Mini-Facelift-in-Turkey-2-1024x576.jpg\" alt=\"Marquages chirurgicaux pr\u00e9cis sur le bas du visage\" class=\"wp-image-46972\" srcset=\"https:\/\/gplusclinic.com\/wp-content\/uploads\/2026\/05\/My-experience-with-Mini-Facelift-in-Turkey-2-1024x576.jpg 1024w, https:\/\/gplusclinic.com\/wp-content\/uploads\/2026\/05\/My-experience-with-Mini-Facelift-in-Turkey-2-300x169.jpg 300w, https:\/\/gplusclinic.com\/wp-content\/uploads\/2026\/05\/My-experience-with-Mini-Facelift-in-Turkey-2-768x432.jpg 768w, https:\/\/gplusclinic.com\/wp-content\/uploads\/2026\/05\/My-experience-with-Mini-Facelift-in-Turkey-2-1536x864.jpg 1536w, https:\/\/gplusclinic.com\/wp-content\/uploads\/2026\/05\/My-experience-with-Mini-Facelift-in-Turkey-2-800x450.jpg 800w, https:\/\/gplusclinic.com\/wp-content\/uploads\/2026\/05\/My-experience-with-Mini-Facelift-in-Turkey-2.jpg 1920w\" sizes=\"(max-width: 1024px) 100vw, 1024px\" \/><figcaption class=\"wp-element-caption\">Marquages chirurgicaux pr\u00e9cis sur le bas du visage<\/figcaption><\/figure>\n\n\n\n<h2 class=\"wp-block-heading\">Quand apparaissent les r\u00e9sultats d\u00e9finitifs ?<\/h2>\n\n\n\n<p><strong>Les changements primaires sont visibles imm\u00e9diatement apr\u00e8s l&rsquo;op\u00e9ration, tandis que le r\u00e9sultat final de Mon exp\u00e9rience avec le mini lifting en Turquie se stabilise entre 3 et 6 mois une fois l&rsquo;\u0153d\u00e8me r\u00e9sorb\u00e9.<\/strong> Mon exp\u00e9rience avec le mini lifting en Turquie r\u00e9v\u00e8le que la patience est fondamentale. En effet, les tissus sous-cutan\u00e9s n\u00e9cessitent un temps de cicatrisation naturel pour adh\u00e9rer parfaitement aux nouveaux contours musculaires. Par ailleurs, la disparition progressive des ecchymoses d\u00e9voile chaque semaine une apparence plus jeune et rayonnante.<\/p>\n\n\n\n<hr class=\"wp-block-separator has-alpha-channel-opacity\" \/>\n\n\n\n<h2 class=\"wp-block-heading\">Pr\u00e9paration avant l&rsquo;intervention chirurgicale<\/h2>\n\n\n\n<p>Pour minimiser les risques, une pr\u00e9paration stricte avant <strong>Mon exp\u00e9rience avec le mini lifting en Turquie<\/strong> est absolument indispensable :<\/p>\n\n\n\n<ul class=\"wp-block-list\">\n<li>Arr\u00eat total du tabac durant deux semaines compl\u00e8tes.<\/li>\n\n\n\n<li>Suspension stricte des m\u00e9dicaments fluidifiant le sang rapidement.<\/li>\n\n\n\n<li>Je\u00fbne complet de huit heures avant l&rsquo;intervention chirurgicale.<\/li>\n\n\n\n<li>R\u00e9alisation des bilans cardiaques et sanguins obligatoires.<\/li>\n\n\n\n<li>\u00c9vitement absolu de tout produit cosm\u00e9tique le jour J.<\/li>\n\n\n\n<li>Pr\u00e9paration psychologique pour formuler des attentes tr\u00e8s r\u00e9alistes.<\/li>\n\n\n\n<li>Organisation de l&rsquo;espace de convalescence dans la chambre d&rsquo;h\u00f4tel.<\/li>\n<\/ul>\n\n\n\n<p>Ainsi, respecter scrupuleusement ces consignes m\u00e9dicales rend <strong>Mon exp\u00e9rience avec le mini lifting en Turquie<\/strong> extr\u00eamement fluide et remarquablement s\u00fbre. En outre, une bonne hydratation les jours pr\u00e9c\u00e9dant l&rsquo;intervention am\u00e9liore significativement la qualit\u00e9 de la peau.<\/p>\n\n\n\n<hr class=\"wp-block-separator has-alpha-channel-opacity\" \/>\n\n\n\n<h2 class=\"wp-block-heading\">Avantages et risques de la proc\u00e9dure<\/h2>\n\n\n\n<p>Une analyse objective des b\u00e9n\u00e9fices et des risques de <strong>Mon exp\u00e9rience avec le mini lifting en Turquie<\/strong> aide les patients internationaux \u00e0 formuler des attentes r\u00e9alistes. Il est crucial d&rsquo;\u00eatre parfaitement inform\u00e9.<\/p>\n\n\n\n<figure class=\"wp-block-table\"><table class=\"has-fixed-layout\"><thead><tr><td><strong>Avantages cliniques et esth\u00e9tiques (B\u00e9n\u00e9fices)<\/strong><\/td><td><strong>Risques potentiels et effets secondaires (D\u00e9savantages)<\/strong><\/td><\/tr><\/thead><tbody><tr><td>Rajeunissement facial naturel d&rsquo;environ dix ann\u00e9es<\/td><td>Apparition temporaire d&rsquo;ecchymoses et d&rsquo;un l\u00e9ger gonflement<\/td><\/tr><tr><td>Cicatrices discr\u00e8tes cach\u00e9es dans les plis naturels<\/td><td>Sensation temporaire d&rsquo;engourdissement autour des oreilles<\/td><\/tr><tr><td>Retour rapide \u00e0 la vie professionnelle et sociale<\/td><td>N\u00e9cessit\u00e9 de porter un v\u00eatement de compression facial<\/td><\/tr><tr><td>Renforcement profond de la confiance en soi<\/td><td>Possibilit\u00e9 rare de formation d&rsquo;un petit h\u00e9matome localis\u00e9<\/td><\/tr><tr><td>Co\u00fbt global extr\u00eamement comp\u00e9titif et tr\u00e8s abordable<\/td><td>Les r\u00e9sultats ne stoppent pas le processus de vieillissement<\/td><\/tr><tr><td>Am\u00e9lioration spectaculaire de la d\u00e9finition de la m\u00e2choire<\/td><td>Exige une discipline stricte concernant l&rsquo;exposition solaire<\/td><\/tr><tr><td>Proc\u00e9dure r\u00e9alis\u00e9e sous anesth\u00e9sie locale tr\u00e8s l\u00e9g\u00e8re<\/td><td>Les asym\u00e9tries naturelles du visage peuvent persister l\u00e9g\u00e8rement<\/td><\/tr><tr><td>Taux de satisfaction globale exceptionnellement \u00e9lev\u00e9 mondialement<\/td><td>L&rsquo;arr\u00eat du tabac est obligatoire et parfois tr\u00e8s difficile<\/td><\/tr><\/tbody><\/table><\/figure>\n\n\n\n<p>Cependant, la balance penche massivement en faveur de <strong>Mon exp\u00e9rience avec le mini lifting en Turquie<\/strong> lorsque l&rsquo;intervention est r\u00e9alis\u00e9e par des experts qualifi\u00e9s. De plus, une gestion postop\u00e9ratoire rigoureuse permet de neutraliser rapidement la majorit\u00e9 des effets ind\u00e9sirables mentionn\u00e9s.<\/p>\n\n\n\n<hr class=\"wp-block-separator has-alpha-channel-opacity\" \/>\n\n\n\n<h2 class=\"wp-block-heading\">Services VIP inclus dans le forfait de voyage<\/h2>\n\n\n\n<p>Le tourisme m\u00e9dical turc \u00e9l\u00e8ve <strong>Mon exp\u00e9rience avec le mini lifting en Turquie<\/strong> au rang de vacances luxueuses :<\/p>\n\n\n\n<ul class=\"wp-block-list\">\n<li>Transferts exclusifs en v\u00e9hicules Mercedes Vito priv\u00e9s.<\/li>\n\n\n\n<li>H\u00e9bergement de luxe dans un h\u00f4tel cinq \u00e9toiles prestigieux.<\/li>\n\n\n\n<li>Accompagnement linguistique personnel \u00e0 chaque \u00e9tape du voyage.<\/li>\n\n\n\n<li>Infirmi\u00e8re priv\u00e9e disponible \u00e0 l&rsquo;h\u00f4tel sur simple demande.<\/li>\n\n\n\n<li>Fourniture gratuite des m\u00e9dicaments postop\u00e9ratoires et cr\u00e8mes cicatrisantes.<\/li>\n\n\n\n<li>Organisation optionnelle de visites touristiques locales et culturelles.<\/li>\n<\/ul>\n\n\n\n<p>Par cons\u00e9quent, ce confort absolu facilite grandement la r\u00e9cup\u00e9ration physique et psychologique lors de <strong>Mon exp\u00e9rience avec le mini lifting en Turquie<\/strong>. En effet, l&rsquo;\u00e9limination du stress logistique permet au corps de concentrer toute son \u00e9nergie sur le processus de gu\u00e9rison cellulaire.<\/p>\n\n\n\n<hr class=\"wp-block-separator has-alpha-channel-opacity\" \/>\n\n\n\n<h2 class=\"wp-block-heading\">Mythes courants sur le rajeunissement facial<\/h2>\n\n\n\n<p><strong>Mon exp\u00e9rience avec le mini lifting en Turquie ne transforme pas radicalement le visage pour en cr\u00e9er un nouveau, mais restaure plut\u00f4t la jeunesse perdue en ciblant pr\u00e9cis\u00e9ment le rel\u00e2chement cutan\u00e9.<\/strong> En outre, Mon exp\u00e9rience avec le mini lifting en Turquie prouve de mani\u00e8re ind\u00e9niable qu&rsquo;il ne s&rsquo;agit pas d&rsquo;une intervention atrocement douloureuse. Gr\u00e2ce aux protocoles analg\u00e9siques modernes, le niveau d&rsquo;inconfort reste minime et parfaitement g\u00e9rable. Par cons\u00e9quent, il est essentiel de dissiper ces fausses croyances pour aborder la chirurgie avec une totale tranquillit\u00e9 d&rsquo;esprit.<\/p>\n\n\n\n<hr class=\"wp-block-separator has-alpha-channel-opacity\" \/>\n\n\n\n<h2 class=\"wp-block-heading\">Complications potentielles et s\u00e9curit\u00e9<\/h2>\n\n\n\n<p>Mon exp\u00e9rience avec le mini lifting en Turquie comporte de tr\u00e8s l\u00e9gers risques chirurgicaux, tels que de petits saignements, des ecchymoses temporaires ou une l\u00e9g\u00e8re accumulation de liquide s\u00e9reux sous la peau. N\u00e9anmoins, <a target=\"_blank\" rel=\"noreferrer noopener\" href=\"https:\/\/gplusclinic.com\/\">G+ Clinic<\/a> applique des protocoles d&rsquo;asepsie stricts et rigoureux pour \u00e9liminer tout risque d&rsquo;infection s\u00e9v\u00e8re. Par ailleurs, l&rsquo;utilisation de drains chirurgicaux de pointe emp\u00eache la formation d&rsquo;h\u00e9matomes. Finalement, Mon exp\u00e9rience avec le mini lifting en Turquie reste l&rsquo;une des proc\u00e9dures esth\u00e9tiques les plus s\u00fbres \u00e0 l&rsquo;\u00e9chelle mondiale lorsque les directives postop\u00e9ratoires sont rigoureusement respect\u00e9es par le patient.<\/p>\n\n\n\n<hr class=\"wp-block-separator has-alpha-channel-opacity\" \/>\n\n\n\n<h2 class=\"wp-block-heading\">Calendrier de r\u00e9cup\u00e9ration clinique<\/h2>\n\n\n\n<p>Le processus de gu\u00e9rison apr\u00e8s <strong>Mon exp\u00e9rience avec le mini lifting en Turquie<\/strong> suit un calendrier postop\u00e9ratoire bien d\u00e9fini :<\/p>\n\n\n\n<ul class=\"wp-block-list\">\n<li>Jour un : Repos absolu avec surveillance m\u00e9dicale stricte.<\/li>\n\n\n\n<li>Semaine une : Reprise progressive des activit\u00e9s l\u00e9g\u00e8res quotidiennes.<\/li>\n\n\n\n<li>Semaine deux : Disparition quasi totale des ecchymoses visibles faciales.<\/li>\n\n\n\n<li>Mois un : Retour au travail sans aucun pansement apparent.<\/li>\n\n\n\n<li>Mois trois : Appr\u00e9ciation claire des r\u00e9sultats structurels profonds.<\/li>\n\n\n\n<li>Mois six : Maturation cutan\u00e9e compl\u00e8te et r\u00e9sultat esth\u00e9tique final.<\/li>\n<\/ul>\n\n\n\n<p>En suivant scrupuleusement ces \u00e9tapes, le patient garantit que <strong>Mon exp\u00e9rience avec le mini lifting en Turquie<\/strong> offre une durabilit\u00e9 esth\u00e9tique optimale. De plus, la r\u00e9gularit\u00e9 des consultations de suivi aide \u00e0 valider la bonne progression de la cicatrisation tissulaire.<\/p>\n\n\n\n<hr class=\"wp-block-separator has-alpha-channel-opacity\" \/>\n\n\n\n<h2 class=\"wp-block-heading\">Histoires r\u00e9elles de patients internationaux<\/h2>\n\n\n\n<p>Mon exp\u00e9rience avec le mini lifting en Turquie a litt\u00e9ralement transform\u00e9 la vie et l&rsquo;estime de soi de nombreuses personnes \u00e0 travers le monde. En effet, \u00e9couter les t\u00e9moignages r\u00e9els permet de comprendre l&rsquo;impact profond de cette d\u00e9cision.<\/p>\n\n\n\n<ul class=\"wp-block-list\">\n<li><strong>Marie (45 ans) :<\/strong> \u00ab\u00a0Mon exp\u00e9rience avec le mini lifting en Turquie a effac\u00e9 ma bajoue tombante qui me complexait depuis des ann\u00e9es, me rendant mon profil de jeunesse.\u00a0\u00bb<\/li>\n\n\n\n<li><strong>Julien (52 ans) :<\/strong> \u00ab\u00a0En tant qu&rsquo;homme, j&rsquo;avais terriblement peur des cicatrices visibles, mais Mon exp\u00e9rience avec le mini lifting en Turquie les a rendues totalement imperceptibles.\u00a0\u00bb<\/li>\n\n\n\n<li><strong>Sophie (48 ans) :<\/strong> \u00ab\u00a0Le personnel m\u00e9dical de la clinique G+ m&rsquo;a choy\u00e9e, rendant Mon exp\u00e9rience avec le mini lifting en Turquie incroyablement douce et r\u00e9confortante.\u00a0\u00bb<\/li>\n\n\n\n<li><strong>Isabelle (50 ans) :<\/strong> \u00ab\u00a0Les r\u00e9sultats sont si naturels que je recommande Mon exp\u00e9rience avec le mini lifting en Turquie \u00e0 toutes mes amies proches sans h\u00e9siter.\u00a0\u00bb<\/li>\n<\/ul>\n\n\n\n<p>Ainsi, ces r\u00e9cits authentiques d\u00e9montrent que chaque parcours est unique, mais que la satisfaction finale reste une constante absolue pour ceux qui franchissent le pas avec de vrais professionnels.<\/p>\n\n\n\n<hr class=\"wp-block-separator has-alpha-channel-opacity\" \/>\n\n\n\n<h2 class=\"wp-block-heading\">Co\u00fbts cach\u00e9s \u00e0 pr\u00e9voir lors du voyage<\/h2>\n\n\n\n<p>Il est fondamental de budg\u00e9tiser correctement <strong>Mon exp\u00e9rience avec le mini lifting en Turquie<\/strong> pour \u00e9viter les surprises financi\u00e8res :<\/p>\n\n\n\n<ul class=\"wp-block-list\">\n<li>Billets d&rsquo;avion aller-retour internationaux selon la saison.<\/li>\n\n\n\n<li>Frais d&rsquo;accompagnateur pour le partenaire de voyage \u00e9ventuel.<\/li>\n\n\n\n<li>Repas suppl\u00e9mentaires consomm\u00e9s en dehors de l&rsquo;h\u00f4tel inclus.<\/li>\n\n\n\n<li>Achat de vitamines compl\u00e9mentaires post-chirurgicales pour la peau.<\/li>\n\n\n\n<li>Activit\u00e9s de loisirs et shopping personnel dans les bazars.<\/li>\n\n\n\n<li>Assurance voyage m\u00e9dicale internationale de couverture \u00e9tendue.<\/li>\n<\/ul>\n\n\n\n<p>Malgr\u00e9 l&rsquo;ajout de ces frais annexes, le co\u00fbt global de <strong>Mon exp\u00e9rience avec le mini lifting en Turquie<\/strong> reste extr\u00eamement comp\u00e9titif face aux tarifs prohibitifs pratiqu\u00e9s en Europe. Par cons\u00e9quent, l&rsquo;investissement global demeure hautement rentable pour une qualit\u00e9 de soins \u00e9quivalente, voire sup\u00e9rieure.<\/p>\n\n\n\n<hr class=\"wp-block-separator has-alpha-channel-opacity\" \/>\n\n\n\n<h2 class=\"wp-block-heading\">Conseils pour maintenir les r\u00e9sultats esth\u00e9tiques<\/h2>\n\n\n\n<p>Pr\u00e9server l&rsquo;\u00e9clat et la fermet\u00e9 obtenus gr\u00e2ce \u00e0 <strong>Mon exp\u00e9rience avec le mini lifting en Turquie<\/strong> requiert une discipline quotidienne stricte :<\/p>\n\n\n\n<ul class=\"wp-block-list\">\n<li>Application quotidienne d&rsquo;\u00e9cran solaire tr\u00e8s puissant contre les UV.<\/li>\n\n\n\n<li>Hydratation interne abondante en buvant beaucoup d&rsquo;eau min\u00e9rale.<\/li>\n\n\n\n<li>Consommation de prot\u00e9ines et d&rsquo;antioxydants naturels protecteurs cellulaires.<\/li>\n\n\n\n<li>\u00c9vitement total du tabagisme actif et de l&rsquo;exposition passive.<\/li>\n\n\n\n<li>R\u00e9alisation de massages faciaux lymphatiques doux et r\u00e9guliers.<\/li>\n\n\n\n<li>Maintien d&rsquo;un poids corporel tr\u00e8s stable sans fluctuations drastiques.<\/li>\n<\/ul>\n\n\n\n<p>Ces excellentes habitudes de vie saines maximisent ind\u00e9niablement la dur\u00e9e de <strong>Mon exp\u00e9rience avec le mini lifting en Turquie<\/strong>. En fin de compte, l&rsquo;implication personnelle du patient est le secret pour d\u00e9fier le temps de mani\u00e8re prolong\u00e9e.<\/p>\n\n\n\n<hr class=\"wp-block-separator has-alpha-channel-opacity\" \/>\n\n\n\n<h2 class=\"wp-block-heading\">Comparaison avec les alternatives chirurgicales<\/h2>\n\n\n\n<p>Comprendre la diff\u00e9rence entre un traitement partiel et global permet de justifier pourquoi <strong>Mon exp\u00e9rience avec le mini lifting en Turquie<\/strong> est si populaire aujourd&rsquo;hui.<\/p>\n\n\n\n<figure class=\"wp-block-table\"><table class=\"has-fixed-layout\"><thead><tr><td><strong>Caract\u00e9ristique de la chirurgie<\/strong><\/td><td><strong>Lifting Cervico-Facial Complet (Full Facelift)<\/strong><\/td><td><strong>Mon exp\u00e9rience avec le mini lifting en Turquie<\/strong><\/td><\/tr><\/thead><tbody><tr><td>Niveau d&rsquo;invasivit\u00e9 chirurgicale<\/td><td>Hautement invasif avec d\u00e9collement cutan\u00e9 majeur<\/td><td>Minimalement invasif avec d\u00e9collement tr\u00e8s limit\u00e9<\/td><\/tr><tr><td>Zone anatomique principalement cibl\u00e9e<\/td><td>Visage entier, cou complet et front sup\u00e9rieur<\/td><td>Tiers inf\u00e9rieur du visage et ligne de la m\u00e2choire<\/td><\/tr><tr><td>Temps de r\u00e9cup\u00e9ration sociale moyen<\/td><td>Vingt et un \u00e0 vingt-huit jours minimum<\/td><td>Sept \u00e0 dix jours dans la majorit\u00e9 des cas<\/td><\/tr><tr><td>Visibilit\u00e9 des cicatrices postop\u00e9ratoires<\/td><td>Cicatrices \u00e9tendues n\u00e9cessitant des soins longs<\/td><td>Micro-cicatrices cach\u00e9es tr\u00e8s rapidement invisibles<\/td><\/tr><tr><td>Indication li\u00e9e \u00e0 l&rsquo;\u00e2ge du patient<\/td><td>Recommand\u00e9 g\u00e9n\u00e9ralement apr\u00e8s l&rsquo;\u00e2ge de soixante ans<\/td><td>Id\u00e9al pour les patients entre quarante et cinquante-cinq ans<\/td><\/tr><tr><td>Type d&rsquo;anesth\u00e9sie habituellement requise<\/td><td>Anesth\u00e9sie g\u00e9n\u00e9rale lourde avec intubation trach\u00e9ale<\/td><td>Anesth\u00e9sie locale combin\u00e9e \u00e0 une s\u00e9dation douce<\/td><\/tr><tr><td>Risque de modification des expressions<\/td><td>Risque mod\u00e9r\u00e9 de perte de naturel expressif<\/td><td>Pr\u00e9servation totale de l&rsquo;identit\u00e9 et des expressions<\/td><\/tr><tr><td>Budget financier approximatif \u00e0 pr\u00e9voir<\/td><td>5000\u20ac \u00e0 7500\u20ac en moyenne<\/td><td>2500\u20ac \u00e0 3500\u20ac avec forfait complet inclus<\/td><\/tr><\/tbody><\/table><\/figure>\n\n\n\n<p>En conclusion, cette comparaison valide le fait que <strong>Mon exp\u00e9rience avec le mini lifting en Turquie<\/strong> est id\u00e9ale pour les corrections mod\u00e9r\u00e9es pr\u00e9coces. De plus, elle offre un ratio b\u00e9n\u00e9fice\/risque exceptionnellement favorable pour la patient\u00e8le active.<\/p>\n\n\n\n<hr class=\"wp-block-separator has-alpha-channel-opacity\" \/>\n\n\n\n<p>Mon exp\u00e9rience avec le mini lifting en Turquie n&rsquo;est que le point de d\u00e9part d&rsquo;une nouvelle approche holistique du bien-\u00eatre personnel. En effet, la chirurgie esth\u00e9tique corrige brillamment les signes ext\u00e9rieurs du vieillissement, mais l&rsquo;entretien de ce capital jeunesse repose sur un mode de vie profond\u00e9ment sain. Par cons\u00e9quent, adopter une routine de soins de la peau rigoureuse, g\u00e9rer le stress quotidien par la m\u00e9ditation et pratiquer une activit\u00e9 physique r\u00e9guli\u00e8re sont des facteurs d\u00e9terminants. L&rsquo;\u00e9quipe m\u00e9dicale de <a target=\"_blank\" rel=\"noreferrer noopener\" href=\"https:\/\/gplusclinic.com\/\">G+ Clinic<\/a> encourage fortement tous ses patients internationaux \u00e0 percevoir cette intervention non pas comme une fin en soi, mais comme une v\u00e9ritable renaissance globale stimulant la long\u00e9vit\u00e9 et la vitalit\u00e9.<\/p>\n\n\n\n<hr class=\"wp-block-separator has-alpha-channel-opacity\" \/>\n\n\n\n<h2 class=\"wp-block-heading\">Comment r\u00e9server votre consultation m\u00e9dicale ?<\/h2>\n\n\n\n<p>Initier la proc\u00e9dure pour <strong>Mon exp\u00e9rience avec le mini lifting en Turquie<\/strong> est extr\u00eamement simple, rapide et structur\u00e9 :<\/p>\n\n\n\n<ul class=\"wp-block-list\">\n<li>Contacter les conseillers m\u00e9dicaux via WhatsApp directement.<\/li>\n\n\n\n<li>Envoyer des photographies claires du visage sous divers angles.<\/li>\n\n\n\n<li>Recevoir le plan de traitement d\u00e9taill\u00e9 et transparent gratuitement.<\/li>\n\n\n\n<li>Valider le devis financier et choisir la date op\u00e9ratoire.<\/li>\n\n\n\n<li>R\u00e9server les billets d&rsquo;avion internationaux vers l&rsquo;a\u00e9roport d&rsquo;Istanbul.<\/li>\n\n\n\n<li>Arriver en Turquie et commencer la transformation esth\u00e9tique imm\u00e9diate.<\/li>\n<\/ul>\n\n\n\n<p>Ainsi, l&rsquo;organisation de <strong>Mon exp\u00e9rience avec le mini lifting en Turquie<\/strong> est totalement d\u00e9nu\u00e9e de stress logistique. En outre, une \u00e9quipe d&rsquo;assistance multilingue guide le patient avec bienveillance tout au long de ce processus d&rsquo;admission num\u00e9rique.<\/p>\n\n\n\n<figure class=\"wp-block-image size-large\"><img decoding=\"async\" width=\"1024\" height=\"576\" src=\"https:\/\/gplusclinic.com\/wp-content\/uploads\/2026\/05\/My-experience-with-Mini-Facelift-in-Turkey-3-1024x576.jpg\" alt=\"Vue de la Tour de Galata \u00e0 Istanbul sous un ciel bleu\" class=\"wp-image-46973\" srcset=\"https:\/\/gplusclinic.com\/wp-content\/uploads\/2026\/05\/My-experience-with-Mini-Facelift-in-Turkey-3-1024x576.jpg 1024w, https:\/\/gplusclinic.com\/wp-content\/uploads\/2026\/05\/My-experience-with-Mini-Facelift-in-Turkey-3-300x169.jpg 300w, https:\/\/gplusclinic.com\/wp-content\/uploads\/2026\/05\/My-experience-with-Mini-Facelift-in-Turkey-3-768x432.jpg 768w, https:\/\/gplusclinic.com\/wp-content\/uploads\/2026\/05\/My-experience-with-Mini-Facelift-in-Turkey-3-1536x864.jpg 1536w, https:\/\/gplusclinic.com\/wp-content\/uploads\/2026\/05\/My-experience-with-Mini-Facelift-in-Turkey-3-800x450.jpg 800w, https:\/\/gplusclinic.com\/wp-content\/uploads\/2026\/05\/My-experience-with-Mini-Facelift-in-Turkey-3.jpg 1920w\" sizes=\"(max-width: 1024px) 100vw, 1024px\" \/><figcaption class=\"wp-element-caption\">Vue de la Tour de Galata \u00e0 Istanbul sous un ciel bleu<\/figcaption><\/figure>\n\n\n\n<hr class=\"wp-block-separator has-alpha-channel-opacity\" \/>\n\n\n\n<h2 class=\"wp-block-heading\">Conclusion sur votre transformation faciale<\/h2>\n\n\n\n<p>En r\u00e9sum\u00e9, Mon exp\u00e9rience avec le mini lifting en Turquie repr\u00e9sente l&rsquo;investissement ultime dans la beaut\u00e9 intemporelle et la confiance personnelle. Gr\u00e2ce \u00e0 l&rsquo;expertise reconnue et certifi\u00e9e de <a target=\"_blank\" rel=\"noreferrer noopener\" href=\"https:\/\/gplusclinic.com\/\">G+ Clinic<\/a>, les patients du monde entier b\u00e9n\u00e9ficient d&rsquo;un rajeunissement spectaculaire, cliniquement s\u00fbr et financi\u00e8rement accessible. Mon exp\u00e9rience avec le mini lifting en Turquie efface les traces du temps avec une \u00e9l\u00e9gance naturelle incomparable. Par cons\u00e9quent, il n&rsquo;a jamais \u00e9t\u00e9 aussi simple de redessiner les contours de sa jeunesse. \u00cates-vous le candidat id\u00e9al pour entamer ce voyage transformateur et changer votre vie ?<\/p>\n\n\n\n<hr class=\"wp-block-separator has-alpha-channel-opacity\" \/>\n\n\n\n<h2 class=\"wp-block-heading\">FAQ sur Mon exp\u00e9rience avec le mini lifting en Turquie<\/h2>\n\n\n\n<h3 class=\"wp-block-heading\">Mon exp\u00e9rience avec le mini lifting en Turquie laisse-t-elle des cicatrices visibles ?<\/h3>\n\n\n\n<p><strong>Absolument pas, car les chirurgiens plasticiens dissimulent tr\u00e8s intelligemment les micro-incisions \u00e0 l&rsquo;int\u00e9rieur des plis naturels de l&rsquo;oreille et derri\u00e8re la ligne des cheveux.<\/strong> Par cons\u00e9quent, une fois la p\u00e9riode de cicatrisation achev\u00e9e, les marques de Mon exp\u00e9rience avec le mini lifting en Turquie deviennent ind\u00e9tectables, m\u00eame lors d&rsquo;une observation rapproch\u00e9e.<\/p>\n\n\n\n<h3 class=\"wp-block-heading\">Quel est l&rsquo;\u00e2ge id\u00e9al pour r\u00e9aliser cette proc\u00e9dure chirurgicale ?<\/h3>\n\n\n\n<p><strong>L&rsquo;\u00e2ge le plus propice se situe g\u00e9n\u00e9ralement entre quarante et cinquante-cinq ans, lorsque les premiers signes d&rsquo;affaissement du bas du visage apparaissent mais que la peau conserve une bonne \u00e9lasticit\u00e9.<\/strong> Ainsi, Mon exp\u00e9rience avec le mini lifting en Turquie agit comme une excellente pr\u00e9vention contre le vieillissement s\u00e9v\u00e8re futur.<\/p>\n\n\n\n<h3 class=\"wp-block-heading\">Cette intervention esth\u00e9tique est-elle particuli\u00e8rement douloureuse ?<\/h3>\n\n\n\n<p><strong>Non, la proc\u00e9dure est tr\u00e8s bien tol\u00e9r\u00e9e et n&rsquo;entra\u00eene qu&rsquo;un l\u00e9ger inconfort, rapidement soulag\u00e9 par des analg\u00e9siques standards prescrits par la clinique.<\/strong> En fait, les patients rapportent que Mon exp\u00e9rience avec le mini lifting en Turquie est beaucoup moins douloureuse qu&rsquo;ils ne l&rsquo;avaient imagin\u00e9 initialement.<\/p>\n\n\n\n<h3 class=\"wp-block-heading\">Quand puis-je voyager en avion apr\u00e8s l&rsquo;op\u00e9ration faciale ?<\/h3>\n\n\n\n<p><strong>Il est fortement recommand\u00e9 de patienter environ sept \u00e0 dix jours apr\u00e8s l&rsquo;intervention avant de prendre un vol international, afin de garantir un retrait s\u00fbr des sutures.<\/strong> De cette mani\u00e8re, Mon exp\u00e9rience avec le mini lifting en Turquie se d\u00e9roule sans complications li\u00e9es aux variations de pression en cabine.<\/p>\n\n\n\n<h3 class=\"wp-block-heading\">Combien de temps durent les r\u00e9sultats de l&rsquo;intervention chirurgicale ?<\/h3>\n\n\n\n<p><strong>Les r\u00e9sultats offrent un rajeunissement durable s&rsquo;\u00e9talant sur une p\u00e9riode de sept \u00e0 dix ann\u00e9es, bien que le processus naturel de vieillissement cutan\u00e9 continue d&rsquo;\u00e9voluer.<\/strong> Toutefois, adopter une excellente hygi\u00e8ne de vie prolonge consid\u00e9rablement les magnifiques b\u00e9n\u00e9fices de Mon exp\u00e9rience avec le mini lifting en Turquie.<\/p>\n","protected":false},"excerpt":{"rendered":"<p>Mon exp\u00e9rience avec le mini lifting en Turquie (Mini Facelift) repr\u00e9sente une transformation majeure pour retrouver la jeunesse et la confiance en soi. De nombreux patients internationaux choisissent G+ Clinic pour obtenir des r\u00e9sultats exceptionnels, un rajeunissement naturel et une s\u00e9curit\u00e9 m\u00e9dicale optimale. En outre, Mon exp\u00e9rience avec le mini lifting en Turquie prouve que [&hellip;]<\/p>\n","protected":false},"author":6,"featured_media":46974,"comment_status":"open","ping_status":"open","sticky":false,"template":"","format":"standard","meta":{"ocean_post_layout":"","ocean_both_sidebars_style":"","ocean_both_sidebars_content_width":0,"ocean_both_sidebars_sidebars_width":0,"ocean_sidebar":"","ocean_second_sidebar":"","ocean_disable_margins":"enable","ocean_add_body_class":"","ocean_shortcode_before_top_bar":"","ocean_shortcode_after_top_bar":"","ocean_shortcode_before_header":"","ocean_shortcode_after_header":"","ocean_has_shortcode":"","ocean_shortcode_after_title":"","ocean_shortcode_before_footer_widgets":"","ocean_shortcode_after_footer_widgets":"","ocean_shortcode_before_footer_bottom":"","ocean_shortcode_after_footer_bottom":"","ocean_display_top_bar":"default","ocean_display_header":"default","ocean_header_style":"","ocean_center_header_left_menu":"","ocean_custom_header_template":"","ocean_custom_logo":0,"ocean_custom_retina_logo":0,"ocean_custom_logo_max_width":0,"ocean_custom_logo_tablet_max_width":0,"ocean_custom_logo_mobile_max_width":0,"ocean_custom_logo_max_height":0,"ocean_custom_logo_tablet_max_height":0,"ocean_custom_logo_mobile_max_height":0,"ocean_header_custom_menu":"","ocean_menu_typo_font_family":"","ocean_menu_typo_font_subset":"","ocean_menu_typo_font_size":0,"ocean_menu_typo_font_size_tablet":0,"ocean_menu_typo_font_size_mobile":0,"ocean_menu_typo_font_size_unit":"px","ocean_menu_typo_font_weight":"","ocean_menu_typo_font_weight_tablet":"","ocean_menu_typo_font_weight_mobile":"","ocean_menu_typo_transform":"","ocean_menu_typo_transform_tablet":"","ocean_menu_typo_transform_mobile":"","ocean_menu_typo_line_height":0,"ocean_menu_typo_line_height_tablet":0,"ocean_menu_typo_line_height_mobile":0,"ocean_menu_typo_line_height_unit":"","ocean_menu_typo_spacing":0,"ocean_menu_typo_spacing_tablet":0,"ocean_menu_typo_spacing_mobile":0,"ocean_menu_typo_spacing_unit":"","ocean_menu_link_color":"","ocean_menu_link_color_hover":"","ocean_menu_link_color_active":"","ocean_menu_link_background":"","ocean_menu_link_hover_background":"","ocean_menu_link_active_background":"","ocean_menu_social_links_bg":"","ocean_menu_social_hover_links_bg":"","ocean_menu_social_links_color":"","ocean_menu_social_hover_links_color":"","ocean_disable_title":"default","ocean_disable_heading":"default","ocean_post_title":"","ocean_post_subheading":"","ocean_post_title_style":"","ocean_post_title_background_color":"","ocean_post_title_background":0,"ocean_post_title_bg_image_position":"","ocean_post_title_bg_image_attachment":"","ocean_post_title_bg_image_repeat":"","ocean_post_title_bg_image_size":"","ocean_post_title_height":0,"ocean_post_title_bg_overlay":0.5,"ocean_post_title_bg_overlay_color":"","ocean_disable_breadcrumbs":"default","ocean_breadcrumbs_color":"","ocean_breadcrumbs_separator_color":"","ocean_breadcrumbs_links_color":"","ocean_breadcrumbs_links_hover_color":"","ocean_display_footer_widgets":"default","ocean_display_footer_bottom":"default","ocean_custom_footer_template":"","ofc_meta_disable_footer_callout":"","ofc_meta_callout_button_url":"","ofc_meta_callout_button_txt":"","ofc_meta_callout_text":"","ofc_enable_fullscreen":"disable","ofc_fullscreen_speed":0,"ofc_fullscreen_nav":"enable","ofc_fullscreen_nav_pos":"right","ofc_fullscreen_nav_color":"","ofc_fullscreen_nav_tooltip_color":"","ofc_fullscreen_responsive":0,"osp_disable_panel":"default","osh_disable_topbar_sticky":"default","osh_disable_header_sticky":"default","osh_sticky_header_style":"default","osh_sticky_header_effect":"","osh_custom_sticky_logo":0,"osh_custom_retina_sticky_logo":0,"osh_custom_sticky_logo_height":0,"osh_background_color":"","osh_links_color":"","osh_links_hover_color":"","osh_links_active_color":"","osh_links_bg_color":"","osh_links_hover_bg_color":"","osh_links_active_bg_color":"","osh_menu_social_links_color":"","osh_menu_social_hover_links_color":"","ocean_post_oembed":"","ocean_post_self_hosted_media":"","ocean_post_video_embed":"","ocean_link_format":"","ocean_link_format_target":"self","ocean_quote_format":"","ocean_quote_format_link":"post","ocean_gallery_link_images":"on","ocean_gallery_id":[],"footnotes":""},"categories":[7],"tags":[6587,1371,3077,287,1954,1365,910,25137,4293,27120,4549,15675,4356,25138,27118,4242,1435,27119,10571,4775,9523,511,27121,600,11009],"class_list":["post-46975","post","type-post","status-publish","format-standard","has-post-thumbnail","hentry","category-blog","tag-anti-age","tag-beaute-istanbul","tag-chirurgie-du-visage","tag-chirurgie-esthetique-turquie","tag-chirurgie-sure","tag-chirurgien-plastique-istanbul","tag-clinique-esthetique-turquie","tag-lifting-avant-apres","tag-lifting-cervico-facial","tag-lifting-doux","tag-lifting-du-bas-du-visage","tag-lifting-naturel","tag-meilleurs-chirurgiens-turquie","tag-mini-lifting-turquie","tag-mon-experience-mini-lifting","tag-ovale-du-visage","tag-peau-relachee","tag-prix-mini-lifting","tag-rajeunissement-du-visage","tag-remodelage-facial","tag-resultats-lifting","tag-soins-post-operatoires","tag-temoignage-lifting","tag-tourisme-medical","tag-traitement-des-rides","entry","has-media"],"_links":{"self":[{"href":"https:\/\/gplusclinic.com\/fr\/wp-json\/wp\/v2\/posts\/46975","targetHints":{"allow":["GET"]}}],"collection":[{"href":"https:\/\/gplusclinic.com\/fr\/wp-json\/wp\/v2\/posts"}],"about":[{"href":"https:\/\/gplusclinic.com\/fr\/wp-json\/wp\/v2\/types\/post"}],"author":[{"embeddable":true,"href":"https:\/\/gplusclinic.com\/fr\/wp-json\/wp\/v2\/users\/6"}],"replies":[{"embeddable":true,"href":"https:\/\/gplusclinic.com\/fr\/wp-json\/wp\/v2\/comments?post=46975"}],"version-history":[{"count":1,"href":"https:\/\/gplusclinic.com\/fr\/wp-json\/wp\/v2\/posts\/46975\/revisions"}],"predecessor-version":[{"id":46976,"href":"https:\/\/gplusclinic.com\/fr\/wp-json\/wp\/v2\/posts\/46975\/revisions\/46976"}],"wp:featuredmedia":[{"embeddable":true,"href":"https:\/\/gplusclinic.com\/fr\/wp-json\/wp\/v2\/media\/46974"}],"wp:attachment":[{"href":"https:\/\/gplusclinic.com\/fr\/wp-json\/wp\/v2\/media?parent=46975"}],"wp:term":[{"taxonomy":"category","embeddable":true,"href":"https:\/\/gplusclinic.com\/fr\/wp-json\/wp\/v2\/categories?post=46975"},{"taxonomy":"post_tag","embeddable":true,"href":"https:\/\/gplusclinic.com\/fr\/wp-json\/wp\/v2\/tags?post=46975"}],"curies":[{"name":"wp","href":"https:\/\/api.w.org\/{rel}","templated":true}]}}