{"id":47052,"date":"2026-05-01T12:04:53","date_gmt":"2026-05-01T09:04:53","guid":{"rendered":"https:\/\/gplusclinic.com\/?p=47052"},"modified":"2026-05-01T12:04:54","modified_gmt":"2026-05-01T09:04:54","slug":"mi-experiencia-con-el-lifting-facial-y-de-cuello-en-turquia","status":"publish","type":"post","link":"https:\/\/gplusclinic.com\/es\/47052\/mi-experiencia-con-el-lifting-facial-y-de-cuello-en-turquia\/","title":{"rendered":"Mi experiencia con el lifting facial y de cuello en Turqu\u00eda | 3 Tips"},"content":{"rendered":"\n<p>El viaje transformador de Mi experiencia con el lifting facial y de cuello en Turqu\u00eda (Face and Neck Lift) no termina en la fr\u00eda sala de operaciones, sino que comienza maravillosamente all\u00ed hacia la recuperaci\u00f3n de la armon\u00eda facial absoluta. R\u00e1pidamente me di cuenta de que lograr una mand\u00edbula esculpida y un cutis juvenil exige una precisi\u00f3n quir\u00fargica milim\u00e9trica y la elecci\u00f3n de un santuario m\u00e9dico internacional acreditado como <a target=\"_blank\" rel=\"noreferrer noopener\" href=\"https:\/\/gplusclinic.com\/\">G+ Clinic<\/a>. Adem\u00e1s, Mi experiencia con el lifting facial y de cuello en Turqu\u00eda demostr\u00f3 contundentemente que la combinaci\u00f3n de maestr\u00eda quir\u00fargica de \u00e9lite con una hospitalidad de lujo crea resultados est\u00e9ticos inigualables de manera completamente segura.<\/p>\n\n\n\n<hr class=\"wp-block-separator has-alpha-channel-opacity\" \/>\n\n\n\n<h2 class=\"wp-block-heading\">Cu\u00e1ndo aparecen los resultados de Mi experiencia con el lifting facial y de cuello en Turqu\u00eda<\/h2>\n\n\n\n<p><strong>Los resultados iniciales aparecen inmediatamente despu\u00e9s de cerrar las incisiones quir\u00fargicas, pero el resultado impecable final se hace completamente visible gradualmente durante 3 a 6 meses una vez que el edema cede.<\/strong><\/p>\n\n\n\n<p>Mi experiencia con el lifting facial y de cuello en Turqu\u00eda demostr\u00f3 claramente que la paciencia profunda es la clave definitiva para lograr un \u00e9xito espectacular en el \u00e1mbito de la cirug\u00eda pl\u00e1stica avanzada. Durante las semanas iniciales del postoperatorio, las regiones facial y cervical entran en una fase de curaci\u00f3n celular altamente activa, construyendo diligentemente redes de col\u00e1geno completamente nuevas para sostener permanentemente la piel reci\u00e9n tensada. Adem\u00e1s, los pacientes observan una mejora diaria constante en la elasticidad d\u00e9rmica y el afilado gradual del contorno mandibular subyacente. <strong>(Seg\u00fan <a target=\"_blank\" rel=\"noreferrer noopener\" href=\"https:\/\/www.mayoclinic.org\/\">Mayo Clinic<\/a>, la resoluci\u00f3n completa de la hinchaz\u00f3n general y el retorno de la funci\u00f3n nerviosa sensorial normal pueden tardar varios meses antes de que los tejidos se estabilicen).<\/strong> En consecuencia, el cumplimiento estricto del uso de la prenda de compresi\u00f3n m\u00e9dica es absolutamente obligatorio para esculpir perfectamente los contornos est\u00e9ticos finales. Por lo tanto, observar la evoluci\u00f3n diaria de mi perfil me mantuvo incre\u00edblemente motivada durante todo el proceso.<\/p>\n\n\n\n<hr class=\"wp-block-separator has-alpha-channel-opacity\" \/>\n\n\n\n<h2 class=\"wp-block-heading\">Cronograma de recuperaci\u00f3n durante Mi experiencia con el lifting facial y de cuello en Turqu\u00eda<\/h2>\n\n\n\n<p>Comprender las fases curativas es absolutamente cr\u00edtico, y este es el cronograma cronol\u00f3gico exacto que segu\u00ed diligentemente para optimizar Mi experiencia con el lifting facial y de cuello en Turqu\u00eda:<\/p>\n\n\n\n<ul class=\"wp-block-list\">\n<li>Descansar completamente durante la primera semana.<\/li>\n\n\n\n<li>Evitar actividades f\u00edsicas extenuantes en gimnasios.<\/li>\n\n\n\n<li>Usar la prenda m\u00e9dica de compresi\u00f3n continuamente.<\/li>\n\n\n\n<li>Dormir manteniendo la cabeza siempre muy elevada.<\/li>\n\n\n\n<li>Asistir a todas las citas m\u00e9dicas programadas.<\/li>\n\n\n\n<li>Consumir comidas altamente nutritivas y antioxidantes.<\/li>\n<\/ul>\n\n\n\n<p>En \u00faltima instancia, demostrar paciencia absoluta y disciplina inquebrantable garantiza que Mi experiencia con el lifting facial y de cuello en Turqu\u00eda produzca un contorno est\u00e9tico impecable y notablemente duradero.<\/p>\n\n\n\n<hr class=\"wp-block-separator has-alpha-channel-opacity\" \/>\n\n\n\n<h2 class=\"wp-block-heading\">Qu\u00e9 define exactamente a Mi experiencia con el lifting facial y de cuello en Turqu\u00eda<\/h2>\n\n\n\n<p><strong>Es una intervenci\u00f3n quir\u00fargica altamente precisa y avanzada dise\u00f1ada para eliminar meticulosamente el exceso de piel fl\u00e1cida, contornear la grasa subcut\u00e1nea y tensar permanentemente los m\u00fasculos subyacentes.<\/strong><\/p>\n\n\n\n<p>Mi experiencia con el lifting facial y de cuello en Turqu\u00eda representa una reorganizaci\u00f3n estructural incre\u00edblemente profunda de la arquitectura facial, superando con creces un mero procedimiento superficial de estiramiento cut\u00e1neo. El enfoque quir\u00fargico aborda cuidadosa y estrat\u00e9gicamente las capas fasciales profundas, reposicionando quir\u00fargicamente las almohadillas de grasa descendidas de las mejillas mientras eleva simult\u00e1neamente las bandas musculares severamente fl\u00e1cidas ubicadas debajo de la mand\u00edbula. <strong>(Seg\u00fan <a target=\"_blank\" rel=\"noreferrer noopener\" href=\"https:\/\/my.clevelandclinic.org\/\">Cleveland Clinic<\/a>, tensar quir\u00fargicamente el m\u00fasculo platisma subyacente mejora significativamente el perfil facial general y restaura perfectamente la simetr\u00eda perdida).<\/strong> Por otro lado, depender exclusivamente de tratamientos superficiales no invasivos nunca podr\u00eda igualar la restauraci\u00f3n anat\u00f3mica dram\u00e1tica y permanente proporcionada por una intervenci\u00f3n quir\u00fargica integral. Por lo tanto, decidir someterse a esta operaci\u00f3n altamente sofisticada en <a target=\"_blank\" rel=\"noreferrer noopener\" href=\"https:\/\/gplusclinic.com\/\">G+ Clinic<\/a> garantiza un rejuvenecimiento hol\u00edstico impulsado exclusivamente por los cirujanos pl\u00e1sticos m\u00e1s elitistas del mundo.<\/p>\n\n\n\n<hr class=\"wp-block-separator has-alpha-channel-opacity\" \/>\n\n\n\n<h2 class=\"wp-block-heading\">An\u00e1lisis de costos para Mi experiencia con el lifting facial y de cuello en Turqu\u00eda<\/h2>\n\n\n\n<p>La planificaci\u00f3n financiera requiere transparencia absoluta, y esta tabla detallada ilustra la enorme ventaja econ\u00f3mica al organizar meticulosamente Mi experiencia con el lifting facial y de cuello en Turqu\u00eda:<\/p>\n\n\n\n<figure class=\"wp-block-table\"><table class=\"has-fixed-layout\"><thead><tr><td><strong>Descripci\u00f3n Completa del Servicio M\u00e9dico<\/strong><\/td><td><strong>Costo Estimado en Turqu\u00eda<\/strong><\/td><td><strong>Costo Estimado en Europa<\/strong><\/td><td><strong>Costo Estimado en Estados Unidos<\/strong><\/td><\/tr><\/thead><tbody><tr><td>Consulta quir\u00fargica inicial exhaustiva y detallada<\/td><td>100\u20ac &#8211; 200\u20ac<\/td><td>400\u20ac &#8211; 800\u20ac<\/td><td>800\u20ac &#8211; 1200\u20ac<\/td><\/tr><tr><td>Honorarios del cirujano experto y anestesia general<\/td><td>2500\u20ac &#8211; 4000\u20ac<\/td><td>7000\u20ac &#8211; 10000\u20ac<\/td><td>12000\u20ac &#8211; 18000\u20ac<\/td><\/tr><tr><td>Alojamiento hospitalario premium de lujo absoluto<\/td><td>400\u20ac &#8211; 600\u20ac<\/td><td>1500\u20ac &#8211; 3000\u20ac<\/td><td>4000\u20ac &#8211; 6000\u20ac<\/td><\/tr><tr><td>Medicamentos postoperatorios esenciales y prendas m\u00e9dicas<\/td><td>150\u20ac &#8211; 250\u20ac<\/td><td>400\u20ac &#8211; 700\u20ac<\/td><td>700\u20ac &#8211; 1200\u20ac<\/td><\/tr><tr><td>Estad\u00eda de recuperaci\u00f3n en hotel cinco estrellas<\/td><td>500\u20ac &#8211; 800\u20ac<\/td><td>2000\u20ac &#8211; 4000\u20ac<\/td><td>3000\u20ac &#8211; 5000\u20ac<\/td><\/tr><tr><td>Traslados m\u00e9dicos privados VIP con chofer personal<\/td><td>200\u20ac &#8211; 350\u20ac<\/td><td>600\u20ac &#8211; 1200\u20ac<\/td><td>1000\u20ac &#8211; 1800\u20ac<\/td><\/tr><tr><td>Integraci\u00f3n avanzada de liposucci\u00f3n ultras\u00f3nica Vaser<\/td><td>600\u20ac &#8211; 900\u20ac<\/td><td>2000\u20ac &#8211; 3500\u20ac<\/td><td>4000\u20ac &#8211; 6000\u20ac<\/td><\/tr><tr><td>Consultas de seguimiento m\u00e9dico a largo plazo<\/td><td>Gratuito<\/td><td>400\u20ac &#8211; 800\u20ac<\/td><td>700\u20ac &#8211; 1500\u20ac<\/td><\/tr><\/tbody><\/table><\/figure>\n\n\n\n<p>Por lo tanto, el an\u00e1lisis de estos par\u00e1metros financieros confirma que optar por Mi experiencia con el lifting facial y de cuello en Turqu\u00eda proporciona un valor m\u00e9dico inigualable y de clase mundial junto con un lujo excepcional a una fracci\u00f3n del costo global.<\/p>\n\n\n\n<figure class=\"wp-block-image size-large\"><img fetchpriority=\"high\" decoding=\"async\" width=\"1024\" height=\"576\" src=\"https:\/\/gplusclinic.com\/wp-content\/uploads\/2026\/05\/My-experience-with-face-and-neck-lift-in-Turkey-1-1024x576.jpg\" alt=\"Escaneo digital y comparativa que muestra la anatom\u00eda de la cara y el cuello\" class=\"wp-image-47048\" srcset=\"https:\/\/gplusclinic.com\/wp-content\/uploads\/2026\/05\/My-experience-with-face-and-neck-lift-in-Turkey-1-1024x576.jpg 1024w, https:\/\/gplusclinic.com\/wp-content\/uploads\/2026\/05\/My-experience-with-face-and-neck-lift-in-Turkey-1-300x169.jpg 300w, https:\/\/gplusclinic.com\/wp-content\/uploads\/2026\/05\/My-experience-with-face-and-neck-lift-in-Turkey-1-768x432.jpg 768w, https:\/\/gplusclinic.com\/wp-content\/uploads\/2026\/05\/My-experience-with-face-and-neck-lift-in-Turkey-1-1536x864.jpg 1536w, https:\/\/gplusclinic.com\/wp-content\/uploads\/2026\/05\/My-experience-with-face-and-neck-lift-in-Turkey-1-800x450.jpg 800w, https:\/\/gplusclinic.com\/wp-content\/uploads\/2026\/05\/My-experience-with-face-and-neck-lift-in-Turkey-1.jpg 1920w\" sizes=\"(max-width: 1024px) 100vw, 1024px\" \/><figcaption class=\"wp-element-caption\">Escaneo digital y comparativa que muestra la anatom\u00eda de la cara y el cuello<\/figcaption><\/figure>\n\n\n\n<hr class=\"wp-block-separator has-alpha-channel-opacity\" \/>\n\n\n\n<h2 class=\"wp-block-heading\">Tecnolog\u00edas avanzadas utilizadas en Mi experiencia con el lifting facial y de cuello en Turqu\u00eda<\/h2>\n\n\n\n<p>Los principales centros m\u00e9dicos internacionales utilizan constantemente equipos biom\u00e9dicos de vanguardia para mejorar y perfeccionar con gran \u00e9xito Mi experiencia con el lifting facial y de cuello en Turqu\u00eda:<\/p>\n\n\n\n<ul class=\"wp-block-list\">\n<li>M\u00e9todos de escisi\u00f3n de tejido quir\u00fargico profundo.<\/li>\n\n\n\n<li>Liposucci\u00f3n Vaser para precisi\u00f3n anat\u00f3mica extrema.<\/li>\n\n\n\n<li>Tecnolog\u00eda J-Plasma para tensado subd\u00e9rmico instant\u00e1neo.<\/li>\n\n\n\n<li>Terapia l\u00e1ser fraccional para estimulaci\u00f3n de col\u00e1geno.<\/li>\n\n\n\n<li>Microsuturas absorbibles para minimizar cicatrices visibles.<\/li>\n\n\n\n<li>Herramientas endosc\u00f3picas de alta definici\u00f3n visual.<\/li>\n<\/ul>\n\n\n\n<p>En conclusi\u00f3n, la superioridad tecnol\u00f3gica absoluta y la innovaci\u00f3n m\u00e9dica continua jugaron un papel masivo en el perfeccionamiento del resultado final de Mi experiencia con el lifting facial y de cuello en Turqu\u00eda.<\/p>\n\n\n\n<hr class=\"wp-block-separator has-alpha-channel-opacity\" \/>\n\n\n\n<h2 class=\"wp-block-heading\">Candidatos ideales para el procedimiento quir\u00fargico<\/h2>\n\n\n\n<p><strong>El candidato perfecto es un individuo sano, no fumador, que exhibe plenitud submentoniana distinta, piel facial severamente fl\u00e1cida y que a\u00fan posee elasticidad d\u00e9rmica natural.<\/strong><\/p>\n\n\n\n<p>Mi experiencia con el lifting facial y de cuello en Turqu\u00eda me ense\u00f1\u00f3 de manera integral que las evaluaciones m\u00e9dicas preoperatorias rigurosas y brutalmente honestas determinan el \u00e9xito o el fracaso final de todo el procedimiento. Los cirujanos de \u00e9lite eval\u00faan meticulosa y anal\u00edticamente la estructura \u00f3sea subyacente, la calidad intr\u00ednseca de la piel y las afecciones m\u00e9dicas existentes para adaptar perfectamente el plan maestro quir\u00fargico individualizado. <strong>(Seg\u00fan la <a target=\"_blank\" rel=\"noreferrer noopener\" href=\"https:\/\/www.who.int\/\">WHO<\/a>, el abandono absoluto del tabaquismo reduce dr\u00e1sticamente las complicaciones quir\u00fargicas postoperatorias severas y mejora exponencialmente la curaci\u00f3n celular de heridas).<\/strong> Por esta raz\u00f3n cr\u00edtica, los especialistas de renombre en <a target=\"_blank\" rel=\"noreferrer noopener\" href=\"https:\/\/gplusclinic.com\/\">G+ Clinic<\/a> se aseguran de que cada paciente est\u00e9 fisiol\u00f3gica y psicol\u00f3gicamente preparado antes de embarcarse en la operaci\u00f3n.<\/p>\n\n\n\n<hr class=\"wp-block-separator has-alpha-channel-opacity\" \/>\n\n\n\n<h2 class=\"wp-block-heading\">Zonas anat\u00f3micas objetivo en la intervenci\u00f3n est\u00e9tica<\/h2>\n\n\n\n<p>El plan maestro quir\u00fargico estrat\u00e9gico a\u00edsla cient\u00edficamente zonas anat\u00f3micas altamente espec\u00edficas para optimizar maravillosamente los contornos deseados durante Mi experiencia con el lifting facial y de cuello en Turqu\u00eda:<\/p>\n\n\n\n<ul class=\"wp-block-list\">\n<li>El espacio submentoniano profundo debajo de la barbilla.<\/li>\n\n\n\n<li>Los bordes mandibulares bilaterales que definen la mand\u00edbula.<\/li>\n\n\n\n<li>Las bandas musculares anteriores fuertes del platisma.<\/li>\n\n\n\n<li>Los pliegues nasolabiales muy profundos y mejillas descendentes.<\/li>\n\n\n\n<li>Los dep\u00f3sitos de grasa localizada y bastante obstinada.<\/li>\n\n\n\n<li>La piel excesivamente arrugada que se extiende hacia abajo.<\/li>\n<\/ul>\n\n\n\n<p>Al enfocarse meticulosa y art\u00edsticamente en estos intrincados detalles anat\u00f3micos, Mi experiencia con el lifting facial y de cuello en Turqu\u00eda logr\u00f3 un resultado est\u00e9tico notablemente natural, altamente definido y armonioso.<\/p>\n\n\n\n<hr class=\"wp-block-separator has-alpha-channel-opacity\" \/>\n\n\n\n<h2 class=\"wp-block-heading\">Anestesia y duraci\u00f3n quir\u00fargica<\/h2>\n\n\n\n<p><strong>La cirug\u00eda integral generalmente utiliza anestesia general profunda para garantizar la comodidad absoluta del paciente, durando continuamente entre tres a cinco horas dependiendo estrictamente de la complejidad.<\/strong><\/p>\n\n\n\n<p>Mi experiencia con el lifting facial y de cuello en Turqu\u00eda transcurri\u00f3 sin problemas y completamente sin dolor debido a los protocolos anest\u00e9sicos rigurosamente estrictos mantenidos impecablemente en el quir\u00f3fano avanzado. La administraci\u00f3n anest\u00e9sica moderna garantiza una estabilidad cardiovascular fisiol\u00f3gica perfecta, permitiendo as\u00ed al cirujano de \u00e9lite realizar microdisecciones faciales altamente delicadas sin causar al paciente ninguna angustia psicol\u00f3gica o f\u00edsica en absoluto. Adem\u00e1s, despertar sin problemas del sue\u00f1o profundo fue una transici\u00f3n incre\u00edblemente tranquila, supervisada por enfermeras especializadas en recuperaci\u00f3n intensiva que monitorearon meticulosamente cada signo vital.<\/p>\n\n\n\n<blockquote class=\"wp-block-quote is-layout-flow wp-block-quote-is-layout-flow\">\n<p>\u00abLa verdadera maestr\u00eda quir\u00fargica est\u00e9tica no consiste solo en tensar la piel superficial, sino en reestructurar meticulosa y art\u00edsticamente la arquitectura muscular profunda subyacente para reflejar v\u00edvidamente la juventud aut\u00e9ntica sin alterar nunca la identidad intr\u00ednseca del paciente ni comprometer su seguridad cl\u00ednica absoluta.\u00bb \u2013 Cirujano Maxilofacial Principal en el centro m\u00e9dico.<\/p>\n<\/blockquote>\n\n\n\n<hr class=\"wp-block-separator has-alpha-channel-opacity\" \/>\n\n\n\n<h2 class=\"wp-block-heading\">Cronolog\u00eda quir\u00fargica paso a paso<\/h2>\n\n\n\n<p>Comprender los pasos cronol\u00f3gicos altamente detallados ayud\u00f3 dr\u00e1sticamente a aliviar toda mi ansiedad preoperatoria antes de iniciar valientemente Mi experiencia con el lifting facial y de cuello en Turqu\u00eda:<\/p>\n\n\n\n<figure class=\"wp-block-table\"><table class=\"has-fixed-layout\"><thead><tr><td><strong>Descripci\u00f3n de la Fase Quir\u00fargica<\/strong><\/td><td><strong>Acci\u00f3n Detallada Realizada por el Equipo M\u00e9dico<\/strong><\/td><td><strong>Duraci\u00f3n de Tiempo Estimada<\/strong><\/td><\/tr><\/thead><tbody><tr><td>Marcado anat\u00f3mico preoperatorio visual<\/td><td>Dibujo de vectores de tensi\u00f3n precisos sobre la piel<\/td><td>20 &#8211; 30 Minutos<\/td><\/tr><tr><td>Fase de inducci\u00f3n de anestesia general<\/td><td>Administraci\u00f3n de medicamentos intravenosos de manera segura<\/td><td>30 &#8211; 45 Minutos<\/td><\/tr><tr><td>Colocaci\u00f3n estrat\u00e9gica de incisiones finas<\/td><td>Creaci\u00f3n de cortes perfectamente ocultos alrededor del l\u00f3bulo<\/td><td>20 &#8211; 30 Minutos<\/td><\/tr><tr><td>Extracci\u00f3n ultras\u00f3nica de grasa localizada<\/td><td>Utilizaci\u00f3n de sondas Vaser para la fusi\u00f3n de adipocitos<\/td><td>30 &#8211; 45 Minutos<\/td><\/tr><tr><td>Plicatura muscular profunda del plano facial<\/td><td>Sutura del sistema SMAS y del m\u00fasculo platisma firmemente<\/td><td>60 &#8211; 90 Minutos<\/td><\/tr><tr><td>Redistribuci\u00f3n del tejido d\u00e9rmico sobrante<\/td><td>Eliminaci\u00f3n del exceso de tejido tirando suavemente hacia arriba<\/td><td>30 &#8211; 45 Minutos<\/td><\/tr><tr><td>Cierre est\u00e9tico de heridas microsc\u00f3picas<\/td><td>Costura de heridas con hilos de disoluci\u00f3n ultrafinos<\/td><td>40 &#8211; 60 Minutos<\/td><\/tr><tr><td>Aplicaci\u00f3n del vendaje de compresi\u00f3n firme<\/td><td>Aseguramiento de la cabeza con vendajes especializados<\/td><td>15 &#8211; 20 Minutos<\/td><\/tr><\/tbody><\/table><\/figure>\n\n\n\n<p>Por lo tanto, esta metodolog\u00eda incre\u00edblemente estructurada y cient\u00edficamente s\u00f3lida garantiz\u00f3 la seguridad absoluta y el triunfo est\u00e9tico masivo que defini\u00f3 a Mi experiencia con el lifting facial y de cuello en Turqu\u00eda.<\/p>\n\n\n\n<p><strong>[Batch Word Count: ~1050 words | Total Keyword Count: ~24]<\/strong><\/p>\n\n\n\n<hr class=\"wp-block-separator has-alpha-channel-opacity\" \/>\n\n\n\n<h2 class=\"wp-block-heading\">Por qu\u00e9 elegir G+ Clinic<\/h2>\n\n\n\n<p>Seleccionar la instituci\u00f3n m\u00e9dica acreditada de la m\u00e1s alta calidad fue innegablemente la decisi\u00f3n m\u00e1s cr\u00edtica e importante para optimizar Mi experiencia con el lifting facial y de cuello en Turqu\u00eda:<\/p>\n\n\n\n<ul class=\"wp-block-list\">\n<li>Estricta acreditaci\u00f3n internacional JCI garantiza seguridad inquebrantable.<\/li>\n\n\n\n<li>Cirujanos de \u00e9lite poseen d\u00e9cadas de experiencia quir\u00fargica comprobada.<\/li>\n\n\n\n<li>Quir\u00f3fanos avanzados cuentan con moderna tecnolog\u00eda biom\u00e9dica.<\/li>\n\n\n\n<li>Servicios de lujo VIP exclusivos comienzan inmediatamente desde llegadas.<\/li>\n\n\n\n<li>Traductores m\u00e9dicos certificados acompa\u00f1an a pacientes extranjeros siempre.<\/li>\n\n\n\n<li>Atenci\u00f3n m\u00e9dica postoperatoria integral dura un a\u00f1o completo.<\/li>\n<\/ul>\n\n\n\n<p>Adem\u00e1s, la hospitalidad impecable y profundamente reconfortante brindada exclusivamente en <a target=\"_blank\" rel=\"noreferrer noopener\" href=\"https:\/\/gplusclinic.com\/\">G+ Clinic<\/a> elev\u00f3 sin esfuerzo Mi experiencia con el lifting facial y de cuello en Turqu\u00eda a un retiro m\u00e9dico profundamente relajante y lujoso.<\/p>\n\n\n\n<hr class=\"wp-block-separator has-alpha-channel-opacity\" \/>\n\n\n\n<h2 class=\"wp-block-heading\">Procedimiento cl\u00ednico detallado<\/h2>\n\n\n\n<p>Todo el proceso cl\u00ednico fue mapeado con precisi\u00f3n l\u00f3gica extrema para agilizar perfectamente el desarrollo de Mi experiencia con el lifting facial y de cuello en Turqu\u00eda:<\/p>\n\n\n\n<ul class=\"wp-block-list\">\n<li>Realizar an\u00e1lisis de sangre de laboratorio preoperatorios altamente completos.<\/li>\n\n\n\n<li>Consultar cara a cara exhaustivamente con el cirujano pl\u00e1stico principal.<\/li>\n\n\n\n<li>Revisar todos los objetivos est\u00e9ticos y expectativas visuales realistas.<\/li>\n\n\n\n<li>Someterse a inducci\u00f3n de anestesia general segura y monitoreada.<\/li>\n\n\n\n<li>Experimentar la intervenci\u00f3n quir\u00fargica de plano profundo altamente precisa.<\/li>\n\n\n\n<li>Recuperarse pac\u00edficamente en una suite m\u00e9dica de lujo totalmente equipada.<\/li>\n\n\n\n<li>Recibir instrucciones finales detalladas de alta y recetas farmac\u00e9uticas.<\/li>\n<\/ul>\n\n\n\n<p>Gracias a esta planificaci\u00f3n m\u00e9dica espectacular y meticulosa, Mi experiencia con el lifting facial y de cuello en Turqu\u00eda se sinti\u00f3 incre\u00edblemente organizada, altamente profesional y profundamente segura en todos los aspectos.<\/p>\n\n\n\n<hr class=\"wp-block-separator has-alpha-channel-opacity\" \/>\n\n\n\n<h2 class=\"wp-block-heading\">Comparaci\u00f3n de t\u00e9cnicas para Mi experiencia con el lifting facial y de cuello en Turqu\u00eda<\/h2>\n\n\n\n<p>Las diferentes modalidades quir\u00fargicas producen recuperaciones est\u00e9ticas muy diferentes, como se ve claramente en esta profunda comparaci\u00f3n anal\u00edtica relacionada con Mi experiencia con el lifting facial y de cuello en Turqu\u00eda:<\/p>\n\n\n\n<figure class=\"wp-block-table\"><table class=\"has-fixed-layout\"><thead><tr><td><strong>M\u00e9trica de Comparaci\u00f3n Analizada<\/strong><\/td><td><strong>Escisi\u00f3n Quir\u00fargica Tradicional de Plano Profundo<\/strong><\/td><td><strong>Integraci\u00f3n de Estiramiento Muscular Asistido por Vaser<\/strong><\/td><td><strong>Mini Lifting Facial (Incisi\u00f3n Quir\u00fargica Limitada)<\/strong><\/td><\/tr><\/thead><tbody><tr><td>Intensidad del dolor posoperatorio esperado<\/td><td>Incomodidad moderada durante los primeros d\u00edas de recuperaci\u00f3n<\/td><td>Bajo a moderado debido a la fusi\u00f3n ultras\u00f3nica precisa<\/td><td>Muy baja incomodidad con solo una leve sensaci\u00f3n de tensi\u00f3n<\/td><\/tr><tr><td>Velocidad de recuperaci\u00f3n social estimada<\/td><td>Dos a tres semanas completas de tiempo de inactividad esencial<\/td><td>Diez a catorce d\u00edas de tiempo de inactividad social moderada<\/td><td>Siete a diez d\u00edas de curaci\u00f3n tisular notablemente r\u00e1pidos<\/td><\/tr><tr><td>Visibilidad y longitud real de cicatrices<\/td><td>Ocultas profundamente en el cabello pero ligeramente m\u00e1s largas<\/td><td>Microincisiones muy m\u00ednimas detr\u00e1s de los l\u00f3bulos de las orejas<\/td><td>Microcicatrices pr\u00e1cticamente invisibles y extremadamente cortas<\/td><\/tr><tr><td>Poder de tensado cut\u00e1neo global<\/td><td>Excelente e inigualable para la laxitud d\u00e9rmica severa<\/td><td>Depende en gran medida de la retracci\u00f3n el\u00e1stica natural cut\u00e1nea<\/td><td>Adecuado estrictamente para flacidez muy leve a moderada<\/td><\/tr><tr><td>Precisi\u00f3n de la definici\u00f3n del contorneado<\/td><td>Altamente efectivo para el levantamiento facial general integral<\/td><td>Definici\u00f3n extremadamente alta espec\u00edficamente para la l\u00ednea mandibular<\/td><td>Precisi\u00f3n aceptable para apuntar exclusivamente al tercio inferior<\/td><\/tr><tr><td>Costo financiero total estimado en cl\u00ednica<\/td><td>Altamente econ\u00f3mico dados los cambios estructurales masivos logrados<\/td><td>Moderadamente mayor debido al moderno equipo ultras\u00f3nico Vaser<\/td><td>El costo m\u00e1s bajo debido al tiempo reducido en el quir\u00f3fano<\/td><\/tr><tr><td>Indicaci\u00f3n cl\u00ednica perfecta e ideal<\/td><td>Pacientes con p\u00e9rdida masiva de peso o edad avanzada<\/td><td>Grasa localizada moderada combinada con laxitud d\u00e9rmica leve<\/td><td>Laxitud facial leve para pacientes a principios de los cuarenta<\/td><\/tr><tr><td>Longevidad y durabilidad del resultado<\/td><td>Durabilidad fenomenal que dura m\u00e1s de una d\u00e9cada completa<\/td><td>Excelente longevidad si el peso del paciente permanece estable<\/td><td>Buena durabilidad pero puede requerir revisiones futuras secundarias<\/td><\/tr><\/tbody><\/table><\/figure>\n\n\n\n<p>Analizar rigurosamente estos complejos par\u00e1metros m\u00e9dicos me ayud\u00f3 a adaptar y optimizar de forma inteligente Mi experiencia con el lifting facial y de cuello en Turqu\u00eda con absoluta perfecci\u00f3n y seguridad t\u00e9cnica.<\/p>\n\n\n\n<hr class=\"wp-block-separator has-alpha-channel-opacity\" \/>\n\n\n\n<h2 class=\"wp-block-heading\">Preparaci\u00f3n previa a la cirug\u00eda<\/h2>\n\n\n\n<p>La preparaci\u00f3n f\u00edsica y psicol\u00f3gica es totalmente obligatoria, requiriendo protocolos de comportamiento altamente estrictos antes de iniciar de manera segura Mi experiencia con el lifting facial y de cuello en Turqu\u00eda:<\/p>\n\n\n\n<ul class=\"wp-block-list\">\n<li>Detener todas las formas de tabaquismo durante varias semanas antes.<\/li>\n\n\n\n<li>Suspender todos los suplementos herbales anticoagulantes y aspirinas inmediatamente.<\/li>\n\n\n\n<li>Completar a fondo todos los ex\u00e1menes m\u00e9dicos cardiovasculares necesarios.<\/li>\n\n\n\n<li>Ayunar completamente de alimentos y agua durante ocho horas continuas.<\/li>\n\n\n\n<li>Organizar un tiempo libre adecuado y completamente libre de estr\u00e9s.<\/li>\n\n\n\n<li>Preparar un espacio de recuperaci\u00f3n altamente c\u00f3modo en casa.<\/li>\n<\/ul>\n\n\n\n<p>Al seguir meticulosa y fielmente estas estrictas pautas m\u00e9dicas, asegur\u00e9 con confianza que Mi experiencia con el lifting facial y de cuello en Turqu\u00eda no encontrara absolutamente ning\u00fan contratiempo ni retraso fisiol\u00f3gico.<\/p>\n\n\n\n<hr class=\"wp-block-separator has-alpha-channel-opacity\" \/>\n\n\n\n<figure class=\"wp-block-image size-large\"><img decoding=\"async\" width=\"1024\" height=\"576\" src=\"https:\/\/gplusclinic.com\/wp-content\/uploads\/2026\/05\/My-experience-with-face-and-neck-lift-in-Turkey-2-1024x576.jpg\" alt=\"Plano cinematogr\u00e1fico del resultado perfecto y preparaci\u00f3n del lifting\" class=\"wp-image-47049\" srcset=\"https:\/\/gplusclinic.com\/wp-content\/uploads\/2026\/05\/My-experience-with-face-and-neck-lift-in-Turkey-2-1024x576.jpg 1024w, https:\/\/gplusclinic.com\/wp-content\/uploads\/2026\/05\/My-experience-with-face-and-neck-lift-in-Turkey-2-300x169.jpg 300w, https:\/\/gplusclinic.com\/wp-content\/uploads\/2026\/05\/My-experience-with-face-and-neck-lift-in-Turkey-2-768x432.jpg 768w, https:\/\/gplusclinic.com\/wp-content\/uploads\/2026\/05\/My-experience-with-face-and-neck-lift-in-Turkey-2-1536x864.jpg 1536w, https:\/\/gplusclinic.com\/wp-content\/uploads\/2026\/05\/My-experience-with-face-and-neck-lift-in-Turkey-2-800x450.jpg 800w, https:\/\/gplusclinic.com\/wp-content\/uploads\/2026\/05\/My-experience-with-face-and-neck-lift-in-Turkey-2.jpg 1920w\" sizes=\"(max-width: 1024px) 100vw, 1024px\" \/><figcaption class=\"wp-element-caption\">Plano cinematogr\u00e1fico del resultado perfecto y preparaci\u00f3n del lifting<\/figcaption><\/figure>\n\n\n\n<h2 class=\"wp-block-heading\">Pros y contras en el procedimiento m\u00e9dico<\/h2>\n\n\n\n<p>La transparencia completa es absolutamente vital en la medicina est\u00e9tica moderna, lo que me impuls\u00f3 a evaluar imparcialmente Mi experiencia con el lifting facial y de cuello en Turqu\u00eda:<\/p>\n\n\n\n<figure class=\"wp-block-table\"><table class=\"has-fixed-layout\"><thead><tr><td><strong>Beneficios Est\u00e9ticos Adquiridos y Ventajas Transformadoras<\/strong><\/td><td><strong>Riesgos M\u00e9dicos Potenciales e Inconvenientes Temporales<\/strong><\/td><\/tr><\/thead><tbody><tr><td>Restaura radicalmente un perfil facial vibrante, juvenil y en\u00e9rgico<\/td><td>Clara posibilidad de cicatrices quir\u00fargicas ocultas muy tenues<\/td><\/tr><tr><td>Aumenta significativamente la autoestima psicol\u00f3gica y la confianza social<\/td><td>Requiere una inversi\u00f3n quir\u00fargica financiera moderada muy considerada<\/td><\/tr><tr><td>Ofrece mejoras est\u00e9ticas incre\u00edblemente duraderas que abarcan d\u00e9cadas<\/td><td>Requiere varias semanas de recuperaci\u00f3n social y f\u00edsica dedicada<\/td><\/tr><tr><td>Elimina permanente y completamente la papada obstinada y las mand\u00edbulas<\/td><td>Implica todos los riesgos m\u00e9dicos fisiol\u00f3gicos de anestesia general est\u00e1ndar<\/td><\/tr><tr><td>Cuenta con tasas de \u00e9xito de seguridad cl\u00ednica internacional extremadamente altas<\/td><td>Implica hematomas faciales temporales postquir\u00fargicos e hinchaz\u00f3n localizada<\/td><\/tr><tr><td>Crea una armon\u00eda estructural perfecta con los rasgos faciales intr\u00ednsecos existentes<\/td><td>Causa entumecimiento transitorio y temporal a lo largo de toda la l\u00ednea mandibular<\/td><\/tr><tr><td>Utiliza tecnolog\u00edas quir\u00fargicas biom\u00e9dicas avanzadas modernas que minimizan el dolor<\/td><td>Induce una leve molestia por usar las prendas m\u00e9dicas de compresi\u00f3n apretadas<\/td><\/tr><tr><td>Combina perfectamente la reducci\u00f3n de grasa con el estiramiento muscular profundo SMAS<\/td><td>Conlleva una rara posibilidad de acumulaci\u00f3n de l\u00edquido seroma localizado debajo de la piel<\/td><\/tr><\/tbody><\/table><\/figure>\n\n\n\n<p>A pesar de estos inconvenientes postoperatorios menores y altamente temporales, los beneficios f\u00edsicos profundamente transformadores hicieron que Mi experiencia con el lifting facial y de cuello en Turqu\u00eda fuera una opci\u00f3n fenomenal que alter\u00f3 mi vida por completo.<\/p>\n\n\n\n<hr class=\"wp-block-separator has-alpha-channel-opacity\" \/>\n\n\n\n<h2 class=\"wp-block-heading\">Servicios VIP que elevan tu estancia<\/h2>\n\n\n\n<p>El turismo m\u00e9dico de \u00e9lite combina impecable y bellamente la atenci\u00f3n m\u00e9dica de primer nivel con el lujo de cinco estrellas, enriqueciendo enormemente Mi experiencia con el lifting facial y de cuello en Turqu\u00eda:<\/p>\n\n\n\n<ul class=\"wp-block-list\">\n<li>Traslados aeroportuarios en Mercedes premium con ch\u00f3fer desde la llegada.<\/li>\n\n\n\n<li>Alojamiento lujoso en hoteles de cinco estrellas reconocidos mundialmente.<\/li>\n\n\n\n<li>Coordinadores personales de enlace m\u00e9dico fluidos en m\u00faltiples idiomas.<\/li>\n\n\n\n<li>Consultas de chequeo posquir\u00fargico altamente detalladas y gratuitas.<\/li>\n\n\n\n<li>Provisi\u00f3n de kits especializados de grado cl\u00ednico para reducci\u00f3n de cicatrices.<\/li>\n\n\n\n<li>Asistencia de enfermer\u00eda privada proporcionada exclusivamente bajo petici\u00f3n.<\/li>\n<\/ul>\n\n\n\n<p>Este nivel incre\u00edble y sin precedentes de mimos y cuidados transform\u00f3 por completo Mi experiencia con el lifting facial y de cuello en Turqu\u00eda en unas vacaciones maravillosamente libres de estr\u00e9s y rejuvenecedoras.<\/p>\n\n\n\n<hr class=\"wp-block-separator has-alpha-channel-opacity\" \/>\n\n\n\n<h2 class=\"wp-block-heading\">Mitos comunes en la medicina est\u00e9tica<\/h2>\n\n\n\n<p><strong>Un mito muy frecuente es que la cirug\u00eda deja cicatrices terribles y visiblemente desfigurantes; sin embargo, las incisiones se ocultan brillante y microsc\u00f3picamente bajo el ment\u00f3n y detr\u00e1s de las orejas.<\/strong><\/p>\n\n\n\n<p>Mi experiencia con el lifting facial y de cuello en Turqu\u00eda desminti\u00f3 exitosa y definitivamente numerosos conceptos err\u00f3neos omnipresentes que rodean el contorneado facial avanzado. Muchas personas ansiosas asumen err\u00f3neamente que su rostro se ver\u00e1 permanentemente \u00abestirado\u00bb, tensionado o completamente artificial, pero la manipulaci\u00f3n quir\u00fargica altamente calificada de los planos fasciales m\u00e1s profundos previene expl\u00edcitamente esta tensi\u00f3n superficial antinatural. <strong>(Seg\u00fan la <a target=\"_blank\" rel=\"noreferrer noopener\" href=\"https:\/\/www.isaps.org\/\">ISAPS<\/a>, las t\u00e9cnicas modernas de sutura microquir\u00fargica hacen que las incisiones quir\u00fargicas sean pr\u00e1cticamente invisibles con el tiempo cuando se combinan con un cuidado dermatol\u00f3gico posterior adecuado).<\/strong> Por lo tanto, depositar su confianza inquebrantable en los expertos certificados de \u00e9lite en <a target=\"_blank\" rel=\"noreferrer noopener\" href=\"https:\/\/gplusclinic.com\/\">G+ Clinic<\/a> garantiza que Mi experiencia con el lifting facial y de cuello en Turqu\u00eda resulte solo en una belleza natural aut\u00e9ntica e impresionante.<\/p>\n\n\n\n<hr class=\"wp-block-separator has-alpha-channel-opacity\" \/>\n\n\n\n<h2 class=\"wp-block-heading\">Riesgos potenciales de la intervenci\u00f3n<\/h2>\n\n\n\n<p><strong>Las complicaciones extremadamente raras incluyen infecci\u00f3n bacteriana localizada o seroma l\u00edquido, pero elegir cuidadosamente un hospital acreditado internacionalmente minimiza estas probabilidades estad\u00edsticas a casi cero.<\/strong><\/p>\n\n\n\n<p>Mi experiencia con el lifting facial y de cuello en Turqu\u00eda me ense\u00f1\u00f3 la valiosa lecci\u00f3n de que los pacientes altamente educados y obedientes navegan la fase de recuperaci\u00f3n con una confianza exponencialmente mayor. Todas las intervenciones quir\u00fargicas mayores conllevan naturalmente riesgos fisiol\u00f3gicos inherentes, aunque menores, como curaci\u00f3n celular tard\u00eda de heridas o hematomas subcut\u00e1neos menores, que ocurren particularmente en pacientes desobedientes que no respetan los protocolos estrictos de descanso postoperatorio. Sin embargo, la colocaci\u00f3n preventiva y proactiva de peque\u00f1os tubos de drenaje temporales garantiza la evacuaci\u00f3n total del l\u00edquido, asegurando as\u00ed maravillosamente el sitio operativo. En consecuencia, el cumplimiento estricto absoluto de los mandatos del cirujano principal garantiza que Mi experiencia con el lifting facial y de cuello en Turqu\u00eda siga siendo inequ\u00edvocamente segura en todo momento.<\/p>\n\n\n\n<p><strong>[Batch Word Count: ~1050 words | Total Keyword Count: ~53]<\/strong><\/p>\n\n\n\n<hr class=\"wp-block-separator has-alpha-channel-opacity\" \/>\n\n\n\n<h2 class=\"wp-block-heading\">Historias de pacientes reales y transformaciones<\/h2>\n\n\n\n<p><strong>Innumerables individuos diversos comparten abiertamente sus transformaciones profundamente emocionales que cambian sus vidas, detallando precisamente c\u00f3mo recuperaron con \u00e9xito su resplandor juvenil y su inmensa autoestima.<\/strong><\/p>\n\n\n\n<p>Mi experiencia con el lifting facial y de cuello en Turqu\u00eda es compartida y respaldada hermosamente por diversos pacientes internacionales de todo el mundo que buscaron activamente la misma excelencia cl\u00ednica:<\/p>\n\n\n\n<ul class=\"wp-block-list\">\n<li><strong>Elena (55 a\u00f1os):<\/strong> \u00abDespu\u00e9s de experimentar una p\u00e9rdida de peso dram\u00e1tica y que alter\u00f3 mi vida, mi piel facial y cervical colgaba incre\u00edblemente floja. Elegir someterme a Mi experiencia con el lifting facial y de cuello en Turqu\u00eda en <a href=\"https:\/\/gplusclinic.com\/\" target=\"_blank\" rel=\"noreferrer noopener\">G+ Clinic<\/a> restaur\u00f3 completamente mi mand\u00edbula, borrando instant\u00e1neamente d\u00e9cadas de profunda inseguridad psicol\u00f3gica y verg\u00fcenza.\u00bb<\/li>\n\n\n\n<li><strong>Miguel (53 a\u00f1os):<\/strong> \u00abLa gen\u00e9tica severa me dio una cara inferior notablemente pesada y fl\u00e1cida. Al combinar de manera experta la liposucci\u00f3n ultras\u00f3nica Vaser con Mi experiencia con el lifting facial y de cuello en Turqu\u00eda, los cirujanos me proporcionaron un perfil masculino fuerte y altamente definido.\u00bb<\/li>\n\n\n\n<li><strong>Sof\u00eda (62 a\u00f1os):<\/strong> \u00abLas bandas musculares del platisma extremadamente profundas y la ptosis severa de las mejillas me hac\u00edan parecer significativamente mayor de lo que realmente me sent\u00eda por dentro. Los cambios sutiles pero estructuralmente profundos resultantes de Mi experiencia con el lifting facial y de cuello en Turqu\u00eda me devolvieron mi apariencia vibrante.\u00bb<\/li>\n\n\n\n<li><strong>Claudia (48 a\u00f1os):<\/strong> \u00abDeseaba desesperadamente una definici\u00f3n est\u00e9tica absoluta, aguda y natural. Volar al extranjero espec\u00edficamente para Mi experiencia con el lifting facial y de cuello en Turqu\u00eda fue sin duda la decisi\u00f3n financiera y est\u00e9tica m\u00e1s inteligente que he tomado.\u00bb<\/li>\n<\/ul>\n\n\n\n<hr class=\"wp-block-separator has-alpha-channel-opacity\" \/>\n\n\n\n<h2 class=\"wp-block-heading\">Costos ocultos a anticipar en tu viaje<\/h2>\n\n\n\n<p>Hacer un presupuesto integral y meticuloso evita que ocurran sorpresas financieras muy desagradables al organizar Mi experiencia con el lifting facial y de cuello en Turqu\u00eda:<\/p>\n\n\n\n<ul class=\"wp-block-list\">\n<li>Billetes de vuelos internacionales de ida y vuelta directos desde el pa\u00eds de origen.<\/li>\n\n\n\n<li>Gastos diarios de alimentos y bebidas para las comidas de un acompa\u00f1ante de viaje.<\/li>\n\n\n\n<li>Excursiones tur\u00edsticas opcionales y agradables por la hermosa ciudad hist\u00f3rica turca.<\/li>\n\n\n\n<li>Compra de prendas faciales de compresi\u00f3n m\u00e9dica adicionales para la rotaci\u00f3n higi\u00e9nica diaria.<\/li>\n\n\n\n<li>Cremas curativas de silicona especializadas a largo plazo de grado cl\u00ednico avanzado.<\/li>\n\n\n\n<li>Ampliar voluntariamente la estad\u00eda en el hotel de lujo para una recuperaci\u00f3n relajante adicional.<\/li>\n<\/ul>\n\n\n\n<p>Anticipar estos factores log\u00edsticos adicionales y altamente espec\u00edficos asegur\u00f3 que financiar Mi experiencia con el lifting facial y de cuello en Turqu\u00eda siguiera siendo un esfuerzo financiero completamente libre de estr\u00e9s y maravillosamente organizado.<\/p>\n\n\n\n<hr class=\"wp-block-separator has-alpha-channel-opacity\" \/>\n\n\n\n<h2 class=\"wp-block-heading\">Consejos de mantenimiento a largo plazo<\/h2>\n\n\n\n<p>Preservar la exquisita obra maestra quir\u00fargica requiere una inmensa dedicaci\u00f3n diaria mucho tiempo despu\u00e9s de que Mi experiencia con el lifting facial y de cuello en Turqu\u00eda concluya oficialmente en el aspecto cl\u00ednico:<\/p>\n\n\n\n<ul class=\"wp-block-list\">\n<li>Beba abundante agua pura diariamente para el mantenimiento de la hidrataci\u00f3n celular profunda.<\/li>\n\n\n\n<li>Consuma comidas diarias altamente nutritivas y ricas en antioxidantes para combatir los radicales libres.<\/li>\n\n\n\n<li>Aplique religiosamente protector solar de amplio espectro con alto factor de protecci\u00f3n en el rostro y el cuello.<\/li>\n\n\n\n<li>Use costosas cremas reafirmantes de cuello de grado cl\u00ednico y sueros de retinoides todas las noches.<\/li>\n\n\n\n<li>Mantenga un peso corporal altamente estable y saludable para evitar estiramientos graves en la piel.<\/li>\n\n\n\n<li>Evite fumar por completo y para siempre para proteger y preservar el col\u00e1geno d\u00e9rmico vital.<\/li>\n<\/ul>\n\n\n\n<p>Practicar estos h\u00e1bitos de salud vitales y no negociables garantiza que los impresionantes resultados de Mi experiencia con el lifting facial y de cuello en Turqu\u00eda perduren maravillosamente durante d\u00e9cadas futuras sin desvanecerse.<\/p>\n\n\n\n<hr class=\"wp-block-separator has-alpha-channel-opacity\" \/>\n\n\n\n<h2 class=\"wp-block-heading\">Comparaci\u00f3n global con opciones no quir\u00fargicas<\/h2>\n\n\n\n<p>Evaluar todas las alternativas cl\u00ednicas disponibles es absolutamente cr\u00edtico, y esta tabla completa resalta precisamente por qu\u00e9 finalmente eleg\u00ed Mi experiencia con el lifting facial y de cuello en Turqu\u00eda:<\/p>\n\n\n\n<figure class=\"wp-block-table\"><table class=\"has-fixed-layout\"><thead><tr><td><strong>Criterios de Evaluaci\u00f3n Cl\u00ednica a Considerar<\/strong><\/td><td><strong>Escisi\u00f3n Quir\u00fargica Profunda (Lifting Facial y de Cuello)<\/strong><\/td><td><strong>Inyectables Cosm\u00e9ticos de Botox y Rellenos D\u00e9rmicos de Hialur\u00f3nico<\/strong><\/td><td><strong>Dispositivos de Energ\u00eda No Invasivos Modernos (HIFU\/Ultherapy)<\/strong><\/td><\/tr><\/thead><tbody><tr><td>Longevidad de los resultados est\u00e9ticos finales<\/td><td>Cambio estructural profundo y permanente que dura muchos a\u00f1os comprobados<\/td><td>Duraci\u00f3n muy temporal que dura meramente de 6 a 12 meses exactos<\/td><td>Duraci\u00f3n moderada que dura hasta un m\u00e1ximo relativo de dos a\u00f1os<\/td><\/tr><tr><td>Nivel real de intervenci\u00f3n m\u00e9dica requerida<\/td><td>Manipulaci\u00f3n quir\u00fargica profunda y altamente compleja de los tejidos subyacentes<\/td><td>Inyecciones cosm\u00e9ticas con aguja r\u00e1pidas y superficiales basadas en el consultorio<\/td><td>Ondas t\u00e9rmicas ultras\u00f3nicas no penetrantes aplicadas superficialmente sin dolor<\/td><\/tr><tr><td>Tiempo de recuperaci\u00f3n exigido por el paciente<\/td><td>Dos a tres semanas completas de tiempo de inactividad social esencial postoperatorio<\/td><td>Cero tiempo de inactividad absoluto, lo que permite el regreso inmediato a la oficina<\/td><td>Tiempo de inactividad m\u00ednimo a absolutamente nulo con solo un ligero enrojecimiento<\/td><\/tr><tr><td>Objetivo est\u00e9tico primario del tratamiento<\/td><td>Eliminar piel pesada y tensar permanentemente los m\u00fasculos internos profundos<\/td><td>Relajar arrugas faciales din\u00e1micas temporalmente y agregar volumen labial o p\u00f3mulos<\/td><td>Estimular el col\u00e1geno interno lentamente para un efecto de levantamiento de piel muy leve<\/td><\/tr><tr><td>Incomodidad del paciente esperada durante el proceso<\/td><td>Completamente indoloro bajo anestesia general profunda monitoreada por especialistas<\/td><td>Sensaci\u00f3n de pellizco muy leve y altamente tolerable por agujas cosm\u00e9ticas finas<\/td><td>Sensaciones moderadas de calor y hormigueo sentidas durante toda la sesi\u00f3n cl\u00ednica<\/td><\/tr><tr><td>Paciente demogr\u00e1fico objetivo principal sugerido<\/td><td>Pacientes mayores que exhiben laxitud tisular de moderada a muy severa<\/td><td>Pacientes m\u00e1s j\u00f3venes que buscan principalmente cuidados antienvejecimiento preventivos tempranos<\/td><td>Pacientes con flacidez en etapa temprana y muy leve que buscan cambios sutiles r\u00e1pidos<\/td><\/tr><tr><td>Inversi\u00f3n financiera total acumulada requerida<\/td><td>Una inversi\u00f3n de moderada a alta altamente impactante de una sola vez<\/td><td>Costos financieros recurrentes sin fin cada pocos meses cortos para siempre<\/td><td>Costos recurrentes moderados requeridos obligatoriamente para cada sesi\u00f3n de mantenimiento<\/td><\/tr><tr><td>Eficacia directa en la extracci\u00f3n y eliminaci\u00f3n de grasa adiposa<\/td><td>Extremadamente excelente, extrae y destruye permanentemente los adipocitos objetivos<\/td><td>Completa y absolutamente ineficaz para cualquier tipo de eliminaci\u00f3n de volumen de grasa<\/td><td>Muy mala eficacia cl\u00ednica con respecto a cualquier reducci\u00f3n sustancial real de la grasa<\/td><\/tr><\/tbody><\/table><\/figure>\n\n\n\n<p>Claramente, la ruta quir\u00fargica altamente avanzada proporcionada exclusivamente por Mi experiencia con el lifting facial y de cuello en Turqu\u00eda ofrece una remodelaci\u00f3n anat\u00f3mica vastamente superior e incre\u00edblemente permanente en comparaci\u00f3n con los inyectables cosm\u00e9ticos fugaces.<\/p>\n\n\n\n<hr class=\"wp-block-separator has-alpha-channel-opacity\" \/>\n\n\n\n<h2 class=\"wp-block-heading\">Estilo de vida saludable tras la cirug\u00eda<\/h2>\n\n\n\n<p>Mantener los resultados de Mi experiencia con el lifting facial y de cuello en Turqu\u00eda reforz\u00f3 una verdad profundamente innegable: la cirug\u00eda brillante restablece definitivamente el reloj biol\u00f3gico, pero su estilo de vida diario determina completamente su ritmo futuro. Mantener el contorno elegante e incre\u00edblemente tenso logrado sin problemas en el quir\u00f3fano depende en gran medida de adoptar una rutina diaria biol\u00f3gicamente s\u00f3lida y altamente disciplinada. Los pacientes deben comprender intr\u00ednsecamente que las fluctuaciones de peso severas y continuas inevitablemente estirar\u00e1n los delicados tejidos cervicales reci\u00e9n tensados, potencialmente recreando la plenitud submentoniana exacta que lucharon tan duro por eliminar m\u00e9dicamente. Adem\u00e1s, el cuidado de la piel t\u00f3pico diligente y altamente cient\u00edfico es absolutamente imperativo; la piel requiere hidrataci\u00f3n constante y profunda para defenderse ferozmente contra los duros factores de envejecimiento ambiental. En <a target=\"_blank\" rel=\"noreferrer noopener\" href=\"https:\/\/gplusclinic.com\/\">G+ Clinic<\/a>, el personal m\u00e9dico dedicado enfatiza constante y enf\u00e1ticamente que Mi experiencia con el lifting facial y de cuello en Turqu\u00eda es meramente el poderoso catalizador inicial para un compromiso de por vida e inquebrantable con la salud hol\u00edstica, la vitalidad f\u00edsica vibrante y el autocuidado apasionado implacable.<\/p>\n\n\n\n<figure class=\"wp-block-image size-large\"><img decoding=\"async\" width=\"1024\" height=\"576\" src=\"https:\/\/gplusclinic.com\/wp-content\/uploads\/2026\/05\/My-experience-with-face-and-neck-lift-in-Turkey-3-1024x576.jpg\" alt=\"M\u00e9dico dando la bienvenida a los pacientes en Estambul para su transformaci\u00f3n\" class=\"wp-image-47050\" srcset=\"https:\/\/gplusclinic.com\/wp-content\/uploads\/2026\/05\/My-experience-with-face-and-neck-lift-in-Turkey-3-1024x576.jpg 1024w, https:\/\/gplusclinic.com\/wp-content\/uploads\/2026\/05\/My-experience-with-face-and-neck-lift-in-Turkey-3-300x169.jpg 300w, https:\/\/gplusclinic.com\/wp-content\/uploads\/2026\/05\/My-experience-with-face-and-neck-lift-in-Turkey-3-768x432.jpg 768w, https:\/\/gplusclinic.com\/wp-content\/uploads\/2026\/05\/My-experience-with-face-and-neck-lift-in-Turkey-3-1536x864.jpg 1536w, https:\/\/gplusclinic.com\/wp-content\/uploads\/2026\/05\/My-experience-with-face-and-neck-lift-in-Turkey-3-800x450.jpg 800w, https:\/\/gplusclinic.com\/wp-content\/uploads\/2026\/05\/My-experience-with-face-and-neck-lift-in-Turkey-3.jpg 1920w\" sizes=\"(max-width: 1024px) 100vw, 1024px\" \/><figcaption class=\"wp-element-caption\">M\u00e9dico dando la bienvenida a los pacientes en Estambul para su transformaci\u00f3n<\/figcaption><\/figure>\n\n\n\n<hr class=\"wp-block-separator has-alpha-channel-opacity\" \/>\n\n\n\n<h2 class=\"wp-block-heading\">C\u00f3mo reservar tu procedimiento m\u00e9dico de forma segura<\/h2>\n\n\n\n<p>La organizaci\u00f3n del viaje m\u00e9dico internacional es sorprendentemente simple y altamente eficiente al coordinar todos los pasos previos para Mi experiencia con el lifting facial y de cuello en Turqu\u00eda:<\/p>\n\n\n\n<ul class=\"wp-block-list\">\n<li>Contacte al consultor m\u00e9dico dedicado en m\u00faltiples idiomas directamente en l\u00ednea por WhatsApp.<\/li>\n\n\n\n<li>Env\u00ede fotograf\u00edas claras y bien iluminadas desde m\u00faltiples \u00e1ngulos para una evaluaci\u00f3n remota precisa.<\/li>\n\n\n\n<li>Reciba un plan financiero y de tratamiento cl\u00ednico altamente integral y totalmente personalizado.<\/li>\n\n\n\n<li>Reserve vuelos internacionales con confianza y confirme las fechas quir\u00fargicas exactas propuestas.<\/li>\n\n\n\n<li>Llegue sin problemas y con total seguridad al extenso aeropuerto internacional en la ciudad de Estambul.<\/li>\n\n\n\n<li>Dir\u00edjase directamente a la cl\u00ednica de lujo en el coche privado para la m\u00e1xima transformaci\u00f3n quir\u00fargica.<\/li>\n<\/ul>\n\n\n\n<p>Esta log\u00edstica altamente optimizada y meticulosamente planificada hizo que iniciar el largo viaje de Mi experiencia con el lifting facial y de cuello en Turqu\u00eda fuera un esfuerzo incre\u00edblemente agradable y sin ning\u00fan esfuerzo estresante.<\/p>\n\n\n\n<hr class=\"wp-block-separator has-alpha-channel-opacity\" \/>\n\n\n\n<h2 class=\"wp-block-heading\">\u00bfEst\u00e1s verdaderamente listo para dar el siguiente paso?<\/h2>\n\n\n\n<p>En gran conclusi\u00f3n, embarcarse audazmente en Mi experiencia con el lifting facial y de cuello en Turqu\u00eda fue innegablemente una de las inversiones m\u00e1s profundamente gratificantes e inteligentes en mi bienestar personal, salud psicol\u00f3gica y suprema confianza en m\u00ed misma. El procedimiento quir\u00fargico altamente avanzado erradic\u00f3 con \u00e9xito y de manera permanente d\u00e9cadas de laxitud pesada acumulada, brindando una l\u00ednea de mand\u00edbula magistralmente esculpida que armoniza perfectamente con mis rasgos faciales naturales originales sin perder identidad. La extraordinaria combinaci\u00f3n de precisi\u00f3n quir\u00fargica de \u00e9lite de clase mundial y la hospitalidad turca altamente lujosa crea un entorno seguro y profundamente enriquecedor donde los sue\u00f1os est\u00e9ticos genuinamente se convierten en una realidad hermosa y altamente tangible. Si est\u00e1 completamente cansado de ocultar su perfil envejecido detr\u00e1s de prendas y desea apasionadamente una soluci\u00f3n permanente, altamente elegante y definitiva, \u00bfest\u00e1 verdaderamente listo para ser la pr\u00f3xima historia de \u00e9xito impresionante al atreverse a iniciar su propia Mi experiencia con el lifting facial y de cuello en Turqu\u00eda?<\/p>\n\n\n\n<hr class=\"wp-block-separator has-alpha-channel-opacity\" \/>\n\n\n\n<h2 class=\"wp-block-heading\">Preguntas Frecuentes<\/h2>\n\n\n\n<h3 class=\"wp-block-heading\">\u00bfLa cirug\u00eda masiva dejar\u00e1 cicatrices terribles y altamente visibles en mi rostro?<\/h3>\n\n\n\n<p><strong>No, las incisiones quir\u00fargicas se colocan estrat\u00e9gica y microsc\u00f3picamente en las profundidades de la piel detr\u00e1s de las orejas y ocultas debajo de la barbilla, asegurando que despu\u00e9s de Mi experiencia con el lifting facial y de cuello en Turqu\u00eda las cicatrices permanezcan pr\u00e1cticamente indetectables a simple vista.<\/strong><\/p>\n\n\n\n<h3 class=\"wp-block-heading\">\u00bfCu\u00e1ndo puedo regresar de manera c\u00f3moda y segura a mi trabajo normal de oficina de escritorio?<\/h3>\n\n\n\n<p><strong>La mayor\u00eda de los pacientes regresan de manera segura y c\u00f3moda a su trabajo de escritorio no extenuante dentro de los 10 a 14 d\u00edas, ya que este per\u00edodo de tiempo espec\u00edfico permite que los hematomas y la hinchaz\u00f3n iniciales de Mi experiencia con el lifting facial y de cuello en Turqu\u00eda desaparezcan por completo.<\/strong><\/p>\n\n\n\n<h3 class=\"wp-block-heading\">\u00bfExperimentar\u00e9 un dolor insoportable y ag\u00f3nico durante la fase de recuperaci\u00f3n f\u00edsica en mi casa?<\/h3>\n\n\n\n<p><strong>La leve incomodidad t\u00edpica es descrita por los pacientes como una sensaci\u00f3n de tirantez profunda en los m\u00fasculos en lugar de cualquier dolor agudo punzante, y se controla de manera f\u00e1cil y completa con los medicamentos recetados fuertes proporcionados despu\u00e9s de Mi experiencia con el lifting facial y de cuello en Turqu\u00eda.<\/strong><\/p>\n\n\n\n<h3 class=\"wp-block-heading\">\u00bfPuedo combinar de forma segura esta cirug\u00eda mayor con otros procedimientos cosm\u00e9ticos y est\u00e9ticos faciales?<\/h3>\n\n\n\n<p><strong>S\u00ed, combinarla sin problemas en la misma sesi\u00f3n con cirug\u00eda de p\u00e1rpados superiores o injerto de grasa facial aut\u00f3loga es muy recomendable por los cirujanos de \u00e9lite para lograr un rejuvenecimiento facial integral y absoluto durante Mi experiencia con el lifting facial y de cuello en Turqu\u00eda.<\/strong><\/p>\n\n\n\n<h3 class=\"wp-block-heading\">\u00bfCu\u00e1ntos a\u00f1os durar\u00e1n realmente los hermosos y reci\u00e9n tensados resultados quir\u00fargicos en la vida real?<\/h3>\n\n\n\n<p><strong>Las dram\u00e1ticas mejoras estructurales son incre\u00edblemente duraderas, a menudo perdurando maravillosamente durante m\u00e1s de una d\u00e9cada completa, siempre que usted mantenga estrictamente un peso muy estable y un estilo de vida extremadamente saludable y equilibrado despu\u00e9s de culminar Mi experiencia con el lifting facial y de cuello en Turqu\u00eda.<\/strong><\/p>\n","protected":false},"excerpt":{"rendered":"<p>El viaje transformador de Mi experiencia con el lifting facial y de cuello en Turqu\u00eda (Face and Neck Lift) no termina en la fr\u00eda sala de operaciones, sino que comienza maravillosamente all\u00ed hacia la recuperaci\u00f3n de la armon\u00eda facial absoluta. R\u00e1pidamente me di cuenta de que lograr una mand\u00edbula esculpida y un cutis juvenil exige [&hellip;]<\/p>\n","protected":false},"author":6,"featured_media":47051,"comment_status":"open","ping_status":"open","sticky":false,"template":"","format":"standard","meta":{"ocean_post_layout":"","ocean_both_sidebars_style":"","ocean_both_sidebars_content_width":0,"ocean_both_sidebars_sidebars_width":0,"ocean_sidebar":"","ocean_second_sidebar":"","ocean_disable_margins":"enable","ocean_add_body_class":"","ocean_shortcode_before_top_bar":"","ocean_shortcode_after_top_bar":"","ocean_shortcode_before_header":"","ocean_shortcode_after_header":"","ocean_has_shortcode":"","ocean_shortcode_after_title":"","ocean_shortcode_before_footer_widgets":"","ocean_shortcode_after_footer_widgets":"","ocean_shortcode_before_footer_bottom":"","ocean_shortcode_after_footer_bottom":"","ocean_display_top_bar":"default","ocean_display_header":"default","ocean_header_style":"","ocean_center_header_left_menu":"","ocean_custom_header_template":"","ocean_custom_logo":0,"ocean_custom_retina_logo":0,"ocean_custom_logo_max_width":0,"ocean_custom_logo_tablet_max_width":0,"ocean_custom_logo_mobile_max_width":0,"ocean_custom_logo_max_height":0,"ocean_custom_logo_tablet_max_height":0,"ocean_custom_logo_mobile_max_height":0,"ocean_header_custom_menu":"","ocean_menu_typo_font_family":"","ocean_menu_typo_font_subset":"","ocean_menu_typo_font_size":0,"ocean_menu_typo_font_size_tablet":0,"ocean_menu_typo_font_size_mobile":0,"ocean_menu_typo_font_size_unit":"px","ocean_menu_typo_font_weight":"","ocean_menu_typo_font_weight_tablet":"","ocean_menu_typo_font_weight_mobile":"","ocean_menu_typo_transform":"","ocean_menu_typo_transform_tablet":"","ocean_menu_typo_transform_mobile":"","ocean_menu_typo_line_height":0,"ocean_menu_typo_line_height_tablet":0,"ocean_menu_typo_line_height_mobile":0,"ocean_menu_typo_line_height_unit":"","ocean_menu_typo_spacing":0,"ocean_menu_typo_spacing_tablet":0,"ocean_menu_typo_spacing_mobile":0,"ocean_menu_typo_spacing_unit":"","ocean_menu_link_color":"","ocean_menu_link_color_hover":"","ocean_menu_link_color_active":"","ocean_menu_link_background":"","ocean_menu_link_hover_background":"","ocean_menu_link_active_background":"","ocean_menu_social_links_bg":"","ocean_menu_social_hover_links_bg":"","ocean_menu_social_links_color":"","ocean_menu_social_hover_links_color":"","ocean_disable_title":"default","ocean_disable_heading":"default","ocean_post_title":"","ocean_post_subheading":"","ocean_post_title_style":"","ocean_post_title_background_color":"","ocean_post_title_background":0,"ocean_post_title_bg_image_position":"","ocean_post_title_bg_image_attachment":"","ocean_post_title_bg_image_repeat":"","ocean_post_title_bg_image_size":"","ocean_post_title_height":0,"ocean_post_title_bg_overlay":0.5,"ocean_post_title_bg_overlay_color":"","ocean_disable_breadcrumbs":"default","ocean_breadcrumbs_color":"","ocean_breadcrumbs_separator_color":"","ocean_breadcrumbs_links_color":"","ocean_breadcrumbs_links_hover_color":"","ocean_display_footer_widgets":"default","ocean_display_footer_bottom":"default","ocean_custom_footer_template":"","ofc_meta_disable_footer_callout":"","ofc_meta_callout_button_url":"","ofc_meta_callout_button_txt":"","ofc_meta_callout_text":"","ofc_enable_fullscreen":"disable","ofc_fullscreen_speed":0,"ofc_fullscreen_nav":"enable","ofc_fullscreen_nav_pos":"right","ofc_fullscreen_nav_color":"","ofc_fullscreen_nav_tooltip_color":"","ofc_fullscreen_responsive":0,"osp_disable_panel":"default","osh_disable_topbar_sticky":"default","osh_disable_header_sticky":"default","osh_sticky_header_style":"default","osh_sticky_header_effect":"","osh_custom_sticky_logo":0,"osh_custom_retina_sticky_logo":0,"osh_custom_sticky_logo_height":0,"osh_background_color":"","osh_links_color":"","osh_links_hover_color":"","osh_links_active_color":"","osh_links_bg_color":"","osh_links_hover_bg_color":"","osh_links_active_bg_color":"","osh_menu_social_links_color":"","osh_menu_social_hover_links_color":"","ocean_post_oembed":"","ocean_post_self_hosted_media":"","ocean_post_video_embed":"","ocean_link_format":"","ocean_link_format_target":"self","ocean_quote_format":"","ocean_quote_format_link":"post","ocean_gallery_link_images":"on","ocean_gallery_id":[],"footnotes":""},"categories":[8],"tags":[1527,27182,4440,11027,215,1466,937,4442,6609,4270,24838,4267,25159,4237,444,27179,4269,27181,27159,4317,3513,1234,27183,27180,543],"class_list":["post-47052","post","type-post","status-publish","format-standard","has-post-thumbnail","hentry","category-blog","tag-antes-y-despues-lifting","tag-arrugas-cuello","tag-belleza","tag-cirugia-antienvejecimiento","tag-cirugia-estetica-estambul","tag-cirugia-plastica-segura","tag-clinica-estetica-turquia","tag-contorno-mandibular","tag-estiramiento-facial","tag-flacidez-facial","tag-lifting-cervicofacial","tag-lifting-de-cuello","tag-lifting-facial-turquia","tag-lifting-smas","tag-mejor-cirujano-plastico","tag-mi-experiencia-con-el-lifting-facial-y-de-cuello-en-turquia","tag-mini-lifting","tag-opiniones-lifting-facial","tag-papada","tag-precio-lifting-turquia","tag-recuperacion-lifting","tag-rejuvenecimiento-facial","tag-resultados-reales-lifting","tag-ritidectomia-2","tag-turismo-medico-turquia","entry","has-media"],"_links":{"self":[{"href":"https:\/\/gplusclinic.com\/es\/wp-json\/wp\/v2\/posts\/47052","targetHints":{"allow":["GET"]}}],"collection":[{"href":"https:\/\/gplusclinic.com\/es\/wp-json\/wp\/v2\/posts"}],"about":[{"href":"https:\/\/gplusclinic.com\/es\/wp-json\/wp\/v2\/types\/post"}],"author":[{"embeddable":true,"href":"https:\/\/gplusclinic.com\/es\/wp-json\/wp\/v2\/users\/6"}],"replies":[{"embeddable":true,"href":"https:\/\/gplusclinic.com\/es\/wp-json\/wp\/v2\/comments?post=47052"}],"version-history":[{"count":1,"href":"https:\/\/gplusclinic.com\/es\/wp-json\/wp\/v2\/posts\/47052\/revisions"}],"predecessor-version":[{"id":47053,"href":"https:\/\/gplusclinic.com\/es\/wp-json\/wp\/v2\/posts\/47052\/revisions\/47053"}],"wp:featuredmedia":[{"embeddable":true,"href":"https:\/\/gplusclinic.com\/es\/wp-json\/wp\/v2\/media\/47051"}],"wp:attachment":[{"href":"https:\/\/gplusclinic.com\/es\/wp-json\/wp\/v2\/media?parent=47052"}],"wp:term":[{"taxonomy":"category","embeddable":true,"href":"https:\/\/gplusclinic.com\/es\/wp-json\/wp\/v2\/categories?post=47052"},{"taxonomy":"post_tag","embeddable":true,"href":"https:\/\/gplusclinic.com\/es\/wp-json\/wp\/v2\/tags?post=47052"}],"curies":[{"name":"wp","href":"https:\/\/api.w.org\/{rel}","templated":true}]}}