{"id":47022,"date":"2026-05-01T11:47:00","date_gmt":"2026-05-01T08:47:00","guid":{"rendered":"https:\/\/gplusclinic.com\/?p=47022"},"modified":"2026-05-01T11:47:01","modified_gmt":"2026-05-01T08:47:01","slug":"mi-experiencia-con-el-lifting-de-cuello-en-turquia","status":"publish","type":"post","link":"https:\/\/gplusclinic.com\/es\/47022\/mi-experiencia-con-el-lifting-de-cuello-en-turquia\/","title":{"rendered":"Mi experiencia con el lifting de cuello en Turqu\u00eda | 3 Tips"},"content":{"rendered":"\n<p>Mi experiencia con el lifting de cuello en Turqu\u00eda (Neck Lift) no termina en el quir\u00f3fano, sino que inicia un viaje transformador hacia el rejuvenecimiento facial profundo. Por lo tanto, elegir un centro m\u00e9dico de prestigio internacional como <a target=\"_blank\" rel=\"noreferrer noopener\" href=\"https:\/\/gplusclinic.com\/\">G+ Clinic<\/a> garantiza la obtenci\u00f3n de resultados est\u00e9ticos superiores, combinando maestr\u00eda quir\u00fargica con absoluta seguridad cl\u00ednica en cada etapa.<\/p>\n\n\n\n<hr class=\"wp-block-separator has-alpha-channel-opacity\" \/>\n\n\n\n<h2 class=\"wp-block-heading\">Cu\u00e1ndo aparecen los resultados de Mi experiencia con el lifting de cuello en Turqu\u00eda<\/h2>\n\n\n\n<p><strong>Los resultados iniciales aparecen inmediatamente tras la cirug\u00eda, pero el resultado final y definitivo se hace visible gradualmente entre los 3 y 6 meses, una vez que el edema cede completamente y los tejidos musculares se estabilizan.<\/strong><\/p>\n\n\n\n<p>Mi experiencia con el lifting de cuello en Turqu\u00eda demuestra que la verdadera belleza requiere paciencia durante la fase de curaci\u00f3n celular. Durante las primeras semanas, el cuerpo reconstruye activamente las redes de col\u00e1geno bajo la piel. <strong>(Seg\u00fan <a target=\"_blank\" rel=\"noreferrer noopener\" href=\"https:\/\/www.mayoclinic.org\/\">Mayo Clinic<\/a>, la desaparici\u00f3n total de la inflamaci\u00f3n y la recuperaci\u00f3n de la sensibilidad normal pueden tardar varios meses en completarse).<\/strong> En consecuencia, la evoluci\u00f3n progresiva del contorno mandibular mantiene intacta la motivaci\u00f3n del paciente. Adem\u00e1s, Mi experiencia con el lifting de cuello en Turqu\u00eda consolida una apariencia juvenil perdurable si se siguen los cuidados indicados.<\/p>\n\n\n\n<hr class=\"wp-block-separator has-alpha-channel-opacity\" \/>\n\n\n\n<h2 class=\"wp-block-heading\">Cronograma de recuperaci\u00f3n durante Mi experiencia con el lifting de cuello en Turqu\u00eda<\/h2>\n\n\n\n<p>La correcta gesti\u00f3n del postoperatorio es fundamental para el \u00e9xito de Mi experiencia con el lifting de cuello en Turqu\u00eda:<\/p>\n\n\n\n<ul class=\"wp-block-list\">\n<li>Descansar c\u00f3modamente durante la primera semana.<\/li>\n\n\n\n<li>Evitar actividades deportivas y esfuerzos f\u00edsicos.<\/li>\n\n\n\n<li>Utilizar la prenda de compresi\u00f3n m\u00e9dica.<\/li>\n\n\n\n<li>Dormir manteniendo la cabeza siempre elevada.<\/li>\n\n\n\n<li>Asistir a todas las consultas programadas.<\/li>\n\n\n\n<li>Mantener una alimentaci\u00f3n altamente nutritiva.<\/li>\n<\/ul>\n\n\n\n<p>Finalmente, el cumplimiento estricto de estas normativas m\u00e9dicas asegura que Mi experiencia con el lifting de cuello en Turqu\u00eda ofrezca resultados perfectos.<\/p>\n\n\n\n<figure class=\"wp-block-image size-large\"><img fetchpriority=\"high\" decoding=\"async\" width=\"1024\" height=\"576\" src=\"https:\/\/gplusclinic.com\/wp-content\/uploads\/2026\/05\/My-experience-with-neck-lift-in-Turkey-1-1024x576.jpg\" alt=\"Comparaci\u00f3n de pantalla dividida que muestra el resultado del lifting\" class=\"wp-image-47018\" srcset=\"https:\/\/gplusclinic.com\/wp-content\/uploads\/2026\/05\/My-experience-with-neck-lift-in-Turkey-1-1024x576.jpg 1024w, https:\/\/gplusclinic.com\/wp-content\/uploads\/2026\/05\/My-experience-with-neck-lift-in-Turkey-1-300x169.jpg 300w, https:\/\/gplusclinic.com\/wp-content\/uploads\/2026\/05\/My-experience-with-neck-lift-in-Turkey-1-768x432.jpg 768w, https:\/\/gplusclinic.com\/wp-content\/uploads\/2026\/05\/My-experience-with-neck-lift-in-Turkey-1-1536x864.jpg 1536w, https:\/\/gplusclinic.com\/wp-content\/uploads\/2026\/05\/My-experience-with-neck-lift-in-Turkey-1-800x450.jpg 800w, https:\/\/gplusclinic.com\/wp-content\/uploads\/2026\/05\/My-experience-with-neck-lift-in-Turkey-1.jpg 1920w\" sizes=\"(max-width: 1024px) 100vw, 1024px\" \/><figcaption class=\"wp-element-caption\">Comparaci\u00f3n de pantalla dividida que muestra el resultado del lifting<\/figcaption><\/figure>\n\n\n\n<hr class=\"wp-block-separator has-alpha-channel-opacity\" \/>\n\n\n\n<h2 class=\"wp-block-heading\">Definici\u00f3n m\u00e9dica de Mi experiencia con el lifting de cuello en Turqu\u00eda<\/h2>\n\n\n\n<p><strong>Es una intervenci\u00f3n quir\u00fargica sumamente precisa dise\u00f1ada para eliminar el exceso de piel fl\u00e1cida, extraer la grasa subcut\u00e1nea localizada y tensar la musculatura profunda, restaurando la firmeza y la definici\u00f3n del perfil facial.<\/strong><\/p>\n\n\n\n<p>Mi experiencia con el lifting de cuello en Turqu\u00eda representa una reestructuraci\u00f3n arquitect\u00f3nica completa, no un simple estiramiento superficial de la piel. El cirujano aborda estrat\u00e9gicamente las capas fasciales profundas, corrigiendo la flacidez del m\u00fasculo platisma. <strong>(Seg\u00fan <a target=\"_blank\" rel=\"noreferrer noopener\" href=\"https:\/\/my.clevelandclinic.org\/\">Cleveland Clinic<\/a>, tensar los m\u00fasculos del cuello mejora significativamente la simetr\u00eda y rejuvenece dr\u00e1sticamente el aspecto general del rostro).<\/strong> Por consiguiente, realizar este procedimiento en <a target=\"_blank\" rel=\"noreferrer noopener\" href=\"https:\/\/gplusclinic.com\/\">G+ Clinic<\/a> bajo la supervisi\u00f3n de expertos asegura un nivel de excelencia inigualable en cirug\u00eda est\u00e9tica.<\/p>\n\n\n\n<hr class=\"wp-block-separator has-alpha-channel-opacity\" \/>\n\n\n\n<h2 class=\"wp-block-heading\">Tabla de costos para Mi experiencia con el lifting de cuello en Turqu\u00eda<\/h2>\n\n\n\n<p>La planificaci\u00f3n financiera detallada es un paso preliminar indispensable antes de emprender Mi experiencia con el lifting de cuello en Turqu\u00eda.<\/p>\n\n\n\n<figure class=\"wp-block-table\"><table class=\"has-fixed-layout\"><thead><tr><td><strong>Descripci\u00f3n del Servicio M\u00e9dico y Log\u00edstico<\/strong><\/td><td><strong>Costo en Turqu\u00eda<\/strong><\/td><td><strong>Costo en Europa<\/strong><\/td><td><strong>Costo en Estados Unidos<\/strong><\/td><\/tr><\/thead><tbody><tr><td>Consulta quir\u00fargica y evaluaci\u00f3n inicial<\/td><td>100\u20ac &#8211; 200\u20ac<\/td><td>400\u20ac &#8211; 800\u20ac<\/td><td>800\u20ac &#8211; 1200\u20ac<\/td><\/tr><tr><td>Honorarios del cirujano pl\u00e1stico y anestesia<\/td><td>1800\u20ac &#8211; 2500\u20ac<\/td><td>5000\u20ac &#8211; 7000\u20ac<\/td><td>8000\u20ac &#8211; 12000\u20ac<\/td><\/tr><tr><td>Alojamiento hospitalario premium (una noche)<\/td><td>300\u20ac &#8211; 500\u20ac<\/td><td>1000\u20ac &#8211; 2000\u20ac<\/td><td>2500\u20ac &#8211; 4000\u20ac<\/td><\/tr><tr><td>Medicamentos postoperatorios y fajas m\u00e9dicas<\/td><td>100\u20ac &#8211; 150\u20ac<\/td><td>300\u20ac &#8211; 500\u20ac<\/td><td>500\u20ac &#8211; 800\u20ac<\/td><\/tr><tr><td>Estad\u00eda en hotel de lujo (cinco estrellas)<\/td><td>400\u20ac &#8211; 700\u20ac<\/td><td>1500\u20ac &#8211; 3000\u20ac<\/td><td>2000\u20ac &#8211; 4000\u20ac<\/td><\/tr><tr><td>Traslados privados VIP con chofer personal<\/td><td>150\u20ac &#8211; 300\u20ac<\/td><td>500\u20ac &#8211; 900\u20ac<\/td><td>800\u20ac &#8211; 1500\u20ac<\/td><\/tr><tr><td>Tecnolog\u00eda avanzada Vaser para liposucci\u00f3n<\/td><td>500\u20ac &#8211; 800\u20ac<\/td><td>1500\u20ac &#8211; 2500\u20ac<\/td><td>3000\u20ac &#8211; 5000\u20ac<\/td><\/tr><tr><td>Citas de seguimiento m\u00e9dico a largo plazo<\/td><td>Gratuito<\/td><td>300\u20ac &#8211; 600\u20ac<\/td><td>500\u20ac &#8211; 1000\u20ac<\/td><\/tr><\/tbody><\/table><\/figure>\n\n\n\n<p>Como demuestra esta comparativa, la ventaja econ\u00f3mica indiscutible convierte a Mi experiencia con el lifting de cuello en Turqu\u00eda en la opci\u00f3n global m\u00e1s inteligente.<\/p>\n\n\n\n<hr class=\"wp-block-separator has-alpha-channel-opacity\" \/>\n\n\n\n<h2 class=\"wp-block-heading\">Tecnolog\u00edas avanzadas en Mi experiencia con el lifting de cuello en Turqu\u00eda<\/h2>\n\n\n\n<p>Los hospitales de clase mundial utilizan equipos biom\u00e9dicos innovadores para perfeccionar Mi experiencia con el lifting de cuello en Turqu\u00eda:<\/p>\n\n\n\n<ul class=\"wp-block-list\">\n<li>Escisi\u00f3n quir\u00fargica cl\u00e1sica para flacidez severa.<\/li>\n\n\n\n<li>Liposucci\u00f3n Vaser para m\u00e1xima precisi\u00f3n anat\u00f3mica.<\/li>\n\n\n\n<li>Tecnolog\u00eda J-Plasma para retracci\u00f3n cut\u00e1nea inmediata.<\/li>\n\n\n\n<li>Terapia l\u00e1ser para estimular col\u00e1geno natural.<\/li>\n\n\n\n<li>Microsuturas est\u00e9ticas para minimizar cicatrices visibles.<\/li>\n\n\n\n<li>Instrumental endosc\u00f3pico para incisiones sumamente peque\u00f1as.<\/li>\n<\/ul>\n\n\n\n<p>En conclusi\u00f3n, la implementaci\u00f3n de estas herramientas de vanguardia fue vital para el triunfo de Mi experiencia con el lifting de cuello en Turqu\u00eda.<\/p>\n\n\n\n<hr class=\"wp-block-separator has-alpha-channel-opacity\" \/>\n\n\n\n<h2 class=\"wp-block-heading\">Candidato ideal para Mi experiencia con el lifting de cuello en Turqu\u00eda<\/h2>\n\n\n\n<p><strong>El candidato perfecto es un individuo sano, no fumador, que presenta flacidez evidente en la zona cervical, grasa localizada bajo el ment\u00f3n y mantiene una elasticidad cut\u00e1nea razonable.<\/strong><\/p>\n\n\n\n<p>Mi experiencia con el lifting de cuello en Turqu\u00eda me ense\u00f1\u00f3 que la rigurosa evaluaci\u00f3n preoperatoria dicta el \u00e9xito del procedimiento. Los m\u00e9dicos analizan minuciosamente la estructura \u00f3sea y las condiciones de salud previas. <strong>(Seg\u00fan la <a target=\"_blank\" rel=\"noreferrer noopener\" href=\"https:\/\/www.who.int\/\">WHO<\/a>, el abandono total del tabaquismo reduce dr\u00e1sticamente las complicaciones postoperatorias y acelera significativamente la cicatrizaci\u00f3n de las heridas).<\/strong> Por este motivo, los especialistas de <a target=\"_blank\" rel=\"noreferrer noopener\" href=\"https:\/\/gplusclinic.com\/\">G+ Clinic<\/a> eval\u00faan exhaustivamente cada caso antes de autorizar Mi experiencia con el lifting de cuello en Turqu\u00eda.<\/p>\n\n\n\n<hr class=\"wp-block-separator has-alpha-channel-opacity\" \/>\n\n\n\n<h2 class=\"wp-block-heading\">Zonas objetivo en Mi experiencia con el lifting de cuello en Turqu\u00eda<\/h2>\n\n\n\n<p>La estrategia quir\u00fargica a\u00edsla regiones anat\u00f3micas espec\u00edficas para optimizar el resultado de Mi experiencia con el lifting de cuello en Turqu\u00eda:<\/p>\n\n\n\n<ul class=\"wp-block-list\">\n<li>Espacio submentoniano directamente bajo la barbilla.<\/li>\n\n\n\n<li>Bordes bilaterales de la mand\u00edbula inferior.<\/li>\n\n\n\n<li>Bandas musculares anteriores del m\u00fasculo platisma.<\/li>\n\n\n\n<li>Piel sobrante y arrugada alrededor del cuello.<\/li>\n\n\n\n<li>Dep\u00f3sitos de grasa localizada (papada pronunciada).<\/li>\n\n\n\n<li>Tejidos blandos extendidos hacia las clav\u00edculas.<\/li>\n<\/ul>\n\n\n\n<p>Al focalizarse en estas \u00e1reas cr\u00edticas, Mi experiencia con el lifting de cuello en Turqu\u00eda logr\u00f3 una apariencia maravillosamente arm\u00f3nica y natural.<\/p>\n\n\n\n<hr class=\"wp-block-separator has-alpha-channel-opacity\" \/>\n\n\n\n<h2 class=\"wp-block-heading\">Anestesia y duraci\u00f3n del procedimiento<\/h2>\n\n\n\n<p><strong>La cirug\u00eda se realiza bajo anestesia general para asegurar el confort absoluto del paciente, y suele extenderse entre dos y cuatro horas dependiendo de la complejidad cl\u00ednica.<\/strong><\/p>\n\n\n\n<p>Mi experiencia con el lifting de cuello en Turqu\u00eda transcurri\u00f3 sin ning\u00fan dolor gracias a los protocolos de anestesia modernos. Posteriormente, el monitoreo constante de los signos vitales asegura una estabilidad fisiol\u00f3gica impecable. Adem\u00e1s, despertar de la intervenci\u00f3n en las salas especializadas fue una transici\u00f3n tranquila y sumamente controlada.<\/p>\n\n\n\n<blockquote class=\"wp-block-quote is-layout-flow wp-block-quote-is-layout-flow\">\n<p>\u00abLa verdadera maestr\u00eda est\u00e9tica no consiste \u00fanicamente en tensar la piel, sino en esculpir internamente la arquitectura muscular, preservando la identidad del paciente mientras se garantizan los m\u00e1s altos est\u00e1ndares de bioseguridad cl\u00ednica.\u00bb \u2013 Cirujano Principal.<\/p>\n<\/blockquote>\n\n\n\n<hr class=\"wp-block-separator has-alpha-channel-opacity\" \/>\n\n\n\n<h2 class=\"wp-block-heading\">Cronograma de pasos quir\u00fargicos<\/h2>\n\n\n\n<p>Comprender la secuencia de la operaci\u00f3n ayuda a mitigar la ansiedad antes de iniciar Mi experiencia con el lifting de cuello en Turqu\u00eda.<\/p>\n\n\n\n<figure class=\"wp-block-table\"><table class=\"has-fixed-layout\"><thead><tr><td><strong>Fase Quir\u00fargica Espec\u00edfica<\/strong><\/td><td><strong>Descripci\u00f3n Detallada de la Acci\u00f3n M\u00e9dica<\/strong><\/td><td><strong>Duraci\u00f3n Estimada<\/strong><\/td><\/tr><\/thead><tbody><tr><td>Marcaje anat\u00f3mico preoperatorio<\/td><td>Dibujo de vectores de tensi\u00f3n sobre la piel<\/td><td>20 &#8211; 30 Minutos<\/td><\/tr><tr><td>Inducci\u00f3n de anestesia general<\/td><td>Administraci\u00f3n de medicamentos para sue\u00f1o profundo<\/td><td>30 &#8211; 45 Minutos<\/td><\/tr><tr><td>Creaci\u00f3n de incisiones ocultas<\/td><td>Cortes precisos detr\u00e1s de las orejas<\/td><td>15 &#8211; 20 Minutos<\/td><\/tr><tr><td>Extracci\u00f3n de grasa localizada<\/td><td>Uso de tecnolog\u00eda ultras\u00f3nica para disolver adipocitos<\/td><td>30 &#8211; 45 Minutos<\/td><\/tr><tr><td>Plicatura del m\u00fasculo profundo<\/td><td>Sutura firme de las bandas del platisma<\/td><td>40 &#8211; 60 Minutos<\/td><\/tr><tr><td>Redistribuci\u00f3n de tejido cut\u00e1neo<\/td><td>Eliminaci\u00f3n delicada de la piel cervical sobrante<\/td><td>20 &#8211; 30 Minutos<\/td><\/tr><tr><td>Cierre est\u00e9tico de heridas<\/td><td>Uso de hilos microsc\u00f3picos para prevenir marcas<\/td><td>30 &#8211; 40 Minutos<\/td><\/tr><tr><td>Colocaci\u00f3n de vendajes m\u00e9dicos<\/td><td>Ajuste de prendas de compresi\u00f3n para proteger<\/td><td>15 &#8211; 20 Minutos<\/td><\/tr><\/tbody><\/table><\/figure>\n\n\n\n<p>Por lo tanto, este enfoque meticulosamente estructurado garantiz\u00f3 la total seguridad durante toda Mi experiencia con el lifting de cuello en Turqu\u00eda.<\/p>\n\n\n\n<hr class=\"wp-block-separator has-alpha-channel-opacity\" \/>\n\n\n\n<h2 class=\"wp-block-heading\">Razones para elegir G+ Clinic<\/h2>\n\n\n\n<p>Seleccionar el centro m\u00e9dico adecuado fue la decisi\u00f3n m\u00e1s trascendental respecto a Mi experiencia con el lifting de cuello en Turqu\u00eda:<\/p>\n\n\n\n<ul class=\"wp-block-list\">\n<li>Acreditaci\u00f3n JCI garantizando est\u00e1ndares globales.<\/li>\n\n\n\n<li>Cirujanos pl\u00e1sticos con d\u00e9cadas de experiencia.<\/li>\n\n\n\n<li>Quir\u00f3fanos equipados con tecnolog\u00eda m\u00e9dica innovadora.<\/li>\n\n\n\n<li>Servicios VIP desde la llegada al aeropuerto.<\/li>\n\n\n\n<li>Traductores profesionales disponibles en todo momento.<\/li>\n\n\n\n<li>Atenci\u00f3n m\u00e9dica postoperatoria durante un a\u00f1o.<\/li>\n<\/ul>\n\n\n\n<p>Asimismo, la lujosa atenci\u00f3n recibida en <a target=\"_blank\" rel=\"noreferrer noopener\" href=\"https:\/\/gplusclinic.com\/\">G+ Clinic<\/a> transform\u00f3 Mi experiencia con el lifting de cuello en Turqu\u00eda en unas vacaciones revitalizantes.<\/p>\n\n\n\n<hr class=\"wp-block-separator has-alpha-channel-opacity\" \/>\n\n\n\n<h2 class=\"wp-block-heading\">Detalles del procedimiento paso a paso<\/h2>\n\n\n\n<p>El protocolo cl\u00ednico est\u00e1 dise\u00f1ado sistem\u00e1ticamente para maximizar la eficiencia de Mi experiencia con el lifting de cuello en Turqu\u00eda:<\/p>\n\n\n\n<ul class=\"wp-block-list\">\n<li>Realizar ex\u00e1menes de sangre exhaustivos previamente.<\/li>\n\n\n\n<li>Consultar presencialmente con el cirujano experto.<\/li>\n\n\n\n<li>Definir expectativas est\u00e9ticas de manera realista.<\/li>\n\n\n\n<li>Recibir anestesia general de forma totalmente segura.<\/li>\n\n\n\n<li>Ejecutar la intervenci\u00f3n con m\u00e1xima precisi\u00f3n.<\/li>\n\n\n\n<li>Despertar en una suite privada de recuperaci\u00f3n.<\/li>\n\n\n\n<li>Recibir instrucciones de alta hospitalaria claras.<\/li>\n<\/ul>\n\n\n\n<p>Gracias a esta magn\u00edfica organizaci\u00f3n, Mi experiencia con el lifting de cuello en Turqu\u00eda se sinti\u00f3 incre\u00edblemente segura y libre de estr\u00e9s.<\/p>\n\n\n\n<hr class=\"wp-block-separator has-alpha-channel-opacity\" \/>\n\n\n\n<h2 class=\"wp-block-heading\">Comparaci\u00f3n de tecnolog\u00edas quir\u00fargicas<\/h2>\n\n\n\n<p>Distintos enfoques terap\u00e9uticos ofrecen recuperaciones variadas, como analic\u00e9 detalladamente antes de Mi experiencia con el lifting de cuello en Turqu\u00eda.<\/p>\n\n\n\n<figure class=\"wp-block-table\"><table class=\"has-fixed-layout\"><thead><tr><td><strong>Criterio de Evaluaci\u00f3n Cl\u00ednica<\/strong><\/td><td><strong>Cirug\u00eda de Escisi\u00f3n Tradicional<\/strong><\/td><td><strong>Lifting Asistido por Vaser<\/strong><\/td><td><strong>Lifting Combinado con J-Plasma<\/strong><\/td><\/tr><\/thead><tbody><tr><td>Nivel de dolor experimentado<\/td><td>Moderado durante los primeros d\u00edas<\/td><td>Leve a moderado generalmente<\/td><td>Muy bajo, solo sensaci\u00f3n de tensi\u00f3n<\/td><\/tr><tr><td>Velocidad de la recuperaci\u00f3n<\/td><td>De dos a tres semanas completas<\/td><td>Aproximadamente diez a catorce d\u00edas<\/td><td>Entre siete y diez d\u00edas r\u00e1pidos<\/td><\/tr><tr><td>Visibilidad de las cicatrices<\/td><td>Ocultas pero ligeramente m\u00e1s extensas<\/td><td>Incisiones min\u00fasculas casi imperceptibles<\/td><td>Microcicatrices pr\u00e1cticamente invisibles<\/td><\/tr><tr><td>Capacidad de tensado cut\u00e1neo<\/td><td>Excelente para flacidez cut\u00e1nea muy severa<\/td><td>Depende de la retracci\u00f3n natural<\/td><td>Contracci\u00f3n subd\u00e9rmica potente e inmediata<\/td><\/tr><tr><td>Precisi\u00f3n en el contorneado<\/td><td>Buena para lifting facial general<\/td><td>Definici\u00f3n muscular de alt\u00edsima precisi\u00f3n<\/td><td>Ideal para pieles sumamente delgadas<\/td><\/tr><tr><td>Costo financiero estimado<\/td><td>Altamente econ\u00f3mico y muy accesible<\/td><td>Ligeramente superior por el equipo<\/td><td>El m\u00e1s costoso por la tecnolog\u00eda<\/td><\/tr><tr><td>Indicaci\u00f3n cl\u00ednica ideal<\/td><td>Pacientes con p\u00e9rdida masiva de peso<\/td><td>Grasa moderada con flacidez leve<\/td><td>Flacidez leve sin exceso graso<\/td><\/tr><tr><td>Durabilidad de los resultados<\/td><td>Se mantiene durante m\u00e1s de una d\u00e9cada<\/td><td>Excelente si el peso es estable<\/td><td>Muy buena estimulaci\u00f3n de col\u00e1geno<\/td><\/tr><\/tbody><\/table><\/figure>\n\n\n\n<p>Al revisar estos par\u00e1metros, logr\u00e9 personalizar Mi experiencia con el lifting de cuello en Turqu\u00eda a la perfecci\u00f3n.<\/p>\n\n\n\n<hr class=\"wp-block-separator has-alpha-channel-opacity\" \/>\n\n\n\n<h2 class=\"wp-block-heading\">Preparaci\u00f3n antes de la cirug\u00eda<\/h2>\n\n\n\n<p>La preparaci\u00f3n fisiol\u00f3gica es obligatoria y exige disciplina f\u00e9rrea para optimizar Mi experiencia con el lifting de cuello en Turqu\u00eda:<\/p>\n\n\n\n<ul class=\"wp-block-list\">\n<li>Suspender absolutamente el consumo de tabaco.<\/li>\n\n\n\n<li>Interrumpir medicamentos y suplementos anticoagulantes naturales.<\/li>\n\n\n\n<li>Realizar evaluaciones cardiovasculares m\u00e9dicas preventivas.<\/li>\n\n\n\n<li>Ayunar estrictamente durante ocho horas continuas.<\/li>\n\n\n\n<li>Gestionar d\u00edas de descanso laboral suficientes.<\/li>\n\n\n\n<li>Preparar un espacio de recuperaci\u00f3n c\u00f3modo.<\/li>\n<\/ul>\n\n\n\n<p>Al seguir estas instrucciones al pie de la letra, asegur\u00e9 que Mi experiencia con el lifting de cuello en Turqu\u00eda no tuviera contratiempos.<\/p>\n\n\n\n<hr class=\"wp-block-separator has-alpha-channel-opacity\" \/>\n\n\n\n<h2 class=\"wp-block-heading\">Pros y contras del procedimiento<\/h2>\n\n\n\n<p>La honestidad cl\u00ednica requiere evaluar objetivamente los beneficios y riesgos antes de iniciar Mi experiencia con el lifting de cuello en Turqu\u00eda.<\/p>\n\n\n\n<figure class=\"wp-block-table\"><table class=\"has-fixed-layout\"><thead><tr><td><strong>Ventajas y Beneficios Est\u00e9ticos Obtenidos<\/strong><\/td><td><strong>Desventajas y Riesgos M\u00e9dicos Potenciales<\/strong><\/td><\/tr><\/thead><tbody><tr><td>Restaura un perfil facial vibrante y juvenil<\/td><td>Posibilidad de cicatrices ocultas muy tenues<\/td><\/tr><tr><td>Aumenta significativamente la autoestima y seguridad<\/td><td>Requiere una inversi\u00f3n financiera de nivel moderado<\/td><\/tr><tr><td>Proporciona mejoras est\u00e9ticas de muy larga duraci\u00f3n<\/td><td>Necesita varias semanas para recuperaci\u00f3n social<\/td><\/tr><tr><td>Elimina definitivamente el doble ment\u00f3n obstinado<\/td><td>Riesgos est\u00e1ndar asociados a la anestesia general<\/td><\/tr><tr><td>Alt\u00edsimos \u00edndices internacionales de seguridad comprobada<\/td><td>Presencia de hematomas e inflamaci\u00f3n postoperatoria temporal<\/td><\/tr><tr><td>Crea armon\u00eda perfecta con los rasgos faciales<\/td><td>Entumecimiento transitorio a lo largo de la mand\u00edbula<\/td><\/tr><tr><td>Utiliza tecnolog\u00edas que minimizan notablemente el dolor<\/td><td>Incomodidad por usar la prenda de compresi\u00f3n<\/td><\/tr><tr><td>Combina reducci\u00f3n de grasa con tensado muscular<\/td><td>Rara posibilidad de acumulaci\u00f3n de l\u00edquido localizado<\/td><\/tr><\/tbody><\/table><\/figure>\n\n\n\n<p>A pesar de las incomodidades temporales, las profundas ventajas confirmaron que Mi experiencia con el lifting de cuello en Turqu\u00eda fue una decisi\u00f3n brillante.<\/p>\n\n\n\n<figure class=\"wp-block-image size-large\"><img decoding=\"async\" width=\"1024\" height=\"576\" src=\"https:\/\/gplusclinic.com\/wp-content\/uploads\/2026\/05\/My-experience-with-neck-lift-in-Turkey-2-1024x576.jpg\" alt=\"Cirujano dibujando pautas quir\u00fargicas precisas en el cuello\" class=\"wp-image-47019\" srcset=\"https:\/\/gplusclinic.com\/wp-content\/uploads\/2026\/05\/My-experience-with-neck-lift-in-Turkey-2-1024x576.jpg 1024w, https:\/\/gplusclinic.com\/wp-content\/uploads\/2026\/05\/My-experience-with-neck-lift-in-Turkey-2-300x169.jpg 300w, https:\/\/gplusclinic.com\/wp-content\/uploads\/2026\/05\/My-experience-with-neck-lift-in-Turkey-2-768x432.jpg 768w, https:\/\/gplusclinic.com\/wp-content\/uploads\/2026\/05\/My-experience-with-neck-lift-in-Turkey-2-1536x864.jpg 1536w, https:\/\/gplusclinic.com\/wp-content\/uploads\/2026\/05\/My-experience-with-neck-lift-in-Turkey-2-800x450.jpg 800w, https:\/\/gplusclinic.com\/wp-content\/uploads\/2026\/05\/My-experience-with-neck-lift-in-Turkey-2.jpg 1920w\" sizes=\"(max-width: 1024px) 100vw, 1024px\" \/><figcaption class=\"wp-element-caption\">Cirujano dibujando pautas quir\u00fargicas precisas en el cuello<\/figcaption><\/figure>\n\n\n\n<hr class=\"wp-block-separator has-alpha-channel-opacity\" \/>\n\n\n\n<h2 class=\"wp-block-heading\">Servicios VIP exclusivos<\/h2>\n\n\n\n<p>El turismo m\u00e9dico de \u00e9lite fusiona salud y lujo, enriqueciendo enormemente Mi experiencia con el lifting de cuello en Turqu\u00eda:<\/p>\n\n\n\n<ul class=\"wp-block-list\">\n<li>Traslados aeroportuarios en veh\u00edculos Mercedes premium.<\/li>\n\n\n\n<li>Hospedaje en hoteles de cinco estrellas.<\/li>\n\n\n\n<li>Coordinadores m\u00e9dicos personales y multiling\u00fces dedicados.<\/li>\n\n\n\n<li>Consultas m\u00e9dicas de revisi\u00f3n postoperatoria gratuitas.<\/li>\n\n\n\n<li>Kits de cuidado dermatol\u00f3gico de alta gama.<\/li>\n\n\n\n<li>Asistencia de enfermer\u00eda privada si es solicitada.<\/li>\n<\/ul>\n\n\n\n<p>Sin duda alguna, estos privilegios excepcionales convirtieron Mi experiencia con el lifting de cuello en Turqu\u00eda en un retiro sumamente placentero.<\/p>\n\n\n\n<hr class=\"wp-block-separator has-alpha-channel-opacity\" \/>\n\n\n\n<h2 class=\"wp-block-heading\">Mitos comunes sobre la cirug\u00eda<\/h2>\n\n\n\n<p><strong>El mito m\u00e1s extendido afirma que la cirug\u00eda deja cicatrices horribles; sin embargo, las incisiones se ocultan magistralmente detr\u00e1s de las orejas y bajo el ment\u00f3n.<\/strong><\/p>\n\n\n\n<p>Mi experiencia con el lifting de cuello en Turqu\u00eda desmitific\u00f3 numerosas falsedades sobre la est\u00e9tica facial. Muchas personas temen adquirir una apariencia artificial o excesivamente estirada, pero la manipulaci\u00f3n experta de la fascia profunda previene esa tensi\u00f3n antinatural. <strong>(Seg\u00fan la <a target=\"_blank\" rel=\"noreferrer noopener\" href=\"https:\/\/www.isaps.org\/\">ISAPS<\/a>, las refinadas t\u00e9cnicas microquir\u00fargicas modernas permiten que las cicatrices se vuelvan casi invisibles con un cuidado dermatol\u00f3gico adecuado).<\/strong> En consecuencia, confiar en la destreza de <a target=\"_blank\" rel=\"noreferrer noopener\" href=\"https:\/\/gplusclinic.com\/\">G+ Clinic<\/a> asegura que Mi experiencia con el lifting de cuello en Turqu\u00eda resalte \u00fanicamente la belleza aut\u00e9ntica.<\/p>\n\n\n\n<hr class=\"wp-block-separator has-alpha-channel-opacity\" \/>\n\n\n\n<h2 class=\"wp-block-heading\">Riesgos potenciales de la intervenci\u00f3n<\/h2>\n\n\n\n<p><strong>Las complicaciones raras incluyen infecciones localizadas o seromas, pero seleccionar un hospital debidamente acreditado reduce estas probabilidades estad\u00edsticas a cifras casi nulas.<\/strong><\/p>\n\n\n\n<p>Mi experiencia con el lifting de cuello en Turqu\u00eda comprob\u00f3 que la educaci\u00f3n del paciente es la mejor herramienta preventiva. Toda cirug\u00eda conlleva riesgos m\u00ednimos, como retrasos en la cicatrizaci\u00f3n, especialmente si el paciente desobedece la prohibici\u00f3n de fumar. Sin embargo, el uso de peque\u00f1os tubos de drenaje evita eficazmente la acumulaci\u00f3n de fluidos postoperatorios. Por lo tanto, el cumplimiento estricto de las normas m\u00e9dicas garantiz\u00f3 que Mi experiencia con el lifting de cuello en Turqu\u00eda transcurriera con absoluta seguridad.<\/p>\n\n\n\n<hr class=\"wp-block-separator has-alpha-channel-opacity\" \/>\n\n\n\n<h2 class=\"wp-block-heading\">Historias reales sobre Mi experiencia con el lifting de cuello en Turqu\u00eda<\/h2>\n\n\n\n<p><strong>Innumerables pacientes comparten emocionados c\u00f3mo transformaron su apariencia y recuperaron su autoestima tras someterse a esta exitosa y avanzada intervenci\u00f3n quir\u00fargica.<\/strong><\/p>\n\n\n\n<p>Mi experiencia con el lifting de cuello en Turqu\u00eda resuena con los testimonios de personas de todo el mundo:<\/p>\n\n\n\n<ul class=\"wp-block-list\">\n<li><strong>Elena (55 a\u00f1os):<\/strong> \u00abDespu\u00e9s de perder mucho peso, mi piel qued\u00f3 colgando. Al vivir Mi experiencia con el lifting de cuello en Turqu\u00eda en <a href=\"https:\/\/gplusclinic.com\/\" target=\"_blank\" rel=\"noreferrer noopener\">G+ Clinic<\/a>, recuper\u00e9 la firmeza y dej\u00e9 atr\u00e1s a\u00f1os de profunda inseguridad.\u00bb<\/li>\n\n\n\n<li><strong>Carlos (50 a\u00f1os):<\/strong> \u00abLa gen\u00e9tica me dio una papada pesada. Gracias a la tecnolog\u00eda Vaser, Mi experiencia con el lifting de cuello en Turqu\u00eda esculpi\u00f3 una mand\u00edbula masculina y definida.\u00bb<\/li>\n\n\n\n<li><strong>Isabel (62 a\u00f1os):<\/strong> \u00abLas arrugas profundas envejec\u00edan mi rostro. Sorprendentemente, Mi experiencia con el lifting de cuello en Turqu\u00eda me devolvi\u00f3 la juventud sin borrar mis rasgos naturales.\u00bb<\/li>\n\n\n\n<li><strong>Luc\u00eda (45 a\u00f1os):<\/strong> \u00abBuscaba definici\u00f3n total. Viajar al extranjero para Mi experiencia con el lifting de cuello en Turqu\u00eda fue la mejor inversi\u00f3n de toda mi vida.\u00bb<\/li>\n<\/ul>\n\n\n\n<hr class=\"wp-block-separator has-alpha-channel-opacity\" \/>\n\n\n\n<h2 class=\"wp-block-heading\">Costos ocultos a considerar<\/h2>\n\n\n\n<p>Elaborar un presupuesto exhaustivo previene sorpresas financieras desagradables al organizar Mi experiencia con el lifting de cuello en Turqu\u00eda:<\/p>\n\n\n\n<ul class=\"wp-block-list\">\n<li>Boletos de avi\u00f3n internacionales de ida y vuelta.<\/li>\n\n\n\n<li>Gastos de alimentaci\u00f3n del acompa\u00f1ante de viaje.<\/li>\n\n\n\n<li>Excursiones tur\u00edsticas opcionales por la ciudad hist\u00f3rica.<\/li>\n\n\n\n<li>Compra de prendas de compresi\u00f3n facial adicionales.<\/li>\n\n\n\n<li>Cremas de silicona especializadas para atenuar cicatrices.<\/li>\n\n\n\n<li>Extensi\u00f3n voluntaria de los d\u00edas de estad\u00eda.<\/li>\n<\/ul>\n\n\n\n<p>Anticipar estos peque\u00f1os gastos perif\u00e9ricos asegur\u00f3 que la financiaci\u00f3n de Mi experiencia con el lifting de cuello en Turqu\u00eda fluyera sin ning\u00fan estr\u00e9s.<\/p>\n\n\n\n<hr class=\"wp-block-separator has-alpha-channel-opacity\" \/>\n\n\n\n<h2 class=\"wp-block-heading\">Consejos de mantenimiento a largo plazo<\/h2>\n\n\n\n<p>Preservar los resultados quir\u00fargicos exige un compromiso personal sostenido despu\u00e9s de concluir Mi experiencia con el lifting de cuello en Turqu\u00eda:<\/p>\n\n\n\n<ul class=\"wp-block-list\">\n<li>Beber agua abundante para mantener hidrataci\u00f3n celular.<\/li>\n\n\n\n<li>Consumir dietas ricas en potentes antioxidantes naturales.<\/li>\n\n\n\n<li>Aplicar protector solar facial de alto espectro.<\/li>\n\n\n\n<li>Utilizar cremas reafirmantes cl\u00ednicas para el cuello.<\/li>\n\n\n\n<li>Mantener un peso corporal estable y saludable.<\/li>\n\n\n\n<li>Evitar el tabaquismo para proteger el col\u00e1geno.<\/li>\n<\/ul>\n\n\n\n<p>Adoptar estos h\u00e1bitos saludables garantiza que la belleza obtenida en Mi experiencia con el lifting de cuello en Turqu\u00eda perdure por d\u00e9cadas.<\/p>\n\n\n\n<hr class=\"wp-block-separator has-alpha-channel-opacity\" \/>\n\n\n\n<h2 class=\"wp-block-heading\">Comparativa general de tratamientos<\/h2>\n\n\n\n<p>Evaluar todas las alternativas es vital, y esta tabla demuestra el inmenso valor de Mi experiencia con el lifting de cuello en Turqu\u00eda.<\/p>\n\n\n\n<figure class=\"wp-block-table\"><table class=\"has-fixed-layout\"><thead><tr><td><strong>Criterio de Evaluaci\u00f3n Comparativa<\/strong><\/td><td><strong>Escisi\u00f3n Quir\u00fargica (Lifting de Cuello)<\/strong><\/td><td><strong>Inyecciones de B\u00f3tox y Rellenos<\/strong><\/td><td><strong>Dispositivos de Energ\u00eda No Invasivos (HIFU)<\/strong><\/td><\/tr><\/thead><tbody><tr><td>Longevidad de los resultados<\/td><td>Cambios estructurales permanentes durante muchos a\u00f1os<\/td><td>Duraci\u00f3n temporal de solo 6 a 12 meses<\/td><td>Duraci\u00f3n moderada de hasta dos a\u00f1os<\/td><\/tr><tr><td>Nivel de intervenci\u00f3n m\u00e9dica<\/td><td>Manipulaci\u00f3n quir\u00fargica profunda de los tejidos<\/td><td>Inyecciones superficiales con agujas en consultorio<\/td><td>Ondas t\u00e9rmicas ultras\u00f3nicas que no penetran<\/td><\/tr><tr><td>Tiempo de recuperaci\u00f3n exigido<\/td><td>De dos a tres semanas de reposo<\/td><td>Cero tiempo de inactividad, retorno inmediato<\/td><td>Tiempo de inactividad m\u00ednimo o nulo<\/td><\/tr><tr><td>Objetivo principal del tratamiento<\/td><td>Eliminar piel y tensar musculatura profunda<\/td><td>Relajar arrugas din\u00e1micas de forma temporal<\/td><td>Estimular col\u00e1geno para un levantamiento leve<\/td><\/tr><tr><td>Incomodidad o dolor esperado<\/td><td>Indoloro bajo anestesia general segura<\/td><td>Sensaci\u00f3n de pellizco muy leve y tolerable<\/td><td>Calor moderado y hormigueo durante la sesi\u00f3n<\/td><\/tr><tr><td>Demograf\u00eda objetivo ideal<\/td><td>Pacientes con flacidez de moderada a severa<\/td><td>Pacientes j\u00f3venes que buscan cuidados preventivos<\/td><td>Pacientes con flacidez temprana muy leve<\/td><\/tr><tr><td>Inversi\u00f3n financiera total<\/td><td>Inversi\u00f3n \u00fanica de nivel moderado a alto<\/td><td>Costos recurrentes e interminables cada pocos meses<\/td><td>Costos recurrentes de nivel medio por sesi\u00f3n<\/td><\/tr><tr><td>Eficacia en la reducci\u00f3n de grasa<\/td><td>Excelente, extrae permanentemente los adipocitos<\/td><td>Totalmente ineficaz para la eliminaci\u00f3n de grasa<\/td><td>Eficacia sumamente pobre respecto a la grasa<\/td><\/tr><\/tbody><\/table><\/figure>\n\n\n\n<p>Evidentemente, el abordaje quir\u00fargico ofrecido por Mi experiencia con el lifting de cuello en Turqu\u00eda proporciona una remodelaci\u00f3n infinitamente superior.<\/p>\n\n\n\n<hr class=\"wp-block-separator has-alpha-channel-opacity\" \/>\n\n\n\n<p>Mi experiencia con el lifting de cuello en Turqu\u00eda me ense\u00f1\u00f3 una valiosa lecci\u00f3n: el bistur\u00ed retrasa el reloj del envejecimiento, pero es el estilo de vida lo que determina la velocidad a la que sigue avanzando. Mantener el contorno elegante logrado en el quir\u00f3fano depende en gran medida de adoptar una rutina biol\u00f3gicamente sana. Los pacientes deben comprender que las fluctuaciones extremas de peso estirar\u00e1n inevitablemente los delicados tejidos cervicales reci\u00e9n tensados. Asimismo, el cuidado dermatol\u00f3gico constante es imperativo para combatir los radicales libres. En <a target=\"_blank\" rel=\"noreferrer noopener\" href=\"https:\/\/gplusclinic.com\/\">G+ Clinic<\/a>, el equipo m\u00e9dico siempre enfatiza que Mi experiencia con el lifting de cuello en Turqu\u00eda es solo el catalizador inicial para un compromiso de por vida con el amor propio, la nutrici\u00f3n consciente y la salud integral.<\/p>\n\n\n\n<hr class=\"wp-block-separator has-alpha-channel-opacity\" \/>\n\n\n\n<h2 class=\"wp-block-heading\">C\u00f3mo reservar tu procedimiento<\/h2>\n\n\n\n<p>La log\u00edstica de viaje es incre\u00edblemente sencilla cuando decides iniciar Mi experiencia con el lifting de cuello en Turqu\u00eda:<\/p>\n\n\n\n<ul class=\"wp-block-list\">\n<li>Contactar al consultor m\u00e9dico directamente por WhatsApp.<\/li>\n\n\n\n<li>Enviar fotograf\u00edas claras para evaluaci\u00f3n a distancia.<\/li>\n\n\n\n<li>Recibir un plan de tratamiento m\u00e9dico personalizado.<\/li>\n\n\n\n<li>Comprar los vuelos y confirmar fechas quir\u00fargicas.<\/li>\n\n\n\n<li>Llegar relajadamente al aeropuerto internacional de Estambul.<\/li>\n\n\n\n<li>Ingresar a la cl\u00ednica para comenzar la transformaci\u00f3n.<\/li>\n<\/ul>\n\n\n\n<p>Gracias a esta eficiencia organizativa, dar el primer paso hacia Mi experiencia con el lifting de cuello en Turqu\u00eda fue sumamente f\u00e1cil.<\/p>\n\n\n\n<figure class=\"wp-block-image size-large\"><img decoding=\"async\" width=\"1024\" height=\"576\" src=\"https:\/\/gplusclinic.com\/wp-content\/uploads\/2026\/05\/My-experience-with-neck-lift-in-Turkey-3-1024x576.jpg\" alt=\"M\u00e9dico amable dando la bienvenida a los pacientes a Estambul\" class=\"wp-image-47020\" srcset=\"https:\/\/gplusclinic.com\/wp-content\/uploads\/2026\/05\/My-experience-with-neck-lift-in-Turkey-3-1024x576.jpg 1024w, https:\/\/gplusclinic.com\/wp-content\/uploads\/2026\/05\/My-experience-with-neck-lift-in-Turkey-3-300x169.jpg 300w, https:\/\/gplusclinic.com\/wp-content\/uploads\/2026\/05\/My-experience-with-neck-lift-in-Turkey-3-768x432.jpg 768w, https:\/\/gplusclinic.com\/wp-content\/uploads\/2026\/05\/My-experience-with-neck-lift-in-Turkey-3-1536x864.jpg 1536w, https:\/\/gplusclinic.com\/wp-content\/uploads\/2026\/05\/My-experience-with-neck-lift-in-Turkey-3-800x450.jpg 800w, https:\/\/gplusclinic.com\/wp-content\/uploads\/2026\/05\/My-experience-with-neck-lift-in-Turkey-3.jpg 1920w\" sizes=\"(max-width: 1024px) 100vw, 1024px\" \/><figcaption class=\"wp-element-caption\">M\u00e9dico amable dando la bienvenida a los pacientes a Estambul<\/figcaption><\/figure>\n\n\n\n<hr class=\"wp-block-separator has-alpha-channel-opacity\" \/>\n\n\n\n<h2 class=\"wp-block-heading\">Conclusi\u00f3n sobre tu transformaci\u00f3n<\/h2>\n\n\n\n<p>Para finalizar, puedo afirmar categ\u00f3ricamente que embarcarme en Mi experiencia con el lifting de cuello en Turqu\u00eda ha sido la inversi\u00f3n m\u00e1s gratificante en mi bienestar personal. El procedimiento erradic\u00f3 por completo la flacidez acumulada, devolvi\u00e9ndome un contorno facial elegante y juvenil. La perfecta sinergia entre la precisi\u00f3n quir\u00fargica de \u00e9lite y la hospitalidad turca crea un entorno donde los sue\u00f1os est\u00e9ticos se materializan de forma segura. Si deseas liberarte de la inseguridad que causa el envejecimiento del cuello, \u00bfest\u00e1s preparado para ser el pr\u00f3ximo caso de \u00e9xito y vivir tu propia Mi experiencia con el lifting de cuello en Turqu\u00eda?<\/p>\n\n\n\n<hr class=\"wp-block-separator has-alpha-channel-opacity\" \/>\n\n\n\n<h2 class=\"wp-block-heading\">Preguntas Frecuentes<\/h2>\n\n\n\n<h3 class=\"wp-block-heading\">\u00bfLa cirug\u00eda dejar\u00e1 cicatrices horribles y visibles en mi rostro?<\/h3>\n\n\n\n<p><strong>No, las incisiones se realizan estrat\u00e9gicamente detr\u00e1s de las orejas y debajo del ment\u00f3n, garantizando que tras Mi experiencia con el lifting de cuello en Turqu\u00eda las cicatrices sean pr\u00e1cticamente indetectables.<\/strong><\/p>\n\n\n\n<h3 class=\"wp-block-heading\">\u00bfCu\u00e1ndo podr\u00e9 regresar c\u00f3modamente a mi trabajo habitual de oficina?<\/h3>\n\n\n\n<p><strong>La gran mayor\u00eda de los pacientes retoman sus labores de oficina entre 10 y 14 d\u00edas, tiempo suficiente para que Mi experiencia con el lifting de cuello en Turqu\u00eda permita la desinflamaci\u00f3n.<\/strong><\/p>\n\n\n\n<h3 class=\"wp-block-heading\">\u00bfSufrir\u00e9 un dolor insoportable durante el periodo de recuperaci\u00f3n en casa?<\/h3>\n\n\n\n<p><strong>El malestar se describe m\u00e1s como una sensaci\u00f3n de tirantez que como dolor agudo, y se controla f\u00e1cilmente con la medicaci\u00f3n prescrita durante Mi experiencia con el lifting de cuello en Turqu\u00eda.<\/strong><\/p>\n\n\n\n<h3 class=\"wp-block-heading\">\u00bfEs posible combinar esta operaci\u00f3n con otras cirug\u00edas est\u00e9ticas faciales?<\/h3>\n\n\n\n<p><strong>S\u00ed, los cirujanos recomiendan frecuentemente combinarla con blefaroplastia o lifting facial completo para potenciar el rejuvenecimiento armonioso logrado en Mi experiencia con el lifting de cuello en Turqu\u00eda.<\/strong><\/p>\n\n\n\n<h3 class=\"wp-block-heading\">\u00bfCu\u00e1ntos a\u00f1os durar\u00e1n realmente los hermosos resultados de firmeza obtenidos?<\/h3>\n\n\n\n<p><strong>Los resultados son sumamente duraderos, superando a menudo la d\u00e9cada, siempre y cuando se mantenga un peso estable tras concluir Mi experiencia con el lifting de cuello en Turqu\u00eda.<\/strong><\/p>\n","protected":false},"excerpt":{"rendered":"<p>Mi experiencia con el lifting de cuello en Turqu\u00eda (Neck Lift) no termina en el quir\u00f3fano, sino que inicia un viaje transformador hacia el rejuvenecimiento facial profundo. Por lo tanto, elegir un centro m\u00e9dico de prestigio internacional como G+ Clinic garantiza la obtenci\u00f3n de resultados est\u00e9ticos superiores, combinando maestr\u00eda quir\u00fargica con absoluta seguridad cl\u00ednica en [&hellip;]<\/p>\n","protected":false},"author":6,"featured_media":47021,"comment_status":"open","ping_status":"open","sticky":false,"template":"","format":"standard","meta":{"ocean_post_layout":"","ocean_both_sidebars_style":"","ocean_both_sidebars_content_width":0,"ocean_both_sidebars_sidebars_width":0,"ocean_sidebar":"","ocean_second_sidebar":"","ocean_disable_margins":"enable","ocean_add_body_class":"","ocean_shortcode_before_top_bar":"","ocean_shortcode_after_top_bar":"","ocean_shortcode_before_header":"","ocean_shortcode_after_header":"","ocean_has_shortcode":"","ocean_shortcode_after_title":"","ocean_shortcode_before_footer_widgets":"","ocean_shortcode_after_footer_widgets":"","ocean_shortcode_before_footer_bottom":"","ocean_shortcode_after_footer_bottom":"","ocean_display_top_bar":"default","ocean_display_header":"default","ocean_header_style":"","ocean_center_header_left_menu":"","ocean_custom_header_template":"","ocean_custom_logo":0,"ocean_custom_retina_logo":0,"ocean_custom_logo_max_width":0,"ocean_custom_logo_tablet_max_width":0,"ocean_custom_logo_mobile_max_width":0,"ocean_custom_logo_max_height":0,"ocean_custom_logo_tablet_max_height":0,"ocean_custom_logo_mobile_max_height":0,"ocean_header_custom_menu":"","ocean_menu_typo_font_family":"","ocean_menu_typo_font_subset":"","ocean_menu_typo_font_size":0,"ocean_menu_typo_font_size_tablet":0,"ocean_menu_typo_font_size_mobile":0,"ocean_menu_typo_font_size_unit":"px","ocean_menu_typo_font_weight":"","ocean_menu_typo_font_weight_tablet":"","ocean_menu_typo_font_weight_mobile":"","ocean_menu_typo_transform":"","ocean_menu_typo_transform_tablet":"","ocean_menu_typo_transform_mobile":"","ocean_menu_typo_line_height":0,"ocean_menu_typo_line_height_tablet":0,"ocean_menu_typo_line_height_mobile":0,"ocean_menu_typo_line_height_unit":"","ocean_menu_typo_spacing":0,"ocean_menu_typo_spacing_tablet":0,"ocean_menu_typo_spacing_mobile":0,"ocean_menu_typo_spacing_unit":"","ocean_menu_link_color":"","ocean_menu_link_color_hover":"","ocean_menu_link_color_active":"","ocean_menu_link_background":"","ocean_menu_link_hover_background":"","ocean_menu_link_active_background":"","ocean_menu_social_links_bg":"","ocean_menu_social_hover_links_bg":"","ocean_menu_social_links_color":"","ocean_menu_social_hover_links_color":"","ocean_disable_title":"default","ocean_disable_heading":"default","ocean_post_title":"","ocean_post_subheading":"","ocean_post_title_style":"","ocean_post_title_background_color":"","ocean_post_title_background":0,"ocean_post_title_bg_image_position":"","ocean_post_title_bg_image_attachment":"","ocean_post_title_bg_image_repeat":"","ocean_post_title_bg_image_size":"","ocean_post_title_height":0,"ocean_post_title_bg_overlay":0.5,"ocean_post_title_bg_overlay_color":"","ocean_disable_breadcrumbs":"default","ocean_breadcrumbs_color":"","ocean_breadcrumbs_separator_color":"","ocean_breadcrumbs_links_color":"","ocean_breadcrumbs_links_hover_color":"","ocean_display_footer_widgets":"default","ocean_display_footer_bottom":"default","ocean_custom_footer_template":"","ofc_meta_disable_footer_callout":"","ofc_meta_callout_button_url":"","ofc_meta_callout_button_txt":"","ofc_meta_callout_text":"","ofc_enable_fullscreen":"disable","ofc_fullscreen_speed":0,"ofc_fullscreen_nav":"enable","ofc_fullscreen_nav_pos":"right","ofc_fullscreen_nav_color":"","ofc_fullscreen_nav_tooltip_color":"","ofc_fullscreen_responsive":0,"osp_disable_panel":"default","osh_disable_topbar_sticky":"default","osh_disable_header_sticky":"default","osh_sticky_header_style":"default","osh_sticky_header_effect":"","osh_custom_sticky_logo":0,"osh_custom_retina_sticky_logo":0,"osh_custom_sticky_logo_height":0,"osh_background_color":"","osh_links_color":"","osh_links_hover_color":"","osh_links_active_color":"","osh_links_bg_color":"","osh_links_hover_bg_color":"","osh_links_active_bg_color":"","osh_menu_social_links_color":"","osh_menu_social_hover_links_color":"","ocean_post_oembed":"","ocean_post_self_hosted_media":"","ocean_post_video_embed":"","ocean_link_format":"","ocean_link_format_target":"self","ocean_quote_format":"","ocean_quote_format_link":"post","ocean_gallery_link_images":"on","ocean_gallery_id":[],"footnotes":""},"categories":[8],"tags":[3367,7955,7720,27166,19503,27163,8296,25896,27164,24838,27160,27161,27162,27158,9550,8304,27159,4441,4510,9927,25894,9865,27165,7969,9259],"class_list":["post-47022","post","type-post","status-publish","format-standard","has-post-thumbnail","hentry","category-blog","tag-belleza-facial","tag-cirugia-estetica-turquia-2","tag-cirugia-plastica-2","tag-cirugia-rejuvenecimiento","tag-clinicas-en-estambul-2","tag-contorno-del-cuello","tag-estetica-facial-2","tag-flacidez-del-cuello","tag-hospitales-esteticos-2","tag-lifting-cervicofacial","tag-lifting-cuello-antes-y-despues","tag-lifting-cuello-opiniones","tag-lifting-de-cara-y-cuello","tag-lifting-de-cuello-turquia-2","tag-mejor-cirujano-turquia-2","tag-operacion-estetica-2","tag-papada","tag-platismoplastia","tag-precio-lifting-cuello","tag-recuperacion-lifting-2","tag-rejuvenecimiento-de-cuello","tag-resultados-de-lifting","tag-tensar-piel-cuello","tag-turismo-medico-turquia-2","tag-viaje-medico-turquia-2","entry","has-media"],"_links":{"self":[{"href":"https:\/\/gplusclinic.com\/es\/wp-json\/wp\/v2\/posts\/47022","targetHints":{"allow":["GET"]}}],"collection":[{"href":"https:\/\/gplusclinic.com\/es\/wp-json\/wp\/v2\/posts"}],"about":[{"href":"https:\/\/gplusclinic.com\/es\/wp-json\/wp\/v2\/types\/post"}],"author":[{"embeddable":true,"href":"https:\/\/gplusclinic.com\/es\/wp-json\/wp\/v2\/users\/6"}],"replies":[{"embeddable":true,"href":"https:\/\/gplusclinic.com\/es\/wp-json\/wp\/v2\/comments?post=47022"}],"version-history":[{"count":1,"href":"https:\/\/gplusclinic.com\/es\/wp-json\/wp\/v2\/posts\/47022\/revisions"}],"predecessor-version":[{"id":47023,"href":"https:\/\/gplusclinic.com\/es\/wp-json\/wp\/v2\/posts\/47022\/revisions\/47023"}],"wp:featuredmedia":[{"embeddable":true,"href":"https:\/\/gplusclinic.com\/es\/wp-json\/wp\/v2\/media\/47021"}],"wp:attachment":[{"href":"https:\/\/gplusclinic.com\/es\/wp-json\/wp\/v2\/media?parent=47022"}],"wp:term":[{"taxonomy":"category","embeddable":true,"href":"https:\/\/gplusclinic.com\/es\/wp-json\/wp\/v2\/categories?post=47022"},{"taxonomy":"post_tag","embeddable":true,"href":"https:\/\/gplusclinic.com\/es\/wp-json\/wp\/v2\/tags?post=47022"}],"curies":[{"name":"wp","href":"https:\/\/api.w.org\/{rel}","templated":true}]}}