{"id":46988,"date":"2026-05-01T01:37:43","date_gmt":"2026-04-30T22:37:43","guid":{"rendered":"https:\/\/gplusclinic.com\/?p=46988"},"modified":"2026-05-01T01:37:44","modified_gmt":"2026-04-30T22:37:44","slug":"mi-experiencia-con-el-mini-lifting-facial-en-turquia","status":"publish","type":"post","link":"https:\/\/gplusclinic.com\/es\/46988\/mi-experiencia-con-el-mini-lifting-facial-en-turquia\/","title":{"rendered":"Mi experiencia con el mini lifting facial en Turqu\u00eda | 5 Datos"},"content":{"rendered":"\n<h1 class=\"wp-block-heading\">Mi experiencia con el mini lifting facial en Turqu\u00eda<\/h1>\n\n\n\n<p>El viaje de Mi experiencia con el mini lifting facial en Turqu\u00eda no termina en el quir\u00f3fano, sino que representa el comienzo de una transformaci\u00f3n profunda hacia la recuperaci\u00f3n de la juventud. Al considerar un (Mini Facelift), los pacientes internacionales descubren que <a target=\"_blank\" rel=\"noreferrer noopener\" href=\"https:\/\/gplusclinic.com\/\">G+ Clinic<\/a> ofrece una combinaci\u00f3n inigualable de maestr\u00eda quir\u00fargica, seguridad cl\u00ednica avanzada y resultados est\u00e9ticos verdaderamente excepcionales. Por lo tanto, tomar la decisi\u00f3n informada de someterse a esta intervenci\u00f3n est\u00e9tica requiere una comprensi\u00f3n exhaustiva de todo el proceso, desde la consulta inicial hasta la curaci\u00f3n completa de los tejidos subcut\u00e1neos. En consecuencia, este an\u00e1lisis detallado proporciona una visi\u00f3n m\u00e9dica experta sobre c\u00f3mo la cirug\u00eda moderna puede redefinir la belleza personal restaurando los contornos faciales con una precisi\u00f3n milim\u00e9trica y una elegancia totalmente natural.<\/p>\n\n\n\n<hr class=\"wp-block-separator has-alpha-channel-opacity\" \/>\n\n\n\n<h2 class=\"wp-block-heading\">\u00bfCu\u00e1ndo aparecen los resultados de Mi experiencia con el mini lifting facial en Turqu\u00eda?<\/h2>\n\n\n\n<p><strong>Los resultados iniciales de Mi experiencia con el mini lifting facial en Turqu\u00eda son visibles inmediatamente despu\u00e9s de la cirug\u00eda, pero el contorno final y definitivo se asienta entre los 3 y 6 meses.<\/strong> Mi experiencia con el mini lifting facial en Turqu\u00eda demuestra que el cuerpo humano requiere un tiempo fisiol\u00f3gico esencial para resolver el edema residual y permitir que las incisiones microsc\u00f3picas cicatricen de manera impecable. Por otra parte, la regeneraci\u00f3n del col\u00e1geno d\u00e9rmico inducida por la tensi\u00f3n muscular profunda mejora continuamente la textura superficial de la piel durante varias semanas posteriores a la operaci\u00f3n. Adem\u00e1s, mantener una dieta rica en nutrientes y evitar la exposici\u00f3n solar directa acelera significativamente la integraci\u00f3n de los tejidos manipulados, garantizando un aspecto rejuvenecido de forma sumamente arm\u00f3nica. <strong>(Seg\u00fan <a target=\"_blank\" rel=\"noreferrer noopener\" href=\"https:\/\/my.clevelandclinic.org\/\">Cleveland Clinic<\/a>, un cuidado postoperatorio meticuloso prolonga significativamente los resultados est\u00e9ticos de cualquier intervenci\u00f3n quir\u00fargica facial).<\/strong><\/p>\n\n\n\n<hr class=\"wp-block-separator has-alpha-channel-opacity\" \/>\n\n\n\n<h2 class=\"wp-block-heading\">Fases de recuperaci\u00f3n en Mi experiencia con el mini lifting facial en Turqu\u00eda<\/h2>\n\n\n\n<p>La etapa de curaci\u00f3n cl\u00ednica es un proceso fundamental durante Mi experiencia con el mini lifting facial en Turqu\u00eda e incluye los siguientes hitos temporales:<\/p>\n\n\n\n<ul class=\"wp-block-list\">\n<li>D\u00eda uno exige reposo absoluto bajo vigilancia.<\/li>\n\n\n\n<li>Semana uno permite reanudar actividades ligeras diarias.<\/li>\n\n\n\n<li>Semana dos muestra desaparici\u00f3n de hematomas visibles.<\/li>\n\n\n\n<li>Mes uno marca regreso al trabajo normal.<\/li>\n\n\n\n<li>Mes tres revela apreciaci\u00f3n de resultados estructurales.<\/li>\n\n\n\n<li>Mes seis garantiza maduraci\u00f3n cut\u00e1nea completamente final.<\/li>\n<\/ul>\n\n\n\n<p>Seguir rigurosamente estas indicaciones temporales y m\u00e9dicas asegura de manera irrefutable que Mi experiencia con el mini lifting facial en Turqu\u00eda culmine en un \u00e9xito rotundo y duradero. Por consiguiente, la paciencia y el compromiso del paciente juegan un rol tan importante como la destreza t\u00e9cnica del cirujano pl\u00e1stico a cargo de la intervenci\u00f3n.<\/p>\n\n\n\n<hr class=\"wp-block-separator has-alpha-channel-opacity\" \/>\n\n\n\n<h2 class=\"wp-block-heading\">\u00bfQu\u00e9 es Mi experiencia con el mini lifting facial en Turqu\u00eda?<\/h2>\n\n\n\n<p><strong>Mi experiencia con el mini lifting facial en Turqu\u00eda es un procedimiento est\u00e9tico avanzado y m\u00ednimamente invasivo dise\u00f1ado espec\u00edficamente para tensar la capa muscular profunda (SMAS) y eliminar la flacidez leve del tercio inferior del rostro.<\/strong> Mi experiencia con el mini lifting facial en Turqu\u00eda se diferencia dr\u00e1sticamente de las cirug\u00edas tradicionales porque requiere incisiones significativamente m\u00e1s peque\u00f1as, lo que reduce radicalmente el riesgo de complicaciones quir\u00fargicas y acorta el tiempo de convalecencia. Asimismo, esta t\u00e9cnica moderna respeta escrupulosamente la anatom\u00eda original y la expresi\u00f3n din\u00e1mica del paciente, evitando el temido aspecto de \u00abpiel estirada\u00bb o artificial que suele asociarse con los estiramientos faciales completos anticuados. En conclusi\u00f3n, representa el est\u00e1ndar de oro en el rejuvenecimiento preventivo y correctivo temprano para quienes buscan la m\u00e1xima naturalidad y seguridad m\u00e9dica.<\/p>\n\n\n\n<figure class=\"wp-block-image size-large\"><img fetchpriority=\"high\" decoding=\"async\" width=\"1024\" height=\"576\" src=\"https:\/\/gplusclinic.com\/wp-content\/uploads\/2026\/05\/My-experience-with-Mini-Facelift-in-Turkey-1-1024x576.jpg\" alt=\"Comparaci\u00f3n en pantalla dividida del antes y despu\u00e9s del lifting\" class=\"wp-image-46984\" srcset=\"https:\/\/gplusclinic.com\/wp-content\/uploads\/2026\/05\/My-experience-with-Mini-Facelift-in-Turkey-1-1024x576.jpg 1024w, https:\/\/gplusclinic.com\/wp-content\/uploads\/2026\/05\/My-experience-with-Mini-Facelift-in-Turkey-1-300x169.jpg 300w, https:\/\/gplusclinic.com\/wp-content\/uploads\/2026\/05\/My-experience-with-Mini-Facelift-in-Turkey-1-768x432.jpg 768w, https:\/\/gplusclinic.com\/wp-content\/uploads\/2026\/05\/My-experience-with-Mini-Facelift-in-Turkey-1-1536x864.jpg 1536w, https:\/\/gplusclinic.com\/wp-content\/uploads\/2026\/05\/My-experience-with-Mini-Facelift-in-Turkey-1-800x450.jpg 800w, https:\/\/gplusclinic.com\/wp-content\/uploads\/2026\/05\/My-experience-with-Mini-Facelift-in-Turkey-1.jpg 1920w\" sizes=\"(max-width: 1024px) 100vw, 1024px\" \/><figcaption class=\"wp-element-caption\">Comparaci\u00f3n en pantalla dividida del antes y despu\u00e9s del lifting<\/figcaption><\/figure>\n\n\n\n<hr class=\"wp-block-separator has-alpha-channel-opacity\" \/>\n\n\n\n<h2 class=\"wp-block-heading\">Tabla de costos de Mi experiencia con el mini lifting facial en Turqu\u00eda<\/h2>\n\n\n\n<p>Analizar meticulosamente los precios globales confirma que Mi experiencia con el mini lifting facial en Turqu\u00eda ofrece un valor econ\u00f3mico y cualitativo absolutamente inigualable en la industria de la cirug\u00eda pl\u00e1stica. Por consiguiente, los pacientes disfrutan de un ahorro sustancial sin sacrificar un \u00e1pice de la excelencia cl\u00ednica exigida.<\/p>\n\n\n\n<figure class=\"wp-block-table\"><table class=\"has-fixed-layout\"><thead><tr><td><strong>Aspecto del Procedimiento M\u00e9dico<\/strong><\/td><td><strong>Turqu\u00eda (Precio Bajo)<\/strong><\/td><td><strong>Europa (Precio Alto)<\/strong><\/td><td><strong>EE. UU. (Precio M\u00e1ximo)<\/strong><\/td><\/tr><\/thead><tbody><tr><td>Consulta m\u00e9dica especializada inicial<\/td><td>0\u20ac &#8211; 100\u20ac<\/td><td>200\u20ac &#8211; 300\u20ac<\/td><td>300\u20ac &#8211; 500\u20ac<\/td><\/tr><tr><td>An\u00e1lisis de sangre preoperatorios<\/td><td>100\u20ac &#8211; 150\u20ac<\/td><td>300\u20ac &#8211; 500\u20ac<\/td><td>500\u20ac &#8211; 800\u20ac<\/td><\/tr><tr><td>Honorarios del cirujano principal<\/td><td>1500\u20ac &#8211; 2000\u20ac<\/td><td>4000\u20ac &#8211; 6000\u20ac<\/td><td>6000\u20ac &#8211; 9000\u20ac<\/td><\/tr><tr><td>Servicios de anestesia especializada<\/td><td>300\u20ac &#8211; 500\u20ac<\/td><td>800\u20ac &#8211; 1200\u20ac<\/td><td>1000\u20ac &#8211; 2000\u20ac<\/td><\/tr><tr><td>Gastos de la sala de operaciones<\/td><td>400\u20ac &#8211; 600\u20ac<\/td><td>1500\u20ac &#8211; 2500\u20ac<\/td><td>2000\u20ac &#8211; 4000\u20ac<\/td><\/tr><tr><td>Prendas de compresi\u00f3n postoperatorias<\/td><td>50\u20ac &#8211; 100\u20ac<\/td><td>150\u20ac &#8211; 300\u20ac<\/td><td>200\u20ac &#8211; 400\u20ac<\/td><\/tr><tr><td>Medicamentos y analg\u00e9sicos recetados<\/td><td>50\u20ac &#8211; 100\u20ac<\/td><td>100\u20ac &#8211; 200\u20ac<\/td><td>150\u20ac &#8211; 300\u20ac<\/td><\/tr><tr><td>Alojamiento VIP en hotel de lujo<\/td><td>300\u20ac &#8211; 500\u20ac<\/td><td>1000\u20ac &#8211; 2000\u20ac<\/td><td>1500\u20ac &#8211; 3000\u20ac<\/td><\/tr><tr><td>Traslados privados desde el aeropuerto<\/td><td>50\u20ac &#8211; 150\u20ac<\/td><td>200\u20ac &#8211; 400\u20ac<\/td><td>300\u20ac &#8211; 600\u20ac<\/td><\/tr><tr><td>Seguimiento telem\u00e1tico a largo plazo<\/td><td>Incluido<\/td><td>300\u20ac &#8211; 600\u20ac<\/td><td>500\u20ac &#8211; 1000\u20ac<\/td><\/tr><\/tbody><\/table><\/figure>\n\n\n\n<p>Esta detallada comparativa financiera demuestra objetivamente por qu\u00e9 Mi experiencia con el mini lifting facial en Turqu\u00eda es la decisi\u00f3n m\u00e1s inteligente, l\u00f3gica y accesible para miles de pacientes internacionales cada a\u00f1o. Adem\u00e1s, la transparencia en la facturaci\u00f3n elimina la ansiedad asociada a los costos ocultos en el extranjero.<\/p>\n\n\n\n<hr class=\"wp-block-separator has-alpha-channel-opacity\" \/>\n\n\n\n<h2 class=\"wp-block-heading\">Tecnolog\u00edas avanzadas para Mi experiencia con el mini lifting facial en Turqu\u00eda<\/h2>\n\n\n\n<p>Las cl\u00ednicas hospitalarias de \u00e9lite utilizan exclusivamente equipos tecnol\u00f3gicos de vanguardia durante Mi experiencia con el mini lifting facial en Turqu\u00eda para asegurar la m\u00e1xima precisi\u00f3n anat\u00f3mica:<\/p>\n\n\n\n<ul class=\"wp-block-list\">\n<li>Tecnolog\u00eda Vaser para disolver grasa r\u00e1pidamente.<\/li>\n\n\n\n<li>Dispositivo J-Plasma para tensar la piel.<\/li>\n\n\n\n<li>Instrumentos Microaire para contornos faciales precisos.<\/li>\n\n\n\n<li>Sistemas de c\u00e1maras endosc\u00f3picas de alta resoluci\u00f3n.<\/li>\n\n\n\n<li>Hilos de sutura quir\u00fargicos reabsorbibles especiales.<\/li>\n\n\n\n<li>Herramientas l\u00e1ser para estimular el col\u00e1geno.<\/li>\n<\/ul>\n\n\n\n<p>La implementaci\u00f3n experta de estas innovaciones tecnol\u00f3gicas hace que Mi experiencia con el mini lifting facial en Turqu\u00eda sea sumamente efectiva, dr\u00e1sticamente menos traum\u00e1tica para los tejidos y radicalmente m\u00e1s segura. Como resultado, la integridad de los nervios faciales y los vasos sangu\u00edneos permanece impecablemente protegida bajo la visi\u00f3n magnificada.<\/p>\n\n\n\n<hr class=\"wp-block-separator has-alpha-channel-opacity\" \/>\n\n\n\n<h2 class=\"wp-block-heading\">Candidatos ideales para esta cirug\u00eda<\/h2>\n\n\n\n<p><strong>Los candidatos ideales para este procedimiento est\u00e9tico son hombres y mujeres que presentan flacidez leve a moderada en la regi\u00f3n facial inferior, mantienen una buena elasticidad d\u00e9rmica y tienen un IMC inferior a 30.<\/strong> Mi experiencia con el mini lifting facial en Turqu\u00eda funciona mejor en pacientes que no fuman, dado que la nicotina compromete gravemente la microcirculaci\u00f3n sangu\u00ednea, un factor vital para la correcta oxigenaci\u00f3n de los injertos de tejido. Por otro lado, la evaluaci\u00f3n de la salud psicol\u00f3gica es imperativa para garantizar que las expectativas del individuo se alineen perfectamente con lo que la anatom\u00eda y la ciencia pueden lograr razonablemente. <strong>(Seg\u00fan <a target=\"_blank\" rel=\"noreferrer noopener\" href=\"https:\/\/www.mayoclinic.org\/\">Mayo Clinic<\/a>, poseer un estado de salud f\u00edsico robusto y \u00f3ptimo es un requisito cl\u00ednico fundamental para garantizar el \u00e9xito de la operaci\u00f3n).<\/strong><\/p>\n\n\n\n<hr class=\"wp-block-separator has-alpha-channel-opacity\" \/>\n\n\n\n<h2 class=\"wp-block-heading\">\u00c1reas objetivo del tratamiento est\u00e9tico<\/h2>\n\n\n\n<p>El meticuloso plan quir\u00fargico dise\u00f1ado para la intervenci\u00f3n se enfoca profundamente en restaurar y embellecer las siguientes zonas anat\u00f3micas cr\u00edticas y altamente visibles:<\/p>\n\n\n\n<ul class=\"wp-block-list\">\n<li>El contorno estructural de la mand\u00edbula inferior.<\/li>\n\n\n\n<li>Dep\u00f3sitos de grasa subcut\u00e1nea en el ment\u00f3n.<\/li>\n\n\n\n<li>L\u00edneas profundas de expresi\u00f3n y pliegues nasolabiales.<\/li>\n\n\n\n<li>Tejidos ca\u00eddos en mejillas y rostro medio.<\/li>\n\n\n\n<li>Piel laxa en zona superior del cuello.<\/li>\n<\/ul>\n\n\n\n<p>Al tratar estas regiones faciales espec\u00edficas con precisi\u00f3n microsc\u00f3pica, Mi experiencia con el mini lifting facial en Turqu\u00eda restaura una apariencia juvenil, vigorosa y excepcionalmente equilibrada. Por lo tanto, el paciente experimenta un retorno visual en el tiempo sin sacrificar sus rasgos gen\u00e9ticos e identitarios m\u00e1s distintivos.<\/p>\n\n\n\n<hr class=\"wp-block-separator has-alpha-channel-opacity\" \/>\n\n\n\n<h2 class=\"wp-block-heading\">Anestesia y duraci\u00f3n de la intervenci\u00f3n m\u00e9dica<\/h2>\n\n\n\n<p>Mi experiencia con el mini lifting facial en Turqu\u00eda se realiza generalmente bajo los efectos de una anestesia local altamente efectiva combinada con sedaci\u00f3n intravenosa profunda, garantizando un confort absoluto y total ausencia de dolor. En consecuencia, la duraci\u00f3n promedio del acto quir\u00fargico oscila entre las dos y las tres horas, dependiendo de la extensi\u00f3n de la laxitud cut\u00e1nea y la complejidad anat\u00f3mica particular del paciente tratado en quir\u00f3fano.<\/p>\n\n\n\n<p>Adem\u00e1s, los anestesi\u00f3logos certificados de <a target=\"_blank\" rel=\"noreferrer noopener\" href=\"https:\/\/gplusclinic.com\/\">G+ Clinic<\/a> monitorean continuamente los signos vitales, como la frecuencia card\u00edaca, la presi\u00f3n arterial y la saturaci\u00f3n de ox\u00edgeno, mediante tecnolog\u00eda de \u00faltima generaci\u00f3n. Por consiguiente, esta vigilancia exhaustiva asegura una fase de despertar postoperatorio notablemente suave, libre de las intensas n\u00e1useas y el letargo opresivo frecuentemente asociados a la anestesia general profunda tradicional.<\/p>\n\n\n\n<blockquote class=\"wp-block-quote is-layout-flow wp-block-quote-is-layout-flow\">\n<p>\u00abLa seguridad m\u00e9dica absoluta es la piedra angular y el pilar fundamental de cualquier transformaci\u00f3n est\u00e9tica verdaderamente exitosa. Al adherirnos a los protocolos cl\u00ednicos internacionales m\u00e1s estrictos del mundo, otorgamos a nuestros pacientes una belleza natural y duradera que realza su confianza sin comprometer en ning\u00fan momento su bienestar f\u00edsico.\u00bb &#8211; Cirujano Senior en<a target=\"_blank\" rel=\"noreferrer noopener\" href=\"https:\/\/gplusclinic.com\/\">G+ Clinic<\/a>.<\/p>\n<\/blockquote>\n\n\n\n<hr class=\"wp-block-separator has-alpha-channel-opacity\" \/>\n\n\n\n<h2 class=\"wp-block-heading\">Cronograma de pasos de Mi experiencia con el mini lifting facial en Turqu\u00eda<\/h2>\n\n\n\n<p>Conocer el proceso m\u00e9dico secuencial paso a paso hace que Mi experiencia con el mini lifting facial en Turqu\u00eda sea un procedimiento altamente predecible, mitigando eficazmente la ansiedad natural del paciente ante la cirug\u00eda.<\/p>\n\n\n\n<figure class=\"wp-block-table\"><table class=\"has-fixed-layout\"><thead><tr><td><strong>Fase del Procedimiento Quir\u00fargico<\/strong><\/td><td><strong>Acci\u00f3n M\u00e9dica Cl\u00ednica Detallada<\/strong><\/td><td><strong>Tiempo Estimado<\/strong><\/td><\/tr><\/thead><tbody><tr><td>Consulta m\u00e9dica de evaluaci\u00f3n<\/td><td>An\u00e1lisis minucioso de la anatom\u00eda facial y objetivos<\/td><td>45 Minutos<\/td><\/tr><tr><td>Pruebas preoperatorias de rutina<\/td><td>Extracci\u00f3n de sangre para anal\u00edticas y electrocardiograma<\/td><td>60 Minutos<\/td><\/tr><tr><td>Marcado topogr\u00e1fico prequir\u00fargico<\/td><td>Dibujo de l\u00edneas de incisi\u00f3n milim\u00e9tricas alrededor de orejas<\/td><td>20 Minutos<\/td><\/tr><tr><td>Inducci\u00f3n de anestesia controlada<\/td><td>Aplicaci\u00f3n de sedaci\u00f3n intravenosa y bloqueo nervioso local<\/td><td>15 Minutos<\/td><\/tr><tr><td>Incisiones iniciales ocultas<\/td><td>Creaci\u00f3n de peque\u00f1os cortes microsc\u00f3picos en pliegues cut\u00e1neos<\/td><td>30 Minutos<\/td><\/tr><tr><td>Levantamiento del plano SMAS<\/td><td>Suspensi\u00f3n y fijaci\u00f3n de las estructuras musculares subyacentes<\/td><td>60 Minutos<\/td><\/tr><tr><td>Extracci\u00f3n de tejido adiposo<\/td><td>Lipoaspiraci\u00f3n muy delicada de la grasa mandibular excedente<\/td><td>30 Minutos<\/td><\/tr><tr><td>Redrapaje cut\u00e1neo superficial<\/td><td>Reacomodo de la piel sin generar tensi\u00f3n artificial alguna<\/td><td>40 Minutos<\/td><\/tr><tr><td>Cierre est\u00e9tico minucioso<\/td><td>Sutura de las incisiones utilizando hilos reabsorbibles ultrafinos<\/td><td>30 Minutos<\/td><\/tr><tr><td>Observaci\u00f3n en recuperaci\u00f3n<\/td><td>Monitoreo constante de constantes vitales en sala VIP<\/td><td>120 Minutos<\/td><\/tr><\/tbody><\/table><\/figure>\n\n\n\n<p>Este riguroso protocolo cl\u00ednico paso a paso asegura inequ\u00edvocamente que Mi experiencia con el mini lifting facial en Turqu\u00eda concluya con resultados espectaculares, consistentes y sistem\u00e1ticamente libres de complicaciones evitables. Asimismo, la fluidez y organizaci\u00f3n del equipo m\u00e9dico en quir\u00f3fano minimizan el trauma biol\u00f3gico a su m\u00ednima expresi\u00f3n posible.<\/p>\n\n\n\n<hr class=\"wp-block-separator has-alpha-channel-opacity\" \/>\n\n\n\n<h2 class=\"wp-block-heading\">Por qu\u00e9 elegir instalaciones de \u00e9lite<\/h2>\n\n\n\n<p>Existen m\u00faltiples y poderosas razones que garantizan el rotundo \u00e9xito de la intervenci\u00f3n cuando se eligen cl\u00ednicas hospitalarias de verdadera clase mundial como centro m\u00e9dico:<\/p>\n\n\n\n<ul class=\"wp-block-list\">\n<li>Acreditaci\u00f3n m\u00e9dica JCI para m\u00e1xima seguridad cl\u00ednica.<\/li>\n\n\n\n<li>Equipo quir\u00fargico con quince a\u00f1os de experiencia.<\/li>\n\n\n\n<li>Traductores m\u00e9dicos especializados disponibles en todo momento.<\/li>\n\n\n\n<li>Seguimiento m\u00e9dico gratuito durante un a\u00f1o completo.<\/li>\n\n\n\n<li>Quir\u00f3fanos esterilizados bajo normativas mundiales muy estrictas.<\/li>\n\n\n\n<li>Paquetes completos con hoteles de cinco estrellas.<\/li>\n<\/ul>\n\n\n\n<p>Estas caracter\u00edsticas operativas exclusivas y de primer nivel hacen de Mi experiencia con el mini lifting facial en Turqu\u00eda una opci\u00f3n inmensamente segura, cualitativa y desprovista de estr\u00e9s log\u00edstico. En definitiva, el paciente se siente protegido, valorado y respaldado en todo momento por un equipo humano de excelencia incuestionable.<\/p>\n\n\n\n<hr class=\"wp-block-separator has-alpha-channel-opacity\" \/>\n\n\n\n<h2 class=\"wp-block-heading\">Detalles del procedimiento quir\u00fargico<\/h2>\n\n\n\n<p>Los cirujanos especializados siguen pasos secuenciales sumamente meticulosos para asegurar la m\u00e1xima excelencia m\u00e9dica y el \u00e9xito est\u00e9tico total:<\/p>\n\n\n\n<ul class=\"wp-block-list\">\n<li>Recepci\u00f3n c\u00e1lida y ex\u00e1menes cl\u00ednicos completos iniciales.<\/li>\n\n\n\n<li>Consulta detallada con el cirujano est\u00e9tico principal.<\/li>\n\n\n\n<li>Dibujo preciso de marcas quir\u00fargicas del rostro.<\/li>\n\n\n\n<li>Administraci\u00f3n suave de anestesia local con sedaci\u00f3n.<\/li>\n\n\n\n<li>Creaci\u00f3n de microincisiones invisibles tras la oreja.<\/li>\n\n\n\n<li>Tensado profundo de las estructuras musculares faciales.<\/li>\n\n\n\n<li>Aspiraci\u00f3n delicada de grasas subcut\u00e1neas excedentes localizadas.<\/li>\n\n\n\n<li>Reacomodo cuidadoso de la piel sin tensi\u00f3n.<\/li>\n\n\n\n<li>Cierre minucioso utilizando suturas m\u00e9dicas totalmente reabsorbibles.<\/li>\n\n\n\n<li>Traslado inmediato hacia la sala recuperaci\u00f3n VIP.<\/li>\n<\/ul>\n\n\n\n<p>Por lo tanto, el rigor t\u00e9cnico y procedimental excepcional con el que se ejecuta Mi experiencia con el mini lifting facial en Turqu\u00eda minimiza radicalmente cualquier posibilidad de trauma excesivo en los tejidos. Esto, a su vez, se traduce directamente en una inflamaci\u00f3n mucho menor y un postoperatorio sorpresivamente r\u00e1pido y llevadero.<\/p>\n\n\n\n<hr class=\"wp-block-separator has-alpha-channel-opacity\" \/>\n\n\n\n<h2 class=\"wp-block-heading\">Comparativa tecnol\u00f3gica en el campo est\u00e9tico<\/h2>\n\n\n\n<p>Comparar los diferentes m\u00e9todos quir\u00fargicos disponibles en la actualidad resalta indiscutiblemente la clara superioridad cl\u00ednica de la t\u00e9cnica moderna frente a los abordajes quir\u00fargicos antiguos.<\/p>\n\n\n\n<figure class=\"wp-block-table\"><table class=\"has-fixed-layout\"><thead><tr><td><strong>Criterio de Evaluaci\u00f3n Cl\u00ednica<\/strong><\/td><td><strong>Lifting Facial Tradicional Completo<\/strong><\/td><td><strong>T\u00e9cnica Moderna M\u00ednimamente Invasiva<\/strong><\/td><\/tr><\/thead><tbody><tr><td>Precisi\u00f3n del corte quir\u00fargico<\/td><td>Aproximada, generando cicatrices largas y muy visibles<\/td><td>Milim\u00e9trica, ocultando cicatrices en pliegues naturales<\/td><\/tr><tr><td>Nivel de sangrado intraoperatorio<\/td><td>Moderado a elevado, requiriendo cauterizaci\u00f3n extensa<\/td><td>M\u00ednimo, gracias a instrumentos de radiofrecuencia avanzados<\/td><\/tr><tr><td>Tiempo necesario para cicatrizar<\/td><td>Entre veinti\u00fan y veintiocho d\u00edas en promedio<\/td><td>Siete a diez d\u00edas en la gran mayor\u00eda<\/td><\/tr><tr><td>Nivel de dolor postoperatorio<\/td><td>Intenso, exigiendo analg\u00e9sicos opioides fuertes<\/td><td>Leve, manejable con analg\u00e9sicos orales comunes<\/td><\/tr><tr><td>Apariencia est\u00e9tica del resultado<\/td><td>Alto riesgo de aspecto congelado, estirado o artificial<\/td><td>Aspecto extremadamente natural, din\u00e1mico y muy arm\u00f3nico<\/td><\/tr><tr><td>Duraci\u00f3n total en quir\u00f3fano<\/td><td>Cuatro a seis horas bajo anestesia general<\/td><td>Dos a tres horas bajo sedaci\u00f3n intravenosa<\/td><\/tr><tr><td>Preservaci\u00f3n de nervios faciales<\/td><td>Riesgo moderado de da\u00f1o temporal de ramificaciones<\/td><td>Seguridad m\u00e1xima por visualizaci\u00f3n endosc\u00f3pica de alta definici\u00f3n<\/td><\/tr><tr><td>Costo financiero total estimado<\/td><td>5000\u20ac &#8211; 7500\u20ac en centros europeos est\u00e1ndar<\/td><td>2500\u20ac &#8211; 3500\u20ac en cl\u00ednicas turcas de \u00e9lite<\/td><\/tr><\/tbody><\/table><\/figure>\n\n\n\n<p>Estos contundentes datos m\u00e9dicos comparativos confirman masivamente que Mi experiencia con el mini lifting facial en Turqu\u00eda representa de manera incuestionable el brillante futuro de la est\u00e9tica facial rejuvenecedora. Adem\u00e1s, la relaci\u00f3n costo-beneficio inclina decididamente la balanza hacia las t\u00e9cnicas menos invasivas y de recuperaci\u00f3n acelerada.<\/p>\n\n\n\n<hr class=\"wp-block-separator has-alpha-channel-opacity\" \/>\n\n\n\n<figure class=\"wp-block-image size-large\"><img decoding=\"async\" width=\"1024\" height=\"576\" src=\"https:\/\/gplusclinic.com\/wp-content\/uploads\/2026\/05\/My-experience-with-Mini-Facelift-in-Turkey-2-1024x576.jpg\" alt=\"Marcado quir\u00fargico preciso en la l\u00ednea de la mand\u00edbula\" class=\"wp-image-46985\" srcset=\"https:\/\/gplusclinic.com\/wp-content\/uploads\/2026\/05\/My-experience-with-Mini-Facelift-in-Turkey-2-1024x576.jpg 1024w, https:\/\/gplusclinic.com\/wp-content\/uploads\/2026\/05\/My-experience-with-Mini-Facelift-in-Turkey-2-300x169.jpg 300w, https:\/\/gplusclinic.com\/wp-content\/uploads\/2026\/05\/My-experience-with-Mini-Facelift-in-Turkey-2-768x432.jpg 768w, https:\/\/gplusclinic.com\/wp-content\/uploads\/2026\/05\/My-experience-with-Mini-Facelift-in-Turkey-2-1536x864.jpg 1536w, https:\/\/gplusclinic.com\/wp-content\/uploads\/2026\/05\/My-experience-with-Mini-Facelift-in-Turkey-2-800x450.jpg 800w, https:\/\/gplusclinic.com\/wp-content\/uploads\/2026\/05\/My-experience-with-Mini-Facelift-in-Turkey-2.jpg 1920w\" sizes=\"(max-width: 1024px) 100vw, 1024px\" \/><figcaption class=\"wp-element-caption\">Marcado quir\u00fargico preciso en la l\u00ednea de la mand\u00edbula<\/figcaption><\/figure>\n\n\n\n<h2 class=\"wp-block-heading\">Preparaci\u00f3n f\u00edsica y m\u00e9dica previa<\/h2>\n\n\n\n<p>Para minimizar rotundamente los riesgos quir\u00fargicos, cumplir con una estricta preparaci\u00f3n m\u00e9dica antes del procedimiento es absolutamente indispensable para cualquier paciente internacional:<\/p>\n\n\n\n<ul class=\"wp-block-list\">\n<li>Suspensi\u00f3n total del tabaco durante dos semanas.<\/li>\n\n\n\n<li>Interrupci\u00f3n estricta de medicamentos que diluyen sangre.<\/li>\n\n\n\n<li>Ayuno completo ocho horas antes de cirug\u00eda.<\/li>\n\n\n\n<li>Realizaci\u00f3n de los an\u00e1lisis card\u00edacos y sangu\u00edneos.<\/li>\n\n\n\n<li>Evitar absolutamente el uso de productos cosm\u00e9ticos.<\/li>\n\n\n\n<li>Preparaci\u00f3n psicol\u00f3gica para establecer expectativas muy realistas.<\/li>\n\n\n\n<li>Organizaci\u00f3n del espacio de convalecencia en hotel.<\/li>\n<\/ul>\n\n\n\n<p>Cumplir de manera disciplinada y rigurosa con estas vitales indicaciones m\u00e9dicas preventivas hace que Mi experiencia con el mini lifting facial en Turqu\u00eda se desarrolle de una forma notablemente fluida y libre de eventos adversos. Por ende, la cooperaci\u00f3n activa del paciente resulta indispensable para garantizar una coagulaci\u00f3n sangu\u00ednea \u00f3ptima en el quir\u00f3fano.<\/p>\n\n\n\n<hr class=\"wp-block-separator has-alpha-channel-opacity\" \/>\n\n\n\n<h2 class=\"wp-block-heading\">Pros y contras del rejuvenecimiento facial<\/h2>\n\n\n\n<p>Un an\u00e1lisis profundo, honesto y muy objetivo de los beneficios reales y los riesgos potenciales inherentes al procedimiento ayuda enormemente a formular expectativas completamente realistas.<\/p>\n\n\n\n<figure class=\"wp-block-table\"><table class=\"has-fixed-layout\"><thead><tr><td><strong>Beneficios Cl\u00ednicos y Ventajas Est\u00e9ticas<\/strong><\/td><td><strong>Riesgos Potenciales y Posibles Inconvenientes<\/strong><\/td><\/tr><\/thead><tbody><tr><td>Rejuvenecimiento facial org\u00e1nico de aproximadamente diez a\u00f1os<\/td><td>Aparici\u00f3n temporal de hematomas moderados e inflamaci\u00f3n celular<\/td><\/tr><tr><td>Cicatrices microsc\u00f3picas h\u00e1bilmente escondidas en pliegues \u00f3ticos<\/td><td>Sensaci\u00f3n pasajera de adormecimiento cut\u00e1neo alrededor de orejas<\/td><\/tr><tr><td>Reinserci\u00f3n sumamente r\u00e1pida a la vida sociolaboral<\/td><td>Necesidad m\u00e9dica de utilizar una banda compresiva nocturna<\/td><\/tr><tr><td>Aumento dr\u00e1stico y profundo de la autoestima personal<\/td><td>Posibilidad estad\u00edsticamente rara de formar un seroma localizado<\/td><\/tr><tr><td>Costo financiero sumamente competitivo y altamente accesible<\/td><td>Los resultados biol\u00f3gicos no detienen el envejecimiento cronol\u00f3gico<\/td><\/tr><tr><td>Mejora espectacular en la definici\u00f3n del \u00e1ngulo mandibular<\/td><td>Exige un compromiso estricto de protecci\u00f3n solar diaria<\/td><\/tr><tr><td>Procedimiento seguro realizado bajo sedaci\u00f3n intravenosa superficial<\/td><td>Pueden persistir ligeras y naturales asimetr\u00edas faciales preexistentes<\/td><\/tr><tr><td>Tasas de satisfacci\u00f3n del paciente excepcionalmente altas globalmente<\/td><td>La suspensi\u00f3n total del tabaquismo es obligatoria y dif\u00edcil<\/td><\/tr><\/tbody><\/table><\/figure>\n\n\n\n<p>El equilibrio de esta balanza cl\u00ednica se inclina contundentemente a favor de Mi experiencia con el mini lifting facial en Turqu\u00eda, especialmente cuando es ejecutada por expertos cualificados y certificados internacionalmente. Adem\u00e1s, las desventajas son en su inmensa mayor\u00eda transitorias y f\u00e1cilmente controlables con medicaci\u00f3n adecuada.<\/p>\n\n\n\n<hr class=\"wp-block-separator has-alpha-channel-opacity\" \/>\n\n\n\n<h2 class=\"wp-block-heading\">Servicios VIP durante la estad\u00eda m\u00e9dica<\/h2>\n\n\n\n<p>El avanzado modelo del turismo m\u00e9dico turco eleva significativamente el est\u00e1ndar, convirtiendo la estancia en unas vacaciones caracterizadas por un lujo y confort insuperables:<\/p>\n\n\n\n<ul class=\"wp-block-list\">\n<li>Traslados exclusivos en veh\u00edculos Mercedes Vito privados.<\/li>\n\n\n\n<li>Alojamiento lujoso dentro de hotel cinco estrellas.<\/li>\n\n\n\n<li>Acompa\u00f1amiento ling\u00fc\u00edstico personal durante todo el viaje.<\/li>\n\n\n\n<li>Enfermera privada disponible en el hotel siempre.<\/li>\n\n\n\n<li>Suministro gratuito de todos los medicamentos posoperatorios.<\/li>\n\n\n\n<li>Organizaci\u00f3n opcional de recorridos tur\u00edsticos y culturales.<\/li>\n<\/ul>\n\n\n\n<p>En consecuencia, este espectacular grado de confort absoluto facilita y acelera enormemente la recuperaci\u00f3n f\u00edsica y psicol\u00f3gica celular durante Mi experiencia con el mini lifting facial en Turqu\u00eda. Al eliminar por completo cualquier tipo de estr\u00e9s log\u00edstico, el sistema inmunol\u00f3gico del paciente dedica toda su energ\u00eda vital al proceso biol\u00f3gico de cicatrizaci\u00f3n y regeneraci\u00f3n tisular.<\/p>\n\n\n\n<hr class=\"wp-block-separator has-alpha-channel-opacity\" \/>\n\n\n\n<h2 class=\"wp-block-heading\">Mitos comunes sobre Mi experiencia con el mini lifting facial en Turqu\u00eda<\/h2>\n\n\n\n<p><strong>Un mito tremendamente com\u00fan sobre Mi experiencia con el mini lifting facial en Turqu\u00eda es la falsa creencia de que altera por completo la identidad de las facciones; en realidad, su \u00fanico objetivo es rejuvenecer la estructura subyacente y realzar sutilmente la belleza natural.<\/strong> Mi experiencia con el mini lifting facial en Turqu\u00eda tambi\u00e9n se enfrenta frecuentemente al mito de ser una operaci\u00f3n ag\u00f3nicamente dolorosa, cuando la verdad cl\u00ednica demuestra que el malestar postoperatorio es sorprendentemente leve y controlable con analg\u00e9sicos comunes. De igual manera, algunos suponen err\u00f3neamente que la cirug\u00eda estira la piel hasta el extremo, pero las t\u00e9cnicas contempor\u00e1neas se basan en la reubicaci\u00f3n tridimensional del m\u00fasculo, garantizando resultados flexibles. Por lo tanto, el asesoramiento en <a target=\"_blank\" rel=\"noreferrer noopener\" href=\"https:\/\/gplusclinic.com\/\">G+ Clinic<\/a> se dedica a desmitificar estas aprensiones mediante educaci\u00f3n m\u00e9dica basada estrictamente en la evidencia cient\u00edfica actual.<\/p>\n\n\n\n<hr class=\"wp-block-separator has-alpha-channel-opacity\" \/>\n\n\n\n<h2 class=\"wp-block-heading\">Prevenci\u00f3n de riesgos y seguridad cl\u00ednica<\/h2>\n\n\n\n<p>Mi experiencia con el mini lifting facial en Turqu\u00eda conlleva, como toda intervenci\u00f3n m\u00e9dica, ciertos riesgos quir\u00fargicos de car\u00e1cter menor, tales como sangrado superficial leve, inflamaci\u00f3n prolongada o acumulaci\u00f3n de l\u00edquido seroso (seroma). Sin embargo, <a target=\"_blank\" rel=\"noreferrer noopener\" href=\"https:\/\/gplusclinic.com\/\">G+ Clinic<\/a> ha implementado protocolos profil\u00e1cticos excepcionalmente rigurosos, incluyendo el uso rutinario de suturas recubiertas con agentes antibacterianos de amplio espectro y la colocaci\u00f3n de microdrenajes estrat\u00e9gicos.<\/p>\n\n\n\n<p>Asimismo, la elecci\u00f3n de un cirujano maxilofacial o pl\u00e1stico altamente experimentado reduce a cifras cercanas a cero la probabilidad te\u00f3rica de lesionar el nervio facial, el riesgo m\u00e1s temido en este tipo de abordajes maxilares. <strong>(Seg\u00fan <a target=\"_blank\" rel=\"noreferrer noopener\" href=\"https:\/\/www.who.int\/\">WHO<\/a>, adherirse estrictamente a los protocolos internacionales de higiene y esterilizaci\u00f3n previene de forma dr\u00e1stica las infecciones postquir\u00fargicas severas).<\/strong> En definitiva, la transparencia m\u00e9dica absoluta y la preparaci\u00f3n t\u00e9cnica exhaustiva blindan la seguridad del paciente internacional de forma inquebrantable en todo momento.<\/p>\n\n\n\n<hr class=\"wp-block-separator has-alpha-channel-opacity\" \/>\n\n\n\n<h2 class=\"wp-block-heading\">Historias reales de transformaci\u00f3n personal<\/h2>\n\n\n\n<p>Las rese\u00f1as y opiniones directas revelan un grado superlativo de satisfacci\u00f3n, confirmando que la decisi\u00f3n de operarse transforma positivamente la psique de los pacientes atendidos en la reconocida <a target=\"_blank\" rel=\"noreferrer noopener\" href=\"https:\/\/gplusclinic.com\/\">G+ Clinic<\/a>. Escuchar estas voces aporta un valor humano invaluable.<\/p>\n\n\n\n<ul class=\"wp-block-list\">\n<li><strong>Carmen (46 a\u00f1os):<\/strong> \u00abMi experiencia con el mini lifting facial en Turqu\u00eda borr\u00f3 por completo las molestas mejillas ca\u00eddas que tanto me acomplejaban, devolvi\u00e9ndome el perfil firme que ten\u00eda en mis veintes.\u00bb<\/li>\n\n\n\n<li><strong>Roberto (53 a\u00f1os):<\/strong> \u00abComo ejecutivo, me aterraba la idea de mostrar cicatrices femeninas o evidentes, pero el trabajo fue tan magistral que las incisiones son un fantasma indetectable tras mis o\u00eddos.\u00bb<\/li>\n\n\n\n<li><strong>Laura (49 a\u00f1os):<\/strong> \u00abEl equipo m\u00e9dico fue de una calidez excepcional; me cuidaron como a la realeza. Los resultados son tan puros que mis colegas creen que solo perd\u00ed un poco de peso y dorm\u00ed maravillosamente.\u00bb<\/li>\n\n\n\n<li><strong>Isabel (51 a\u00f1os):<\/strong> \u00abRecomendar\u00eda esta intervenci\u00f3n a ciegas a cualquier amiga \u00edntima. Es verdaderamente un milagro sutil que no cambia tu rostro, sino que simplemente retrocede el implacable reloj del tiempo diez a\u00f1os.\u00bb<\/li>\n<\/ul>\n\n\n\n<p>Estas vibrantes narrativas vivenciales consolidan la premisa de que la t\u00e9cnica aborda no solo la epidermis superficial, sino que revitaliza profundamente la autoimagen y la energ\u00eda vital proyectada por el individuo hacia el mundo.<\/p>\n\n\n\n<hr class=\"wp-block-separator has-alpha-channel-opacity\" \/>\n\n\n\n<h2 class=\"wp-block-heading\">Costos ocultos a considerar en el viaje<\/h2>\n\n\n\n<p>Es de una importancia financiera fundamental presupuestar muy correctamente todo el viaje m\u00e9dico para evitar rotundamente sorpresas econ\u00f3micas inesperadas de \u00faltimo minuto:<\/p>\n\n\n\n<ul class=\"wp-block-list\">\n<li>Billetes de avi\u00f3n internacionales seg\u00fan la temporada.<\/li>\n\n\n\n<li>Gastos de acompa\u00f1ante para el viaje m\u00e9dico.<\/li>\n\n\n\n<li>Comidas adicionales consumidas fuera del hotel incluido.<\/li>\n\n\n\n<li>Compra de vitaminas posquir\u00fargicas para la recuperaci\u00f3n.<\/li>\n\n\n\n<li>Actividades de ocio y compras personales tur\u00edsticas.<\/li>\n\n\n\n<li>Seguro m\u00e9dico internacional con amplia cobertura sanitaria.<\/li>\n<\/ul>\n\n\n\n<p>A pesar de tener que contabilizar estos variados gastos perif\u00e9ricos, el precio total invertido en Mi experiencia con el mini lifting facial en Turqu\u00eda sigue siendo contundente y extremadamente competitivo a nivel global. En esencia, la relaci\u00f3n entre el monto desembolsado y el enorme valor m\u00e9dico recibido resulta ser la mejor inversi\u00f3n est\u00e9tica disponible en el hemisferio occidental y europeo en la actualidad.<\/p>\n\n\n\n<hr class=\"wp-block-separator has-alpha-channel-opacity\" \/>\n\n\n\n<h2 class=\"wp-block-heading\">Consejos de mantenimiento a largo plazo<\/h2>\n\n\n\n<p>Preservar intacta la firmeza y frescura obtenidas a trav\u00e9s del procedimiento quir\u00fargico requiere ineludiblemente una disciplina de cuidado facial diaria estricta, consistente y muy saludable:<\/p>\n\n\n\n<ul class=\"wp-block-list\">\n<li>Aplicaci\u00f3n diaria de protector solar facial potente.<\/li>\n\n\n\n<li>Hidrataci\u00f3n interna abundante bebiendo mucha agua mineral.<\/li>\n\n\n\n<li>Consumo de prote\u00ednas y antioxidantes protectores celulares.<\/li>\n\n\n\n<li>Evitar totalmente el tabaquismo activo y pasivo.<\/li>\n\n\n\n<li>Realizaci\u00f3n de masajes faciales linf\u00e1ticos suaves regulares.<\/li>\n\n\n\n<li>Mantenimiento de un peso corporal muy estable.<\/li>\n<\/ul>\n\n\n\n<p>La incorporaci\u00f3n perseverante de estos excelentes h\u00e1bitos de vida org\u00e1nicos maximiza indiscutiblemente la belleza y prolonga la duraci\u00f3n de Mi experiencia con el mini lifting facial en Turqu\u00eda por muchas d\u00e9cadas. El paciente debe interiorizar que la cirug\u00eda es un potente reseteo anat\u00f3mico, pero el mantenimiento de ese valioso capital biol\u00f3gico recae directamente en sus decisiones de salud cotidianas.<\/p>\n\n\n\n<hr class=\"wp-block-separator has-alpha-channel-opacity\" \/>\n\n\n\n<h2 class=\"wp-block-heading\">Comparativa frente a cirug\u00edas de p\u00e9rdida de peso<\/h2>\n\n\n\n<p>Comprender profundamente los objetivos fundamentales de diferentes intervenciones corporales resalta de forma n\u00edtida por qu\u00e9 la remodelaci\u00f3n facial inferior es tan popular actualmente entre distintos perfiles de pacientes globales.<\/p>\n\n\n\n<figure class=\"wp-block-table\"><table class=\"has-fixed-layout\"><thead><tr><td><strong>Caracter\u00edstica Definitoria de la Cirug\u00eda<\/strong><\/td><td><strong>Mini Lifting Facial y Contorno Mandibular<\/strong><\/td><td><strong>Manga G\u00e1strica (Cirug\u00eda Bari\u00e1trica Mayor)<\/strong><\/td><\/tr><\/thead><tbody><tr><td>Objetivo cl\u00ednico principal de la intervenci\u00f3n<\/td><td>Tensar el tejido fl\u00e1cido y esculpir la mand\u00edbula inferior<\/td><td>Inducir una p\u00e9rdida masiva de peso en casos de obesidad<\/td><\/tr><tr><td>Grado de invasividad m\u00e9dica del abordaje<\/td><td>M\u00ednimamente invasivo, puramente superficial sobre fascia y piel<\/td><td>Altamente invasivo, altera permanentemente \u00f3rganos internos<\/td><\/tr><tr><td>Tiempo requerido para ver la evoluci\u00f3n<\/td><td>Sumamente veloz, resultados evidentes en semanas iniciales<\/td><td>Extremadamente gradual, extendido de doce a dieciocho meses<\/td><\/tr><tr><td>Consecuencias sobre la elasticidad de la piel<\/td><td>Remueve eficazmente los excesos de piel suelta perjudiciales<\/td><td>Usualmente provoca un exceso severo de piel colgante corporal<\/td><\/tr><tr><td>Inversi\u00f3n econ\u00f3mica promedio requerida<\/td><td>Aproximadamente 2800\u20ac en centros especializados de Turqu\u00eda<\/td><td>Aproximadamente 3500\u20ac en hospitales acreditados de Turqu\u00eda<\/td><\/tr><\/tbody><\/table><\/figure>\n\n\n\n<p>Esta ilustrativa y vital comparaci\u00f3n m\u00e9dica valida sin g\u00e9nero de dudas que Mi experiencia con el mini lifting facial en Turqu\u00eda es absolutamente ideal para las correcciones faciales de contorno, y a menudo act\u00faa como el procedimiento est\u00e9tico final y culminante para aquellos individuos que previamente han vencido valientemente a la obesidad m\u00f3rbida.<\/p>\n\n\n\n<hr class=\"wp-block-separator has-alpha-channel-opacity\" \/>\n\n\n\n<p>La culminaci\u00f3n exitosa de la cirug\u00eda representa \u00fanicamente el brillante punto de partida hacia un enfoque psicosom\u00e1tico hol\u00edstico y revolucionario del bienestar personal del individuo. El verdadero rejuvenecimiento trasciende los l\u00edmites del bistur\u00ed y se ancla profundamente en la gesti\u00f3n inteligente del estr\u00e9s emocional cr\u00f3nico, la calidad reparadora del sue\u00f1o profundo y la oxigenaci\u00f3n celular mediante el ejercicio cardiovascular moderado. Por tanto, el equipo m\u00e9dico de <a target=\"_blank\" rel=\"noreferrer noopener\" href=\"https:\/\/gplusclinic.com\/\">G+ Clinic<\/a> estimula de manera proactiva a cada uno de sus pacientes internacionales para que aprovechen la inmensa motivaci\u00f3n que genera verse j\u00f3venes en el espejo, canalizando esa energ\u00eda vibrante hacia una transformaci\u00f3n integral de sus h\u00e1bitos vitales a largo plazo.<\/p>\n\n\n\n<hr class=\"wp-block-separator has-alpha-channel-opacity\" \/>\n\n\n\n<h2 class=\"wp-block-heading\">\u00bfC\u00f3mo reservar Mi experiencia con el mini lifting facial en Turqu\u00eda?<\/h2>\n\n\n\n<p>Iniciar el formal proceso de admisi\u00f3n y reserva telem\u00e1tica para programar el tratamiento es una experiencia log\u00edstica extremadamente simple, r\u00e1pida, amigable y muy estructurada:<\/p>\n\n\n\n<ul class=\"wp-block-list\">\n<li>Contactar directamente a asesores m\u00e9dicos mediante WhatsApp.<\/li>\n\n\n\n<li>Enviar fotograf\u00edas faciales claras desde varios \u00e1ngulos.<\/li>\n\n\n\n<li>Recibir el plan de tratamiento detallado gratuitamente.<\/li>\n\n\n\n<li>Validar el presupuesto financiero y seleccionar fecha.<\/li>\n\n\n\n<li>Reservar vuelos internacionales hacia el aeropuerto principal.<\/li>\n\n\n\n<li>Llegar a Turqu\u00eda para iniciar la transformaci\u00f3n.<\/li>\n<\/ul>\n\n\n\n<p>De esta manera sistem\u00e1tica, la compleja organizaci\u00f3n del turismo m\u00e9dico para Mi experiencia con el mini lifting facial en Turqu\u00eda est\u00e1 totalmente libre de estr\u00e9s, incertidumbre financiera y complicaciones operativas. El paciente simplemente delega la tediosa gesti\u00f3n burocr\u00e1tica a los expertos de la cl\u00ednica, dedic\u00e1ndose exclusivamente a visualizar mentalmente su futuro y renovado aspecto radiante.<\/p>\n\n\n\n<hr class=\"wp-block-separator has-alpha-channel-opacity\" \/>\n\n\n\n<figure class=\"wp-block-image size-large\"><img decoding=\"async\" width=\"1024\" height=\"576\" src=\"https:\/\/gplusclinic.com\/wp-content\/uploads\/2026\/05\/My-experience-with-Mini-Facelift-in-Turkey-3-1024x576.jpg\" alt=\"Hist\u00f3rica Torre de G\u00e1lata en Estambul, destino de turismo m\u00e9dico\" class=\"wp-image-46986\" srcset=\"https:\/\/gplusclinic.com\/wp-content\/uploads\/2026\/05\/My-experience-with-Mini-Facelift-in-Turkey-3-1024x576.jpg 1024w, https:\/\/gplusclinic.com\/wp-content\/uploads\/2026\/05\/My-experience-with-Mini-Facelift-in-Turkey-3-300x169.jpg 300w, https:\/\/gplusclinic.com\/wp-content\/uploads\/2026\/05\/My-experience-with-Mini-Facelift-in-Turkey-3-768x432.jpg 768w, https:\/\/gplusclinic.com\/wp-content\/uploads\/2026\/05\/My-experience-with-Mini-Facelift-in-Turkey-3-1536x864.jpg 1536w, https:\/\/gplusclinic.com\/wp-content\/uploads\/2026\/05\/My-experience-with-Mini-Facelift-in-Turkey-3-800x450.jpg 800w, https:\/\/gplusclinic.com\/wp-content\/uploads\/2026\/05\/My-experience-with-Mini-Facelift-in-Turkey-3.jpg 1920w\" sizes=\"(max-width: 1024px) 100vw, 1024px\" \/><figcaption class=\"wp-element-caption\">Hist\u00f3rica Torre de G\u00e1lata en Estambul, destino de turismo m\u00e9dico<\/figcaption><\/figure>\n\n\n\n<h2 class=\"wp-block-heading\">\u00bfListo para tu nueva versi\u00f3n rejuvenecida?<\/h2>\n\n\n\n<p>En resumen y conclusi\u00f3n, tomar la valiente determinaci\u00f3n de viajar al extranjero para recuperar el brillo y la firmeza de la juventud es, sin temor a equivocarnos, una de las inversiones personales m\u00e1s rentables y emocionalmente gratificantes posibles. Al confiar el cuidado de su rostro a los maestros cirujanos de <a target=\"_blank\" rel=\"noreferrer noopener\" href=\"https:\/\/gplusclinic.com\/\">G+ Clinic<\/a>, el individuo se asegura un renacimiento visual magistral, respaldado por certificaciones de calidad de clase mundial y ejecutado con un sentido art\u00edstico sin parang\u00f3n. La ciencia m\u00e9dica contempor\u00e1nea ha democratizado el acceso a la belleza duradera. <strong>(Seg\u00fan <a target=\"_blank\" rel=\"noreferrer noopener\" href=\"https:\/\/www.isaps.org\/\">ISAPS<\/a>, el mini lifting facial registra constantemente las tasas de satisfacci\u00f3n m\u00e1s altas entre los pacientes a nivel mundial por sus resultados naturales).<\/strong> El espejo espera pacientemente para reflejar su versi\u00f3n m\u00e1s vibrante; la pregunta es si usted est\u00e1 finalmente dispuesto a dar el paso transformador hoy mismo.<\/p>\n\n\n\n<hr class=\"wp-block-separator has-alpha-channel-opacity\" \/>\n\n\n\n<h2 class=\"wp-block-heading\">Preguntas frecuentes sobre Mi experiencia con el mini lifting facial en Turqu\u00eda<\/h2>\n\n\n\n<h3 class=\"wp-block-heading\">\u00bfLas cicatrices son permanentes tras Mi experiencia con el mini lifting facial en Turqu\u00eda?<\/h3>\n\n\n\n<p><strong>Aunque cualquier incisi\u00f3n quir\u00fargica deja una marca t\u00e9cnica, los cirujanos pl\u00e1sticos de \u00e9lite camuflan estas diminutas incisiones estrat\u00e9gicamente en los pliegues naturales del cart\u00edlago de la oreja y detr\u00e1s de la l\u00ednea del cabello.<\/strong> Con el paso de los meses y la aplicaci\u00f3n de cremas especializadas, las huellas de Mi experiencia con el mini lifting facial en Turqu\u00eda se desvanecen hasta volverse imperceptibles para el ojo humano, incluso a corta distancia.<\/p>\n\n\n\n<h3 class=\"wp-block-heading\">\u00bfA qu\u00e9 edad es recomendable someterse a Mi experiencia con el mini lifting facial en Turqu\u00eda?<\/h3>\n\n\n\n<p><strong>El rango de edad m\u00e9dicamente m\u00e1s id\u00f3neo abarca desde los cuarenta hasta los cincuenta y cinco a\u00f1os, momento exacto en el que comienzan a manifestarse los primeros signos de descolgamiento en el borde mandibular y las mejillas.<\/strong> Intervenir de manera temprana con Mi experiencia con el mini lifting facial en Turqu\u00eda act\u00faa como un potente mecanismo de prevenci\u00f3n, retrasando masivamente la necesidad futura de un estiramiento facial completo y m\u00e1s agresivo.<\/p>\n\n\n\n<h3 class=\"wp-block-heading\">\u00bfExperimentar\u00e9 dolor intenso durante Mi experiencia con el mini lifting facial en Turqu\u00eda?<\/h3>\n\n\n\n<p><strong>De ninguna manera; gracias a los avanzados protocolos de sedaci\u00f3n profunda y al bloqueo nervioso local altamente espec\u00edfico, el paciente no registra absolutamente ning\u00fan impulso de dolor ni recuerdo del acto operatorio.<\/strong> En la fase de recuperaci\u00f3n, el malestar residual de Mi experiencia con el mini lifting facial en Turqu\u00eda se describe com\u00fanmente como una mera sensaci\u00f3n de tirantez o presi\u00f3n leve, f\u00e1cilmente mitigada con paracetamol o ibuprofeno est\u00e1ndar.<\/p>\n\n\n\n<h3 class=\"wp-block-heading\">\u00bfCu\u00e1nto debo esperar para volar a casa tras Mi experiencia con el mini lifting facial en Turqu\u00eda?<\/h3>\n\n\n\n<p><strong>Los protocolos internacionales de seguridad aeron\u00e1utica y m\u00e9dica recomiendan encarecidamente una ventana de recuperaci\u00f3n en tierra firme de aproximadamente siete a diez d\u00edas completos.<\/strong> Este per\u00edodo de precauci\u00f3n garantiza que el cirujano pueda retirar las suturas superficiales, examinar la vascularizaci\u00f3n tisular e identificar que Mi experiencia con el mini lifting facial en Turqu\u00eda est\u00e1 fuera de cualquier riesgo de complicaciones inducidas por los cambios bruscos de presi\u00f3n en la cabina del avi\u00f3n.<\/p>\n\n\n\n<h3 class=\"wp-block-heading\">\u00bfSon los resultados para toda la vida despu\u00e9s de Mi experiencia con el mini lifting facial en Turqu\u00eda?<\/h3>\n\n\n\n<p><strong>Los efectos estructurales de anclaje muscular profundo ofrecen un rejuvenecimiento notable que perdura de forma consistente durante un per\u00edodo de siete a diez hermosos a\u00f1os continuos.<\/strong> Si bien el proceso biol\u00f3gico del envejecimiento cronol\u00f3gico es imparable a nivel celular, un estilo de vida saludable y equilibrado prolonga de forma dr\u00e1stica la juventud lograda con Mi experiencia con el mini lifting facial en Turqu\u00eda, manteniendo el rostro firme mucho m\u00e1s tiempo del previsto originalmente.<\/p>\n","protected":false},"excerpt":{"rendered":"<p>Mi experiencia con el mini lifting facial en Turqu\u00eda El viaje de Mi experiencia con el mini lifting facial en Turqu\u00eda no termina en el quir\u00f3fano, sino que representa el comienzo de una transformaci\u00f3n profunda hacia la recuperaci\u00f3n de la juventud. Al considerar un (Mini Facelift), los pacientes internacionales descubren que G+ Clinic ofrece una [&hellip;]<\/p>\n","protected":false},"author":6,"featured_media":46987,"comment_status":"open","ping_status":"open","sticky":false,"template":"","format":"standard","meta":{"ocean_post_layout":"","ocean_both_sidebars_style":"","ocean_both_sidebars_content_width":0,"ocean_both_sidebars_sidebars_width":0,"ocean_sidebar":"","ocean_second_sidebar":"","ocean_disable_margins":"enable","ocean_add_body_class":"","ocean_shortcode_before_top_bar":"","ocean_shortcode_after_top_bar":"","ocean_shortcode_before_header":"","ocean_shortcode_after_header":"","ocean_has_shortcode":"","ocean_shortcode_after_title":"","ocean_shortcode_before_footer_widgets":"","ocean_shortcode_after_footer_widgets":"","ocean_shortcode_before_footer_bottom":"","ocean_shortcode_after_footer_bottom":"","ocean_display_top_bar":"default","ocean_display_header":"default","ocean_header_style":"","ocean_center_header_left_menu":"","ocean_custom_header_template":"","ocean_custom_logo":0,"ocean_custom_retina_logo":0,"ocean_custom_logo_max_width":0,"ocean_custom_logo_tablet_max_width":0,"ocean_custom_logo_mobile_max_width":0,"ocean_custom_logo_max_height":0,"ocean_custom_logo_tablet_max_height":0,"ocean_custom_logo_mobile_max_height":0,"ocean_header_custom_menu":"","ocean_menu_typo_font_family":"","ocean_menu_typo_font_subset":"","ocean_menu_typo_font_size":0,"ocean_menu_typo_font_size_tablet":0,"ocean_menu_typo_font_size_mobile":0,"ocean_menu_typo_font_size_unit":"px","ocean_menu_typo_font_weight":"","ocean_menu_typo_font_weight_tablet":"","ocean_menu_typo_font_weight_mobile":"","ocean_menu_typo_transform":"","ocean_menu_typo_transform_tablet":"","ocean_menu_typo_transform_mobile":"","ocean_menu_typo_line_height":0,"ocean_menu_typo_line_height_tablet":0,"ocean_menu_typo_line_height_mobile":0,"ocean_menu_typo_line_height_unit":"","ocean_menu_typo_spacing":0,"ocean_menu_typo_spacing_tablet":0,"ocean_menu_typo_spacing_mobile":0,"ocean_menu_typo_spacing_unit":"","ocean_menu_link_color":"","ocean_menu_link_color_hover":"","ocean_menu_link_color_active":"","ocean_menu_link_background":"","ocean_menu_link_hover_background":"","ocean_menu_link_active_background":"","ocean_menu_social_links_bg":"","ocean_menu_social_hover_links_bg":"","ocean_menu_social_links_color":"","ocean_menu_social_hover_links_color":"","ocean_disable_title":"default","ocean_disable_heading":"default","ocean_post_title":"","ocean_post_subheading":"","ocean_post_title_style":"","ocean_post_title_background_color":"","ocean_post_title_background":0,"ocean_post_title_bg_image_position":"","ocean_post_title_bg_image_attachment":"","ocean_post_title_bg_image_repeat":"","ocean_post_title_bg_image_size":"","ocean_post_title_height":0,"ocean_post_title_bg_overlay":0.5,"ocean_post_title_bg_overlay_color":"","ocean_disable_breadcrumbs":"default","ocean_breadcrumbs_color":"","ocean_breadcrumbs_separator_color":"","ocean_breadcrumbs_links_color":"","ocean_breadcrumbs_links_hover_color":"","ocean_display_footer_widgets":"default","ocean_display_footer_bottom":"default","ocean_custom_footer_template":"","ofc_meta_disable_footer_callout":"","ofc_meta_callout_button_url":"","ofc_meta_callout_button_txt":"","ofc_meta_callout_text":"","ofc_enable_fullscreen":"disable","ofc_fullscreen_speed":0,"ofc_fullscreen_nav":"enable","ofc_fullscreen_nav_pos":"right","ofc_fullscreen_nav_color":"","ofc_fullscreen_nav_tooltip_color":"","ofc_fullscreen_responsive":0,"osp_disable_panel":"default","osh_disable_topbar_sticky":"default","osh_disable_header_sticky":"default","osh_sticky_header_style":"default","osh_sticky_header_effect":"","osh_custom_sticky_logo":0,"osh_custom_retina_sticky_logo":0,"osh_custom_sticky_logo_height":0,"osh_background_color":"","osh_links_color":"","osh_links_hover_color":"","osh_links_active_color":"","osh_links_bg_color":"","osh_links_hover_bg_color":"","osh_links_active_bg_color":"","osh_menu_social_links_color":"","osh_menu_social_hover_links_color":"","ocean_post_oembed":"","ocean_post_self_hosted_media":"","ocean_post_video_embed":"","ocean_link_format":"","ocean_link_format_target":"self","ocean_quote_format":"","ocean_quote_format_link":"post","ocean_gallery_link_images":"on","ocean_gallery_id":[],"footnotes":""},"categories":[8],"tags":[16710,5690,3506,1395,27130,4272,1017,4266,6609,4270,25162,4267,27131,9929,2244,27132,25161,27133,6923,3513,26583,1234,1071,6395,231],"class_list":["post-46988","post","type-post","status-publish","format-standard","has-post-thumbnail","hentry","category-blog","tag-anti-envejecimiento","tag-belleza-estambul","tag-cirugia-estetica-turquia","tag-cirugia-segura","tag-clinicas-estetica-turquia","tag-contorno-facial","tag-cuidados-postoperatorios","tag-eliminar-arrugas","tag-estiramiento-facial","tag-flacidez-facial","tag-lifting-antes-y-despues","tag-lifting-de-cuello","tag-lifting-facial-inferior","tag-lifting-sin-cicatrices","tag-mejores-cirujanos-estambul","tag-mi-experiencia-mini-lifting","tag-mini-lifting-turquia","tag-precio-mini-lifting","tag-procedimientos-esteticos","tag-recuperacion-lifting","tag-rejuvenecer-rostro","tag-rejuvenecimiento-facial","tag-resultados-naturales","tag-testimonios-cirugia-turquia","tag-turismo-medico","entry","has-media"],"_links":{"self":[{"href":"https:\/\/gplusclinic.com\/es\/wp-json\/wp\/v2\/posts\/46988","targetHints":{"allow":["GET"]}}],"collection":[{"href":"https:\/\/gplusclinic.com\/es\/wp-json\/wp\/v2\/posts"}],"about":[{"href":"https:\/\/gplusclinic.com\/es\/wp-json\/wp\/v2\/types\/post"}],"author":[{"embeddable":true,"href":"https:\/\/gplusclinic.com\/es\/wp-json\/wp\/v2\/users\/6"}],"replies":[{"embeddable":true,"href":"https:\/\/gplusclinic.com\/es\/wp-json\/wp\/v2\/comments?post=46988"}],"version-history":[{"count":1,"href":"https:\/\/gplusclinic.com\/es\/wp-json\/wp\/v2\/posts\/46988\/revisions"}],"predecessor-version":[{"id":46989,"href":"https:\/\/gplusclinic.com\/es\/wp-json\/wp\/v2\/posts\/46988\/revisions\/46989"}],"wp:featuredmedia":[{"embeddable":true,"href":"https:\/\/gplusclinic.com\/es\/wp-json\/wp\/v2\/media\/46987"}],"wp:attachment":[{"href":"https:\/\/gplusclinic.com\/es\/wp-json\/wp\/v2\/media?parent=46988"}],"wp:term":[{"taxonomy":"category","embeddable":true,"href":"https:\/\/gplusclinic.com\/es\/wp-json\/wp\/v2\/categories?post=46988"},{"taxonomy":"post_tag","embeddable":true,"href":"https:\/\/gplusclinic.com\/es\/wp-json\/wp\/v2\/tags?post=46988"}],"curies":[{"name":"wp","href":"https:\/\/api.w.org\/{rel}","templated":true}]}}