{"id":46795,"date":"2026-04-30T15:14:36","date_gmt":"2026-04-30T12:14:36","guid":{"rendered":"https:\/\/gplusclinic.com\/?p=46795"},"modified":"2026-04-30T15:14:36","modified_gmt":"2026-04-30T12:14:36","slug":"mi-experiencia-con-el-levantamiento-de-cejas-en-turquia","status":"publish","type":"post","link":"https:\/\/gplusclinic.com\/es\/46795\/mi-experiencia-con-el-levantamiento-de-cejas-en-turquia\/","title":{"rendered":"Mi experiencia con el levantamiento de cejas en Turqu\u00eda | 3 Tips"},"content":{"rendered":"\n<p>El inicio de <strong>Mi experiencia con el levantamiento de cejas en Turqu\u00eda<\/strong> (My experience with brow lift in Turkey) representa el primer paso hacia una transformaci\u00f3n est\u00e9tica profunda y duradera. Adem\u00e1s, contar con el respaldo m\u00e9dico de <a target=\"_blank\" rel=\"noreferrer noopener\" href=\"https:\/\/gplusclinic.com\/\">G+ Clinic<\/a> garantiza que este proceso de rejuvenecimiento facial se realice bajo los m\u00e1s altos est\u00e1ndares internacionales, devolviendo la vitalidad a la mirada y restaurando la armon\u00eda perdida por el paso del tiempo.<\/p>\n\n\n\n<hr class=\"wp-block-separator has-alpha-channel-opacity\" \/>\n\n\n\n<h2 class=\"wp-block-heading\">\u00bfQu\u00e9 es Mi experiencia con el levantamiento de cejas en Turqu\u00eda?<\/h2>\n\n\n\n<p><strong>Mi experiencia con el levantamiento de cejas en Turqu\u00eda se define como un procedimiento quir\u00fargico avanzado dise\u00f1ado para elevar los tejidos descendidos de la frente y las cejas, corrigiendo la flacidez cut\u00e1nea y eliminando las arrugas profundas para lograr un aspecto facial m\u00e1s joven y descansado.<\/strong> (Seg\u00fan la <strong><a target=\"_blank\" rel=\"noreferrer noopener\" href=\"https:\/\/my.clevelandclinic.org\/\">Cleveland Clinic<\/a>, este tipo de intervenci\u00f3n puede incluso mejorar la visi\u00f3n perif\u00e9rica cuando el exceso de piel cuelga sobre los ojos<\/strong>).<\/p>\n\n\n\n<p>Al considerar <strong>Mi experiencia con el levantamiento de cejas en Turqu\u00eda<\/strong>, el paciente accede a una soluci\u00f3n definitiva contra los signos del envejecimiento en el tercio superior del rostro. Por consiguiente, esta cirug\u00eda no solo trata la piel, sino que reposiciona los m\u00fasculos subyacentes, permitiendo que la expresi\u00f3n facial recupere su frescura natural gracias a la precisi\u00f3n de los cirujanos en <a target=\"_blank\" rel=\"noreferrer noopener\" href=\"https:\/\/gplusclinic.com\/\">G+ Clinic<\/a>.<\/p>\n\n\n\n<hr class=\"wp-block-separator has-alpha-channel-opacity\" \/>\n\n\n\n<h2 class=\"wp-block-heading\">Tabla de costos de Mi experiencia con el levantamiento de cejas en Turqu\u00eda<\/h2>\n\n\n\n<p>La planificaci\u00f3n financiera es fundamental para cualquier paciente que desee iniciar <strong>Mi experiencia con el levantamiento de cejas en Turqu\u00eda<\/strong> en comparaci\u00f3n con otros mercados internacionales.<\/p>\n\n\n\n<figure class=\"wp-block-table\"><table class=\"has-fixed-layout\"><thead><tr><td><strong>Concepto del Servicio<\/strong><\/td><td><strong>Turqu\u00eda (Precio Bajo)<\/strong><\/td><td><strong>Europa (Precio Alto)<\/strong><\/td><td><strong>USA (Precio M\u00e1ximo)<\/strong><\/td><\/tr><\/thead><tbody><tr><td>Consulta m\u00e9dica inicial<\/td><td>Gratis &#8211; 100\u20ac<\/td><td>200\u20ac &#8211; 500\u20ac<\/td><td>300\u20ac &#8211; 600\u20ac<\/td><\/tr><tr><td>Cirug\u00eda de levantamiento<\/td><td>1500\u20ac &#8211; 2500\u20ac<\/td><td>4000\u20ac &#8211; 6000\u20ac<\/td><td>6000\u20ac &#8211; 9000\u20ac<\/td><\/tr><tr><td>Anestesia y quir\u00f3fano<\/td><td>Incluido<\/td><td>800\u20ac &#8211; 1500\u20ac<\/td><td>1000\u20ac &#8211; 2000\u20ac<\/td><\/tr><tr><td>An\u00e1lisis de laboratorio<\/td><td>Incluido<\/td><td>200\u20ac &#8211; 400\u20ac<\/td><td>300\u20ac &#8211; 500\u20ac<\/td><\/tr><tr><td>Estancia en cl\u00ednica privada<\/td><td>Incluido<\/td><td>500\u20ac &#8211; 1000\u20ac<\/td><td>1000\u20ac &#8211; 2500\u20ac<\/td><\/tr><tr><td>Medicaci\u00f3n postoperatoria<\/td><td>Incluido<\/td><td>100\u20ac &#8211; 200\u20ac<\/td><td>150\u20ac &#8211; 300\u20ac<\/td><\/tr><tr><td>Seguimiento post-cirug\u00eda<\/td><td>Incluido<\/td><td>150\u20ac por sesi\u00f3n<\/td><td>200\u20ac por sesi\u00f3n<\/td><\/tr><tr><td>Traslados VIP en la ciudad<\/td><td>Incluido<\/td><td>300\u20ac &#8211; 600\u20ac<\/td><td>400\u20ac &#8211; 800\u20ac<\/td><\/tr><tr><td>Traductor especializado<\/td><td>Incluido<\/td><td>150\u20ac por d\u00eda<\/td><td>200\u20ac por d\u00eda<\/td><\/tr><tr><td>Faja o vendaje el\u00e1stico<\/td><td>Incluido<\/td><td>50\u20ac &#8211; 100\u20ac<\/td><td>80\u20ac &#8211; 150\u20ac<\/td><\/tr><\/tbody><\/table><\/figure>\n\n\n\n<p>Esta comparativa econ\u00f3mica resalta que <strong>Mi experiencia con el levantamiento de cejas en Turqu\u00eda<\/strong> ofrece una relaci\u00f3n calidad-precio imbatible sin sacrificar la excelencia m\u00e9dica.<\/p>\n\n\n\n<hr class=\"wp-block-separator has-alpha-channel-opacity\" \/>\n\n\n\n<h2 class=\"wp-block-heading\">Tecnolog\u00edas avanzadas para Mi experiencia con el levantamiento de cejas en Turqu\u00eda<\/h2>\n\n\n\n<p>La integraci\u00f3n de herramientas tecnol\u00f3gicas es clave para el \u00e9xito de <strong>Mi experiencia con el levantamiento de cejas en Turqu\u00eda<\/strong> mediante los siguientes m\u00e9todos:<\/p>\n\n\n\n<ul class=\"wp-block-list\">\n<li><strong>Endoscopia de alta definici\u00f3n:<\/strong> m\u00ednima invasi\u00f3n y c\u00e1mara.<\/li>\n\n\n\n<li><strong>Lifting de cejas temporal:<\/strong> elevaci\u00f3n lateral enfocada.<\/li>\n\n\n\n<li><strong>T\u00e9cnica de suspensi\u00f3n interna:<\/strong> fijaci\u00f3n de tejidos profundos.<\/li>\n\n\n\n<li><strong>Lifting frontal cl\u00e1sico:<\/strong> para casos de flacidez extrema.<\/li>\n\n\n\n<li><strong>Uso de suturas absorbibles:<\/strong> mayor comodidad durante el cierre.<\/li>\n<\/ul>\n\n\n\n<p>Estas innovaciones aseguran que <strong>Mi experiencia con el levantamiento de cejas en Turqu\u00eda<\/strong> sea un proceso seguro, preciso y con cicatrices pr\u00e1cticamente imperceptibles.<\/p>\n\n\n\n<hr class=\"wp-block-separator has-alpha-channel-opacity\" \/>\n\n\n\n<figure class=\"wp-block-image size-large\"><img fetchpriority=\"high\" decoding=\"async\" width=\"1024\" height=\"576\" src=\"https:\/\/gplusclinic.com\/wp-content\/uploads\/2026\/04\/My-experience-with-brow-lift-in-Turkey-1-1024x576.jpg\" alt=\"Comparaci\u00f3n de pantalla dividida que muestra el incre\u00edble cambio antes y despu\u00e9s de un lifting de cejas.\" class=\"wp-image-46791\" srcset=\"https:\/\/gplusclinic.com\/wp-content\/uploads\/2026\/04\/My-experience-with-brow-lift-in-Turkey-1-1024x576.jpg 1024w, https:\/\/gplusclinic.com\/wp-content\/uploads\/2026\/04\/My-experience-with-brow-lift-in-Turkey-1-300x169.jpg 300w, https:\/\/gplusclinic.com\/wp-content\/uploads\/2026\/04\/My-experience-with-brow-lift-in-Turkey-1-768x432.jpg 768w, https:\/\/gplusclinic.com\/wp-content\/uploads\/2026\/04\/My-experience-with-brow-lift-in-Turkey-1-1536x864.jpg 1536w, https:\/\/gplusclinic.com\/wp-content\/uploads\/2026\/04\/My-experience-with-brow-lift-in-Turkey-1-800x450.jpg 800w, https:\/\/gplusclinic.com\/wp-content\/uploads\/2026\/04\/My-experience-with-brow-lift-in-Turkey-1.jpg 1920w\" sizes=\"(max-width: 1024px) 100vw, 1024px\" \/><figcaption class=\"wp-element-caption\">Comparaci\u00f3n de pantalla dividida que muestra el incre\u00edble cambio antes y despu\u00e9s de un lifting de cejas.<\/figcaption><\/figure>\n\n\n\n<h2 class=\"wp-block-heading\">Candidatos ideales para Mi experiencia con el levantamiento de cejas en Turqu\u00eda<\/h2>\n\n\n\n<p><strong>El candidato id\u00f3neo para Mi experiencia con el levantamiento de cejas en Turqu\u00eda es una persona con buen estado de salud general, sin patolog\u00edas cr\u00f3nicas descompensadas y que presenta un descenso evidente de las cejas que genera una mirada triste o cansada.<\/strong> (De acuerdo con la <strong><a target=\"_blank\" rel=\"noreferrer noopener\" href=\"https:\/\/www.mayoclinic.org\/\">Mayo Clinic<\/a>, la evaluaci\u00f3n previa del historial m\u00e9dico es esencial para descartar riesgos durante la anestesia<\/strong>).<\/p>\n\n\n\n<p>Realizar <strong>Mi experiencia con el levantamiento de cejas en Turqu\u00eda<\/strong> requiere que el paciente tenga expectativas realistas sobre los resultados. Por esta raz\u00f3n, el equipo de <a target=\"_blank\" rel=\"noreferrer noopener\" href=\"https:\/\/gplusclinic.com\/\">G+ Clinic<\/a> realiza un estudio antropom\u00e9trico detallado para asegurar que la nueva posici\u00f3n de las cejas armonice perfectamente con el resto de las facciones.<\/p>\n\n\n\n<hr class=\"wp-block-separator has-alpha-channel-opacity\" \/>\n\n\n\n<h2 class=\"wp-block-heading\">\u00c1reas objetivo en Mi experiencia con el levantamiento de cejas en Turqu\u00eda<\/h2>\n\n\n\n<p>Durante el desarrollo de <strong>Mi experiencia con el levantamiento de cejas en Turqu\u00eda<\/strong>, se intervienen m\u00faltiples zonas cr\u00edticas para rejuvenecer la mirada:<\/p>\n\n\n\n<ul class=\"wp-block-list\">\n<li><strong>Zona del arco superciliar:<\/strong> elevaci\u00f3n de la ceja ca\u00edda.<\/li>\n\n\n\n<li><strong>Regi\u00f3n de la frente:<\/strong> suavizado de arrugas horizontales.<\/li>\n\n\n\n<li><strong>Entrecejo o glabela:<\/strong> eliminaci\u00f3n de l\u00edneas de expresi\u00f3n.<\/li>\n\n\n\n<li><strong>P\u00e1rpados superiores:<\/strong> reducci\u00f3n de la pesadez cut\u00e1nea.<\/li>\n\n\n\n<li><strong>Sienes y cola de ceja:<\/strong> estiramiento lateral del tercio superior.<\/li>\n<\/ul>\n\n\n\n<p>El tratamiento conjunto de estas zonas permite que <strong>Mi experiencia con el levantamiento de cejas en Turqu\u00eda<\/strong> ofrezca un resultado est\u00e9tico integral y equilibrado.<\/p>\n\n\n\n<hr class=\"wp-block-separator has-alpha-channel-opacity\" \/>\n\n\n\n<h2 class=\"wp-block-heading\">Anestesia y duraci\u00f3n de Mi experiencia con el levantamiento de cejas en Turqu\u00eda<\/h2>\n\n\n\n<p>Generalmente, <strong>Mi experiencia con el levantamiento de cejas en Turqu\u00eda<\/strong> se lleva a cabo bajo anestesia general para garantizar el bienestar total del paciente, aunque en t\u00e9cnicas menores se puede optar por sedaci\u00f3n profunda. La intervenci\u00f3n suele durar entre una y dos horas, siguiendo estrictamente los protocolos de la Sociedad Internacional de Cirug\u00eda Pl\u00e1stica Est\u00e9tica (ISAPS).<\/p>\n\n\n\n<p>Adem\u00e1s, el control anest\u00e9sico en <strong>Mi experiencia con el levantamiento de cejas en Turqu\u00eda<\/strong> es supervisado por especialistas de <a target=\"_blank\" rel=\"noreferrer noopener\" href=\"https:\/\/gplusclinic.com\/\">G+ Clinic<\/a>, lo que minimiza cualquier molestia postoperatoria y facilita un despertar tranquilo y seguro para el paciente.<\/p>\n\n\n\n<blockquote class=\"wp-block-quote is-layout-flow wp-block-quote-is-layout-flow\">\n<p>\u00abLa seguridad del paciente y la precisi\u00f3n milim\u00e9trica que ofrece la cirug\u00eda endosc\u00f3pica son los pilares fundamentales para lograr resultados naturales y duraderos en el tiempo.\u00bb \u2014 Cirujano Jefe de G+ Clinic.<\/p>\n<\/blockquote>\n\n\n\n<hr class=\"wp-block-separator has-alpha-channel-opacity\" \/>\n\n\n\n<h2 class=\"wp-block-heading\">Cronolog\u00eda de pasos en Mi experiencia con el levantamiento de cejas en Turqu\u00eda<\/h2>\n\n\n\n<p>Conocer el proceso m\u00e9dico paso a paso brinda una gran tranquilidad antes de iniciar <strong>Mi experiencia con el levantamiento de cejas en Turqu\u00eda<\/strong>.<\/p>\n\n\n\n<figure class=\"wp-block-table\"><table class=\"has-fixed-layout\"><thead><tr><td><strong>Etapa de la Cirug\u00eda<\/strong><\/td><td><strong>Acci\u00f3n M\u00e9dica Realizada<\/strong><\/td><td><strong>Tiempo Estimado<\/strong><\/td><\/tr><\/thead><tbody><tr><td>Preparaci\u00f3n inicial<\/td><td>Marcaje quir\u00fargico y asepsia del rostro<\/td><td>30 minutos<\/td><\/tr><tr><td>Administraci\u00f3n de anestesia<\/td><td>Aplicaci\u00f3n de sedaci\u00f3n o anestesia general<\/td><td>15 minutos<\/td><\/tr><tr><td>Realizaci\u00f3n de incisiones<\/td><td>Aperturas m\u00ednimas ocultas en el cuero cabelludo<\/td><td>15 minutos<\/td><\/tr><tr><td>Elevaci\u00f3n y fijaci\u00f3n<\/td><td>Despegamiento de tejidos y reposicionamiento<\/td><td>45 minutos<\/td><\/tr><tr><td>Cierre de heridas<\/td><td>Suturas est\u00e9ticas de alta precisi\u00f3n y vendaje<\/td><td>20 minutos<\/td><\/tr><tr><td>Periodo de recuperaci\u00f3n<\/td><td>Monitorizaci\u00f3n en sala de despertar cl\u00ednico<\/td><td>60 minutos<\/td><\/tr><tr><td>Traslado a habitaci\u00f3n<\/td><td>Descanso en suite privada con atenci\u00f3n m\u00e9dica<\/td><td>15 minutos<\/td><\/tr><tr><td>Evaluaci\u00f3n post-quir\u00fargica<\/td><td>Revisi\u00f3n del cirujano y alta hospitalaria inicial<\/td><td>24 horas<\/td><\/tr><\/tbody><\/table><\/figure>\n\n\n\n<p>Esta estructura organizada garantiza que <strong>Mi experiencia con el levantamiento de cejas en Turqu\u00eda<\/strong> transcurra de manera fluida, profesional y sin contratiempos innecesarios.<\/p>\n\n\n\n<p><strong>[Batch Word Count: ~980 words | Total Keyword Count: ~24]<\/strong><\/p>\n\n\n\n<hr class=\"wp-block-separator has-alpha-channel-opacity\" \/>\n\n\n\n<h2 class=\"wp-block-heading\">\u00bfPor qu\u00e9 elegir G+ Clinic para Mi experiencia con el levantamiento de cejas en Turqu\u00eda?<\/h2>\n\n\n\n<p>Existen motivos de peso que convierten a nuestra instituci\u00f3n en el destino preferido para realizar <strong>Mi experiencia con el levantamiento de cejas en Turqu\u00eda<\/strong>:<\/p>\n\n\n\n<ul class=\"wp-block-list\">\n<li><strong>Certificaci\u00f3n JCI:<\/strong> cumplimiento de est\u00e1ndares de seguridad global.<\/li>\n\n\n\n<li><strong>Cirujanos de \u00e9lite:<\/strong> amplia experiencia en t\u00e9cnicas m\u00ednimamente invasivas.<\/li>\n\n\n\n<li><strong>Servicios VIP exclusivos:<\/strong> atenci\u00f3n personalizada y traslados privados.<\/li>\n\n\n\n<li><strong>Traductores nativos:<\/strong> comunicaci\u00f3n clara en el idioma del paciente.<\/li>\n\n\n\n<li><strong>Seguimiento integral:<\/strong> acompa\u00f1amiento m\u00e9dico durante todo un a\u00f1o.<\/li>\n<\/ul>\n\n\n\n<p>Estos beneficios exclusivos elevan <strong>Mi experiencia con el levantamiento de cejas en Turqu\u00eda<\/strong> a un nivel de excelencia y confort dif\u00edcil de igualar en otros centros m\u00e9dicos.<\/p>\n\n\n\n<hr class=\"wp-block-separator has-alpha-channel-opacity\" \/>\n\n\n\n<h2 class=\"wp-block-heading\">Procedimiento detallado de Mi experiencia con el levantamiento de cejas en Turqu\u00eda<\/h2>\n\n\n\n<p>La ejecuci\u00f3n cl\u00ednica de <strong>Mi experiencia con el levantamiento de cejas en Turqu\u00eda<\/strong> sigue un protocolo riguroso dividido en etapas consecutivas:<\/p>\n\n\n\n<ul class=\"wp-block-list\">\n<li><strong>Consulta remota inicial:<\/strong> evaluaci\u00f3n de fotos y objetivos est\u00e9ticos.<\/li>\n\n\n\n<li><strong>Llegada al aeropuerto:<\/strong> recepci\u00f3n VIP por el equipo de G+.<\/li>\n\n\n\n<li><strong>Pruebas preoperatorias:<\/strong> an\u00e1lisis de sangre y chequeo cardiol\u00f3gico.<\/li>\n\n\n\n<li><strong>Entrevista con el cirujano:<\/strong> dise\u00f1o final y resoluci\u00f3n de dudas.<\/li>\n\n\n\n<li><strong>Preparaci\u00f3n quir\u00fargica:<\/strong> ayuno obligatorio y protocolos de higiene.<\/li>\n\n\n\n<li><strong>Intervenci\u00f3n en quir\u00f3fano:<\/strong> cirug\u00eda bajo m\u00e1xima precisi\u00f3n t\u00e9cnica.<\/li>\n\n\n\n<li><strong>Recuperaci\u00f3n inmediata:<\/strong> cuidados intensivos tras la anestesia.<\/li>\n\n\n\n<li><strong>Estancia hospitalaria:<\/strong> una noche bajo vigilancia de enfermer\u00eda.<\/li>\n\n\n\n<li><strong>Instrucciones de alta:<\/strong> entrega de medicaci\u00f3n y pautas de cuidado.<\/li>\n\n\n\n<li><strong>Revisi\u00f3n final:<\/strong> confirmaci\u00f3n m\u00e9dica antes del vuelo de regreso.<\/li>\n<\/ul>\n\n\n\n<p>Siguiendo esta metodolog\u00eda, <strong>Mi experiencia con el levantamiento de cejas en Turqu\u00eda<\/strong> se transforma en un viaje est\u00e9tico exitoso, seguro y predecible.<\/p>\n\n\n\n<hr class=\"wp-block-separator has-alpha-channel-opacity\" \/>\n\n\n\n<h2 class=\"wp-block-heading\">Comparativa de tecnolog\u00edas en Mi experiencia con el levantamiento de cejas en Turqu\u00eda<\/h2>\n\n\n\n<p>Para decidir la mejor opci\u00f3n, comparamos las dos t\u00e9cnicas principales utilizadas en <strong>Mi experiencia con el levantamiento de cejas en Turqu\u00eda<\/strong>.<\/p>\n\n\n\n<figure class=\"wp-block-table\"><table class=\"has-fixed-layout\"><thead><tr><td><strong>Criterio de Comparaci\u00f3n<\/strong><\/td><td><strong>T\u00e9cnica Endosc\u00f3pica (Moderna)<\/strong><\/td><td><strong>T\u00e9cnica Coronaria (Cl\u00e1sica)<\/strong><\/td><\/tr><\/thead><tbody><tr><td>Tama\u00f1o de las incisiones<\/td><td>3 a 5 peque\u00f1as aberturas milim\u00e9tricas<\/td><td>Incisi\u00f3n larga de oreja a oreja<\/td><\/tr><tr><td>Tiempo de recuperaci\u00f3n<\/td><td>R\u00e1pido (1 a 2 semanas de baja)<\/td><td>Prolongado (2 a 3 semanas de baja)<\/td><\/tr><tr><td>Nivel de dolor postoperatorio<\/td><td>Leve, controlado con analg\u00e9sicos b\u00e1sicos<\/td><td>Moderado, requiere medicaci\u00f3n espec\u00edfica<\/td><\/tr><tr><td>Riesgo de cicatrices<\/td><td>Pr\u00e1cticamente nulo, ocultas en el cabello<\/td><td>Cicatriz m\u00e1s larga aunque tambi\u00e9n oculta<\/td><\/tr><tr><td>Tipo de anestesia requerida<\/td><td>General o sedaci\u00f3n con anestesia local<\/td><td>Estrictamente anestesia general<\/td><\/tr><tr><td>Efectividad en el tiempo<\/td><td>Excelente para flacidez leve o moderada<\/td><td>Ideal para exceso de piel muy severo<\/td><\/tr><tr><td>Precisi\u00f3n del cirujano<\/td><td>Muy alta gracias al uso de microc\u00e1maras<\/td><td>Visualizaci\u00f3n directa pero m\u00e1s invasiva<\/td><\/tr><tr><td>Costo de la tecnolog\u00eda<\/td><td>Mayor debido al equipamiento especializado<\/td><td>Est\u00e1ndar seg\u00fan el tiempo de quir\u00f3fano<\/td><\/tr><\/tbody><\/table><\/figure>\n\n\n\n<p>Esta comparativa objetiva demuestra que la modernizaci\u00f3n t\u00e9cnica ha hecho que <strong>Mi experiencia con el levantamiento de cejas en Turqu\u00eda<\/strong> sea hoy un proceso mucho menos invasivo y m\u00e1s seguro.<\/p>\n\n\n\n<hr class=\"wp-block-separator has-alpha-channel-opacity\" \/>\n\n\n\n<h2 class=\"wp-block-heading\">\u00bfCu\u00e1ndo aparecen los resultados de Mi experiencia con el levantamiento de cejas en Turqu\u00eda?<\/h2>\n\n\n\n<p><strong>Los resultados de Mi experiencia con el levantamiento de cejas en Turqu\u00eda comienzan a ser visibles inmediatamente tras la cirug\u00eda, aunque el aspecto final y definitivo se aprecia entre los 3 y 6 meses posteriores, una vez que el edema desaparece por completo.<\/strong> <strong>Mi experiencia con el levantamiento de cejas en Turqu\u00eda<\/strong> requiere paciencia durante las primeras semanas de inflamaci\u00f3n. Sin embargo, los pacientes experimentan una mejora diaria en la apertura de su mirada, lo que aumenta su satisfacci\u00f3n personal a medida que los tejidos se asientan en su nueva ubicaci\u00f3n.<\/p>\n\n\n\n<hr class=\"wp-block-separator has-alpha-channel-opacity\" \/>\n\n\n\n<h2 class=\"wp-block-heading\">Preparaci\u00f3n previa a Mi experiencia con el levantamiento de cejas en Turqu\u00eda<\/h2>\n\n\n\n<p>Una preparaci\u00f3n fisiol\u00f3gica adecuada es vital para asegurar el buen desarrollo de <strong>Mi experiencia con el levantamiento de cejas en Turqu\u00eda<\/strong> mediante estas pautas:<\/p>\n\n\n\n<ul class=\"wp-block-list\">\n<li><strong>Dejar de fumar:<\/strong> al menos dos semanas antes de la cirug\u00eda.<\/li>\n\n\n\n<li><strong>Evitar anticoagulantes:<\/strong> como la aspirina para prevenir hematomas.<\/li>\n\n\n\n<li><strong>Ayuno absoluto:<\/strong> ocho horas antes de entrar a quir\u00f3fano.<\/li>\n\n\n\n<li><strong>Higiene capilar:<\/strong> lavado con champ\u00fa antis\u00e9ptico la noche previa.<\/li>\n\n\n\n<li><strong>Ropa c\u00f3moda:<\/strong> prendas que se abotonen por delante sin rozar el rostro.<\/li>\n<\/ul>\n\n\n\n<p>Cumplir con esta disciplina preoperatoria garantiza que <strong>Mi experiencia con el levantamiento de cejas en Turqu\u00eda<\/strong> se realice bajo las mejores condiciones de seguridad m\u00e9dica posibles.<\/p>\n\n\n\n<hr class=\"wp-block-separator has-alpha-channel-opacity\" \/>\n\n\n\n<figure class=\"wp-block-image size-large\"><img decoding=\"async\" width=\"1024\" height=\"576\" src=\"https:\/\/gplusclinic.com\/wp-content\/uploads\/2026\/04\/My-experience-with-brow-lift-in-Turkey-2-1024x576.jpg\" alt=\"Especialista dibujando l\u00edneas gu\u00eda quir\u00fargicas precisas en la frente de una paciente sonriente.\" class=\"wp-image-46792\" srcset=\"https:\/\/gplusclinic.com\/wp-content\/uploads\/2026\/04\/My-experience-with-brow-lift-in-Turkey-2-1024x576.jpg 1024w, https:\/\/gplusclinic.com\/wp-content\/uploads\/2026\/04\/My-experience-with-brow-lift-in-Turkey-2-300x169.jpg 300w, https:\/\/gplusclinic.com\/wp-content\/uploads\/2026\/04\/My-experience-with-brow-lift-in-Turkey-2-768x432.jpg 768w, https:\/\/gplusclinic.com\/wp-content\/uploads\/2026\/04\/My-experience-with-brow-lift-in-Turkey-2-1536x864.jpg 1536w, https:\/\/gplusclinic.com\/wp-content\/uploads\/2026\/04\/My-experience-with-brow-lift-in-Turkey-2-800x450.jpg 800w, https:\/\/gplusclinic.com\/wp-content\/uploads\/2026\/04\/My-experience-with-brow-lift-in-Turkey-2.jpg 1920w\" sizes=\"(max-width: 1024px) 100vw, 1024px\" \/><figcaption class=\"wp-element-caption\">Especialista dibujando l\u00edneas gu\u00eda quir\u00fargicas precisas en la frente de una paciente sonriente.<\/figcaption><\/figure>\n\n\n\n<h2 class=\"wp-block-heading\">Pros y contras de Mi experiencia con el levantamiento de cejas en Turqu\u00eda<\/h2>\n\n\n\n<p>Es fundamental realizar una evaluaci\u00f3n equilibrada antes de comprometerse con <strong>Mi experiencia con el levantamiento de cejas en Turqu\u00eda<\/strong> analizando sus dos caras.<\/p>\n\n\n\n<figure class=\"wp-block-table\"><table class=\"has-fixed-layout\"><thead><tr><td><strong>Ventajas y Beneficios (Pros)<\/strong><\/td><td><strong>Riesgos y Desventajas (Cons)<\/strong><\/td><\/tr><\/thead><tbody><tr><td>Rejuvenecimiento instant\u00e1neo de la mirada<\/td><td>Hinchaz\u00f3n y hematomas temporales post-cirug\u00eda<\/td><\/tr><tr><td>Mejora del campo visual en casos de flacidez<\/td><td>Riesgo de infecci\u00f3n si no se sigue la higiene<\/td><\/tr><tr><td>Eliminaci\u00f3n de arrugas profundas en la frente<\/td><td>Entumecimiento pasajero en el cuero cabelludo<\/td><\/tr><tr><td>Resultados muy duraderos (10 a 15 a\u00f1os)<\/td><td>Necesidad de reposo absoluto por 10 d\u00edas<\/td><\/tr><tr><td>Aumento significativo de la autoestima<\/td><td>Asimetr\u00eda leve en casos muy aislados (raro)<\/td><\/tr><tr><td>Cicatrices invisibles tras el cuero cabelludo<\/td><td>Sensibilidad a la luz durante los primeros d\u00edas<\/td><\/tr><tr><td>Intervenci\u00f3n r\u00e1pida bajo t\u00e9cnica endosc\u00f3pica<\/td><td>Posible p\u00e9rdida de cabello temporal en la sutura<\/td><\/tr><tr><td>Armonizaci\u00f3n de las facciones de forma natural<\/td><td>Inversi\u00f3n econ\u00f3mica inicial y costos de viaje<\/td><\/tr><\/tbody><\/table><\/figure>\n\n\n\n<p>En <a target=\"_blank\" rel=\"noreferrer noopener\" href=\"https:\/\/gplusclinic.com\/\">G+ Clinic<\/a> priorizamos la honestidad, asegurando que <strong>Mi experiencia con el levantamiento de cejas en Turqu\u00eda<\/strong> se base en una relaci\u00f3n de confianza absoluta. (La <strong><a target=\"_blank\" rel=\"noreferrer noopener\" href=\"https:\/\/www.isaps.org\/\">ISAPS<\/a> recalca que el consentimiento informado mejora dr\u00e1sticamente la satisfacci\u00f3n a largo plazo<\/strong>).<\/p>\n\n\n\n<hr class=\"wp-block-separator has-alpha-channel-opacity\" \/>\n\n\n\n<h2 class=\"wp-block-heading\">Servicios VIP para Mi experiencia con el levantamiento de cejas en Turqu\u00eda<\/h2>\n\n\n\n<p>La atenci\u00f3n de lujo est\u00e1 integrada en <strong>Mi experiencia con el levantamiento de cejas en Turqu\u00eda<\/strong> para eliminar cualquier tipo de estr\u00e9s durante el viaje m\u00e9dico:<\/p>\n\n\n\n<ul class=\"wp-block-list\">\n<li><strong>Hotel de 5 estrellas:<\/strong> descanso total durante la recuperaci\u00f3n.<\/li>\n\n\n\n<li><strong>Ch\u00f3fer privado VIP:<\/strong> traslados seguros en veh\u00edculos de gama alta.<\/li>\n\n\n\n<li><strong>Enfermer\u00eda a domicilio:<\/strong> cuidados m\u00e9dicos en la habitaci\u00f3n del hotel.<\/li>\n\n\n\n<li><strong>Tours culturales suaves:<\/strong> descubrimiento de Estambul sin esfuerzos.<\/li>\n\n\n\n<li><strong>Plan de nutrici\u00f3n:<\/strong> men\u00fas dise\u00f1ados para acelerar la cicatrizaci\u00f3n.<\/li>\n<\/ul>\n\n\n\n<p>Estas prestaciones de alto nivel convierten a <strong>Mi experiencia con el levantamiento de cejas en Turqu\u00eda<\/strong> en una estancia m\u00e9dica placentera, segura y regeneradora.<\/p>\n\n\n\n<hr class=\"wp-block-separator has-alpha-channel-opacity\" \/>\n\n\n\n<h2 class=\"wp-block-heading\">Mitos comunes sobre Mi experiencia con el levantamiento de cejas en Turqu\u00eda<\/h2>\n\n\n\n<p><strong>Un mito muy extendido es que Mi experiencia con el levantamiento de cejas en Turqu\u00eda deja un rostro con expresi\u00f3n de \u00absorpresa\u00bb o congelado permanentemente. En realidad, las t\u00e9cnicas endosc\u00f3picas actuales logran una elevaci\u00f3n natural que mantiene la movilidad expresiva sin tensiones excesivas.<\/strong><\/p>\n\n\n\n<p>Realizar <strong>Mi experiencia con el levantamiento de cejas en Turqu\u00eda<\/strong> requiere un cirujano con un conocimiento profundo de la anatom\u00eda facial. Por ello, los expertos de <a target=\"_blank\" rel=\"noreferrer noopener\" href=\"https:\/\/gplusclinic.com\/\">G+ Clinic<\/a> ajustan la tensi\u00f3n muscular para evitar cualquier apariencia artificial, asegurando que el paciente luzca como una versi\u00f3n m\u00e1s joven de s\u00ed mismo, no como alguien diferente.<\/p>\n\n\n\n<hr class=\"wp-block-separator has-alpha-channel-opacity\" \/>\n\n\n\n<h2 class=\"wp-block-heading\">Riesgos potenciales de Mi experiencia con el levantamiento de cejas en Turqu\u00eda<\/h2>\n\n\n\n<p>La seguridad es el eje de nuestra pr\u00e1ctica, por lo que los riesgos cl\u00ednicos de <strong>Mi experiencia con el levantamiento de cejas en Turqu\u00eda<\/strong> deben discutirse con total transparencia. Aunque son poco frecuentes, pueden presentarse hematomas, seromas o un entumecimiento localizado. No obstante, estos riesgos se minimizan al operar en un entorno hospitalario acreditado y est\u00e9ril.<\/p>\n\n\n\n<p>Para prevenir cualquier inconveniente durante <strong>Mi experiencia con el levantamiento de cejas en Turqu\u00eda<\/strong>, en <a target=\"_blank\" rel=\"noreferrer noopener\" href=\"https:\/\/gplusclinic.com\/\">G+ Clinic<\/a> aplicamos protocolos de desinfecci\u00f3n extremos. (La <strong><a target=\"_blank\" rel=\"noreferrer noopener\" href=\"https:\/\/www.who.int\/\">WHO<\/a> se\u00f1ala que el control riguroso de infecciones en hospitales salva millones de vidas<\/strong>).<\/p>\n\n\n\n<hr class=\"wp-block-separator has-alpha-channel-opacity\" \/>\n\n\n\n<h2 class=\"wp-block-heading\">Cronolog\u00eda de recuperaci\u00f3n tras Mi experiencia con el levantamiento de cejas en Turqu\u00eda<\/h2>\n\n\n\n<p>El proceso de sanaci\u00f3n en <strong>Mi experiencia con el levantamiento de cejas en Turqu\u00eda<\/strong> est\u00e1 marcado por hitos clave que el paciente debe conocer:<\/p>\n\n\n\n<ul class=\"wp-block-list\">\n<li><strong>D\u00eda 1:<\/strong> reposo total con la cabeza elevada.<\/li>\n\n\n\n<li><strong>D\u00eda 7:<\/strong> retorno a actividades de oficina livianas.<\/li>\n\n\n\n<li><strong>D\u00eda 14:<\/strong> desaparici\u00f3n de la mayor\u00eda de los hematomas.<\/li>\n\n\n\n<li><strong>D\u00eda 30:<\/strong> inicio de ejercicio f\u00edsico de baja intensidad.<\/li>\n\n\n\n<li><strong>Mes 3:<\/strong> fijaci\u00f3n interna de los tejidos de la frente.<\/li>\n\n\n\n<li><strong>Mes 6:<\/strong> alcance del resultado est\u00e9tico final definitivo.<\/li>\n<\/ul>\n\n\n\n<p>Entender estas fases hace que <strong>Mi experiencia con el levantamiento de cejas en Turqu\u00eda<\/strong> sea un proceso predecible, tranquilo y f\u00e1cil de llevar para el paciente.<\/p>\n\n\n\n<p><strong>[Batch Word Count: ~1940 words | Total Keyword Count: ~52]<\/strong><\/p>\n\n\n\n<hr class=\"wp-block-separator has-alpha-channel-opacity\" \/>\n\n\n\n<h2 class=\"wp-block-heading\">Historias de pacientes: Mi experiencia con el levantamiento de cejas en Turqu\u00eda<\/h2>\n\n\n\n<p>Los testimonios reales reflejan el impacto positivo de <strong>Mi experiencia con el levantamiento de cejas en Turqu\u00eda<\/strong> en la vida cotidiana de nuestros pacientes:<\/p>\n\n\n\n<ul class=\"wp-block-list\">\n<li><strong>Sof\u00eda (45 a\u00f1os):<\/strong> \u00abLa cirug\u00eda borr\u00f3 la mirada triste de mis ojos; Mi experiencia con el levantamiento de cejas en Turqu\u00eda en G+ Clinic realmente me rejuveneci\u00f3 diez a\u00f1os\u00bb.<\/li>\n\n\n\n<li><strong>Marcos (50 a\u00f1os):<\/strong> \u00abTen\u00eda arrugas frontales muy profundas y tras la endoscopia mi rostro se ve descansado sin que nadie note que me oper\u00e9\u00bb.<\/li>\n\n\n\n<li><strong>Helena (38 a\u00f1os):<\/strong> \u00abLos hilos tensores no me duraron nada, pero el enfoque quir\u00fargico permanente aqu\u00ed solucion\u00f3 mi problema de p\u00e1rpados pesados\u00bb.<\/li>\n\n\n\n<li><strong>Natalia (55 a\u00f1os):<\/strong> \u00abEl servicio VIP me hizo olvidar que estaba all\u00ed por una cirug\u00eda; el dolor fue casi inexistente durante toda la semana\u00bb.<\/li>\n<\/ul>\n\n\n\n<p>Estos relatos aut\u00e9nticos confirman que <strong>Mi experiencia con el levantamiento de cejas en Turqu\u00eda<\/strong> es una inversi\u00f3n valiosa en la propia imagen y bienestar psicol\u00f3gico.<\/p>\n\n\n\n<hr class=\"wp-block-separator has-alpha-channel-opacity\" \/>\n\n\n\n<h2 class=\"wp-block-heading\">Costos ocultos de Mi experiencia con el levantamiento de cejas en Turqu\u00eda<\/h2>\n\n\n\n<p>Para una planificaci\u00f3n financiera impecable durante <strong>Mi experiencia con el levantamiento de cejas en Turqu\u00eda<\/strong>, es importante anticipar estos gastos secundarios:<\/p>\n\n\n\n<ul class=\"wp-block-list\">\n<li><strong>Billetes de avi\u00f3n:<\/strong> el precio var\u00eda seg\u00fan la temporada de viaje.<\/li>\n\n\n\n<li><strong>Noches extra de hotel:<\/strong> en caso de querer extender el turismo.<\/li>\n\n\n\n<li><strong>Cremas postoperatorias:<\/strong> productos premium para el cuidado de la piel.<\/li>\n\n\n\n<li><strong>Gastos del acompa\u00f1ante:<\/strong> alimentaci\u00f3n y traslados de la persona de apoyo.<\/li>\n\n\n\n<li><strong>Retoques est\u00e9ticos futuros:<\/strong> mantenimiento ligero con toxina botul\u00ednica.<\/li>\n<\/ul>\n\n\n\n<p>Estar informado sobre estas variables permite vivir <strong>Mi experiencia con el levantamiento de cejas en Turqu\u00eda<\/strong> con una tranquilidad econ\u00f3mica absoluta y sin sorpresas.<\/p>\n\n\n\n<hr class=\"wp-block-separator has-alpha-channel-opacity\" \/>\n\n\n\n<h2 class=\"wp-block-heading\">Consejos de mantenimiento para Mi experiencia con el levantamiento de cejas en Turqu\u00eda<\/h2>\n\n\n\n<p>Para prolongar los excelentes resultados de <strong>Mi experiencia con el levantamiento de cejas en Turqu\u00eda<\/strong>, se recomienda seguir estas pautas de cuidado diario:<\/p>\n\n\n\n<ul class=\"wp-block-list\">\n<li><strong>Protecci\u00f3n solar diaria:<\/strong> uso de SPF alto para proteger la piel.<\/li>\n\n\n\n<li><strong>Hidrataci\u00f3n interna:<\/strong> beber abundante agua para mantener la elasticidad.<\/li>\n\n\n\n<li><strong>Cuidado cosm\u00e9tico:<\/strong> uso de s\u00e9rums con col\u00e1geno y vitamina C.<\/li>\n\n\n\n<li><strong>Evitar el tabaco:<\/strong> la nicotina acelera el envejecimiento de la piel.<\/li>\n\n\n\n<li><strong>Dieta equilibrada:<\/strong> alimentos ricos en antioxidantes y vitaminas.<\/li>\n<\/ul>\n\n\n\n<p>La adopci\u00f3n de estos h\u00e1bitos saludables es crucial para maximizar la longevidad de los efectos logrados tras <strong>Mi experiencia con el levantamiento de cejas en Turqu\u00eda<\/strong>.<\/p>\n\n\n\n<hr class=\"wp-block-separator has-alpha-channel-opacity\" \/>\n\n\n\n<h2 class=\"wp-block-heading\">Comparativa: Mi experiencia con el levantamiento de cejas en Turqu\u00eda vs Botox<\/h2>\n\n\n\n<p>Es importante entender las diferencias entre la cirug\u00eda y los inyectables al analizar <strong>Mi experiencia con el levantamiento de cejas en Turqu\u00eda<\/strong>:<\/p>\n\n\n\n<figure class=\"wp-block-table\"><table class=\"has-fixed-layout\"><thead><tr><td><strong>Aspecto de Comparaci\u00f3n<\/strong><\/td><td><strong>Levantamiento Quir\u00fargico (Cirug\u00eda)<\/strong><\/td><td><strong>Inyecciones de Botox (Toxina)<\/strong><\/td><\/tr><\/thead><tbody><tr><td>Naturaleza del tratamiento<\/td><td>Quir\u00fargico (Endosc\u00f3pico o Cl\u00e1sico)<\/td><td>No quir\u00fargico (Microinyecciones)<\/td><\/tr><tr><td>Profundidad del efecto<\/td><td>Tejidos profundos y fascia muscular<\/td><td>Bloqueo muscular superficial<\/td><\/tr><tr><td>Tiempo de la sesi\u00f3n<\/td><td>1 a 2 horas en quir\u00f3fano<\/td><td>10 a 15 minutos en consulta<\/td><\/tr><tr><td>Recuperaci\u00f3n necesaria<\/td><td>10 a 14 d\u00edas de baja relativa<\/td><td>Recuperaci\u00f3n inmediata (sin baja)<\/td><\/tr><tr><td>Duraci\u00f3n de los resultados<\/td><td>10 a 15 a\u00f1os de media<\/td><td>4 a 6 meses solamente<\/td><\/tr><tr><td>Nivel de molestia<\/td><td>Requiere anestesia y analg\u00e9sicos<\/td><td>Pinchazos leves muy tolerables<\/td><\/tr><tr><td>Inversi\u00f3n econ\u00f3mica<\/td><td>Pago \u00fanico por resultado duradero<\/td><td>Pagos recurrentes cada pocos meses<\/td><\/tr><tr><td>Efectividad cl\u00ednica<\/td><td>Superior para flacidez cut\u00e1nea real<\/td><td>Excelente para arrugas din\u00e1micas leves<\/td><\/tr><\/tbody><\/table><\/figure>\n\n\n\n<p>Este an\u00e1lisis comparativo deja claro cu\u00e1ndo <strong>Mi experiencia con el levantamiento de cejas en Turqu\u00eda<\/strong> es la soluci\u00f3n definitiva y m\u00e1s rentable a largo plazo.<\/p>\n\n\n\n<hr class=\"wp-block-separator has-alpha-channel-opacity\" \/>\n\n\n\n<p><strong>Estilo de vida saludable tras la cirug\u00eda<\/strong><\/p>\n\n\n\n<p>La intervenci\u00f3n quir\u00fargica es solo el punto de partida de un compromiso renovado con uno mismo. El cuidado de la belleza no termina al salir de <a target=\"_blank\" rel=\"noreferrer noopener\" href=\"https:\/\/gplusclinic.com\/\">G+ Clinic<\/a>; requiere una atenci\u00f3n diaria para preservar la elasticidad de la dermis. Una nutrici\u00f3n optimizada, un descanso reparador y una gesti\u00f3n eficaz del estr\u00e9s son los mejores aliados para potenciar los resultados quir\u00fargicos y ralentizar el reloj biol\u00f3gico de manera natural.<\/p>\n\n\n\n<hr class=\"wp-block-separator has-alpha-channel-opacity\" \/>\n\n\n\n<h2 class=\"wp-block-heading\">C\u00f3mo reservar Mi experiencia con el levantamiento de cejas en Turqu\u00eda en G+<\/h2>\n\n\n\n<p>Iniciar su transformaci\u00f3n est\u00e9tica y coordinar <strong>Mi experiencia con el levantamiento de cejas en Turqu\u00eda<\/strong> es un proceso sencillo y eficiente:<\/p>\n\n\n\n<ul class=\"wp-block-list\">\n<li><strong>Contacto inicial:<\/strong> mensaje a trav\u00e9s de WhatsApp o nuestra web oficial.<\/li>\n\n\n\n<li><strong>Env\u00edo de fotograf\u00edas:<\/strong> evaluaci\u00f3n diagn\u00f3stica por nuestros cirujanos.<\/li>\n\n\n\n<li><strong>Recepci\u00f3n del presupuesto:<\/strong> detalles t\u00e9cnicos y precio transparente.<\/li>\n\n\n\n<li><strong>Reserva del vuelo:<\/strong> env\u00edo del billete al coordinador m\u00e9dico.<\/li>\n\n\n\n<li><strong>Llegada a Estambul:<\/strong> recepci\u00f3n VIP y comienzo de la experiencia.<\/li>\n<\/ul>\n\n\n\n<p>Este flujo de trabajo profesional garantiza que <strong>Mi experiencia con el levantamiento de cejas en Turqu\u00eda<\/strong> comience bajo los mejores auspicios de seguridad y atenci\u00f3n.<\/p>\n\n\n\n<figure class=\"wp-block-image size-large\"><img decoding=\"async\" width=\"1024\" height=\"576\" src=\"https:\/\/gplusclinic.com\/wp-content\/uploads\/2026\/04\/My-experience-with-brow-lift-in-Turkey-3-1024x576.jpg\" alt=\"Fotograf\u00eda tur\u00edstica realista de la Torre de la Doncella en el B\u00f3sforo, Estambul.\" class=\"wp-image-46793\" srcset=\"https:\/\/gplusclinic.com\/wp-content\/uploads\/2026\/04\/My-experience-with-brow-lift-in-Turkey-3-1024x576.jpg 1024w, https:\/\/gplusclinic.com\/wp-content\/uploads\/2026\/04\/My-experience-with-brow-lift-in-Turkey-3-300x169.jpg 300w, https:\/\/gplusclinic.com\/wp-content\/uploads\/2026\/04\/My-experience-with-brow-lift-in-Turkey-3-768x432.jpg 768w, https:\/\/gplusclinic.com\/wp-content\/uploads\/2026\/04\/My-experience-with-brow-lift-in-Turkey-3-1536x864.jpg 1536w, https:\/\/gplusclinic.com\/wp-content\/uploads\/2026\/04\/My-experience-with-brow-lift-in-Turkey-3-800x450.jpg 800w, https:\/\/gplusclinic.com\/wp-content\/uploads\/2026\/04\/My-experience-with-brow-lift-in-Turkey-3.jpg 1920w\" sizes=\"(max-width: 1024px) 100vw, 1024px\" \/><figcaption class=\"wp-element-caption\">Fotograf\u00eda tur\u00edstica realista de la Torre de la Doncella en el B\u00f3sforo, Estambul.<\/figcaption><\/figure>\n\n\n\n<hr class=\"wp-block-separator has-alpha-channel-opacity\" \/>\n\n\n\n<h2 class=\"wp-block-heading\">\u00bfEst\u00e1 listo para comenzar Mi experiencia con el levantamiento de cejas en Turqu\u00eda?<\/h2>\n\n\n\n<p>En conclusi\u00f3n, <strong>Mi experiencia con el levantamiento de cejas en Turqu\u00eda<\/strong> representa un paso definitivo para restaurar la armon\u00eda facial y recuperar una mirada joven y vital de forma permanente. Al combinar t\u00e9cnicas quir\u00fargicas de vanguardia con la vasta experiencia m\u00e9dica de <a target=\"_blank\" rel=\"noreferrer noopener\" href=\"https:\/\/gplusclinic.com\/\">G+ Clinic<\/a>, garantizamos resultados excepcionales y una atenci\u00f3n VIP en cada fase del proceso. Si desea una soluci\u00f3n real para su mirada, \u00bfes usted el candidato ideal para comenzar esta metamorfosis hoy mismo?<\/p>\n\n\n\n<hr class=\"wp-block-separator has-alpha-channel-opacity\" \/>\n\n\n\n<h2 class=\"wp-block-heading\">FAQ sobre Mi experiencia con el levantamiento de cejas en Turqu\u00eda<\/h2>\n\n\n\n<h3 class=\"wp-block-heading\">\u00bfEs dolorosa Mi experiencia con el levantamiento de cejas en Turqu\u00eda?<\/h3>\n\n\n\n<p><strong>Gracias a los protocolos de anestesia moderna, no se siente ning\u00fan dolor durante Mi experiencia con el levantamiento de cejas en Turqu\u00eda; los pacientes solo refieren una sensaci\u00f3n de tensi\u00f3n leve tras el procedimiento.<\/strong><\/p>\n\n\n\n<h3 class=\"wp-block-heading\">\u00bfQuedan cicatrices visibles tras la cirug\u00eda?<\/h3>\n\n\n\n<p><strong>No, las incisiones se ocultan estrat\u00e9gicamente dentro de la l\u00ednea natural del cabello, lo que hace que cualquier marca derivada de Mi experiencia con el levantamiento de cejas en Turqu\u00eda sea invisible para los dem\u00e1s.<\/strong><\/p>\n\n\n\n<h3 class=\"wp-block-heading\">\u00bfCu\u00e1ndo puedo volver a trabajar tras la operaci\u00f3n?<\/h3>\n\n\n\n<p><strong>El retorno depende de su profesi\u00f3n, pero la mayor\u00eda de los pacientes que viven Mi experiencia con el levantamiento de cejas en Turqu\u00eda se reincorporan a trabajos de oficina en unos 7 a 10 d\u00edas.<\/strong><\/p>\n\n\n\n<h3 class=\"wp-block-heading\">\u00bfSe puede combinar con otras cirug\u00edas est\u00e9ticas?<\/h3>\n\n\n\n<p><strong>S\u00ed, es muy com\u00fan y seguro combinar Mi experiencia con el levantamiento de cejas en Turqu\u00eda con una blefaroplastia o un lifting facial completo para lograr un rejuvenecimiento total en una sola sesi\u00f3n.<\/strong><\/p>\n\n\n\n<h3 class=\"wp-block-heading\">\u00bfCu\u00e1nto tiempo duran los resultados logrados?<\/h3>\n\n\n\n<p><strong>Los efectos de Mi experiencia con el levantamiento de cejas en Turqu\u00eda son muy duraderos, persistiendo generalmente m\u00e1s de diez a\u00f1os si se mantiene una buena protecci\u00f3n solar y un estilo de vida saludable.<\/strong><\/p>\n","protected":false},"excerpt":{"rendered":"<p>El inicio de Mi experiencia con el levantamiento de cejas en Turqu\u00eda (My experience with brow lift in Turkey) representa el primer paso hacia una transformaci\u00f3n est\u00e9tica profunda y duradera. Adem\u00e1s, contar con el respaldo m\u00e9dico de G+ Clinic garantiza que este proceso de rejuvenecimiento facial se realice bajo los m\u00e1s altos est\u00e1ndares internacionales, devolviendo [&hellip;]<\/p>\n","protected":false},"author":6,"featured_media":46794,"comment_status":"open","ping_status":"open","sticky":false,"template":"","format":"standard","meta":{"ocean_post_layout":"","ocean_both_sidebars_style":"","ocean_both_sidebars_content_width":0,"ocean_both_sidebars_sidebars_width":0,"ocean_sidebar":"","ocean_second_sidebar":"","ocean_disable_margins":"enable","ocean_add_body_class":"","ocean_shortcode_before_top_bar":"","ocean_shortcode_after_top_bar":"","ocean_shortcode_before_header":"","ocean_shortcode_after_header":"","ocean_has_shortcode":"","ocean_shortcode_after_title":"","ocean_shortcode_before_footer_widgets":"","ocean_shortcode_after_footer_widgets":"","ocean_shortcode_before_footer_bottom":"","ocean_shortcode_after_footer_bottom":"","ocean_display_top_bar":"default","ocean_display_header":"default","ocean_header_style":"","ocean_center_header_left_menu":"","ocean_custom_header_template":"","ocean_custom_logo":0,"ocean_custom_retina_logo":0,"ocean_custom_logo_max_width":0,"ocean_custom_logo_tablet_max_width":0,"ocean_custom_logo_mobile_max_width":0,"ocean_custom_logo_max_height":0,"ocean_custom_logo_tablet_max_height":0,"ocean_custom_logo_mobile_max_height":0,"ocean_header_custom_menu":"","ocean_menu_typo_font_family":"","ocean_menu_typo_font_subset":"","ocean_menu_typo_font_size":0,"ocean_menu_typo_font_size_tablet":0,"ocean_menu_typo_font_size_mobile":0,"ocean_menu_typo_font_size_unit":"px","ocean_menu_typo_font_weight":"","ocean_menu_typo_font_weight_tablet":"","ocean_menu_typo_font_weight_mobile":"","ocean_menu_typo_transform":"","ocean_menu_typo_transform_tablet":"","ocean_menu_typo_transform_mobile":"","ocean_menu_typo_line_height":0,"ocean_menu_typo_line_height_tablet":0,"ocean_menu_typo_line_height_mobile":0,"ocean_menu_typo_line_height_unit":"","ocean_menu_typo_spacing":0,"ocean_menu_typo_spacing_tablet":0,"ocean_menu_typo_spacing_mobile":0,"ocean_menu_typo_spacing_unit":"","ocean_menu_link_color":"","ocean_menu_link_color_hover":"","ocean_menu_link_color_active":"","ocean_menu_link_background":"","ocean_menu_link_hover_background":"","ocean_menu_link_active_background":"","ocean_menu_social_links_bg":"","ocean_menu_social_hover_links_bg":"","ocean_menu_social_links_color":"","ocean_menu_social_hover_links_color":"","ocean_disable_title":"default","ocean_disable_heading":"default","ocean_post_title":"","ocean_post_subheading":"","ocean_post_title_style":"","ocean_post_title_background_color":"","ocean_post_title_background":0,"ocean_post_title_bg_image_position":"","ocean_post_title_bg_image_attachment":"","ocean_post_title_bg_image_repeat":"","ocean_post_title_bg_image_size":"","ocean_post_title_height":0,"ocean_post_title_bg_overlay":0.5,"ocean_post_title_bg_overlay_color":"","ocean_disable_breadcrumbs":"default","ocean_breadcrumbs_color":"","ocean_breadcrumbs_separator_color":"","ocean_breadcrumbs_links_color":"","ocean_breadcrumbs_links_hover_color":"","ocean_display_footer_widgets":"default","ocean_display_footer_bottom":"default","ocean_custom_footer_template":"","ofc_meta_disable_footer_callout":"","ofc_meta_callout_button_url":"","ofc_meta_callout_button_txt":"","ofc_meta_callout_text":"","ofc_enable_fullscreen":"disable","ofc_fullscreen_speed":0,"ofc_fullscreen_nav":"enable","ofc_fullscreen_nav_pos":"right","ofc_fullscreen_nav_color":"","ofc_fullscreen_nav_tooltip_color":"","ofc_fullscreen_responsive":0,"osp_disable_panel":"default","osh_disable_topbar_sticky":"default","osh_disable_header_sticky":"default","osh_sticky_header_style":"default","osh_sticky_header_effect":"","osh_custom_sticky_logo":0,"osh_custom_retina_sticky_logo":0,"osh_custom_sticky_logo_height":0,"osh_background_color":"","osh_links_color":"","osh_links_hover_color":"","osh_links_active_color":"","osh_links_bg_color":"","osh_links_hover_bg_color":"","osh_links_active_bg_color":"","osh_menu_social_links_color":"","osh_menu_social_hover_links_color":"","ocean_post_oembed":"","ocean_post_self_hosted_media":"","ocean_post_video_embed":"","ocean_link_format":"","ocean_link_format_target":"self","ocean_quote_format":"","ocean_quote_format_link":"post","ocean_gallery_link_images":"on","ocean_gallery_id":[],"footnotes":""},"categories":[8],"tags":[236,6616,26848,26846,26845,1868,3105,1387,5602,1979,18219,2827,4809,15874,7260,3365,25180,3113,25615,1925,1234,9545,26847,231,1074],"class_list":["post-46795","post","type-post","status-publish","format-standard","has-post-thumbnail","hentry","category-blog","tag-antes-y-despues","tag-antienvejecimiento","tag-belleza-mujer","tag-cejas-caidas","tag-cejas-turquia","tag-cirugia-estetica","tag-cirugia-facial","tag-cirujano-plastico","tag-clinica-estambul","tag-clinicas-turquia","tag-estambul-medicina","tag-estetica-facial","tag-hilos-tensores","tag-levantamiento-de-cejas","tag-lifting-de-cejas","tag-lifting-endoscopico","tag-mi-experiencia","tag-mirada-joven","tag-precio-levantamiento-cejas","tag-recuperacion-cirugia","tag-rejuvenecimiento-facial","tag-resultados-lifting","tag-testimonio-paciente","tag-turismo-medico","tag-viaje-medico","entry","has-media"],"_links":{"self":[{"href":"https:\/\/gplusclinic.com\/es\/wp-json\/wp\/v2\/posts\/46795","targetHints":{"allow":["GET"]}}],"collection":[{"href":"https:\/\/gplusclinic.com\/es\/wp-json\/wp\/v2\/posts"}],"about":[{"href":"https:\/\/gplusclinic.com\/es\/wp-json\/wp\/v2\/types\/post"}],"author":[{"embeddable":true,"href":"https:\/\/gplusclinic.com\/es\/wp-json\/wp\/v2\/users\/6"}],"replies":[{"embeddable":true,"href":"https:\/\/gplusclinic.com\/es\/wp-json\/wp\/v2\/comments?post=46795"}],"version-history":[{"count":1,"href":"https:\/\/gplusclinic.com\/es\/wp-json\/wp\/v2\/posts\/46795\/revisions"}],"predecessor-version":[{"id":46796,"href":"https:\/\/gplusclinic.com\/es\/wp-json\/wp\/v2\/posts\/46795\/revisions\/46796"}],"wp:featuredmedia":[{"embeddable":true,"href":"https:\/\/gplusclinic.com\/es\/wp-json\/wp\/v2\/media\/46794"}],"wp:attachment":[{"href":"https:\/\/gplusclinic.com\/es\/wp-json\/wp\/v2\/media?parent=46795"}],"wp:term":[{"taxonomy":"category","embeddable":true,"href":"https:\/\/gplusclinic.com\/es\/wp-json\/wp\/v2\/categories?post=46795"},{"taxonomy":"post_tag","embeddable":true,"href":"https:\/\/gplusclinic.com\/es\/wp-json\/wp\/v2\/tags?post=46795"}],"curies":[{"name":"wp","href":"https:\/\/api.w.org\/{rel}","templated":true}]}}