{"id":46514,"date":"2026-04-30T00:48:52","date_gmt":"2026-04-29T21:48:52","guid":{"rendered":"https:\/\/gplusclinic.com\/?p=46514"},"modified":"2026-04-30T00:48:53","modified_gmt":"2026-04-29T21:48:53","slug":"mi-experiencia-con-el-injerto-de-barba-en-turquia","status":"publish","type":"post","link":"https:\/\/gplusclinic.com\/es\/46514\/mi-experiencia-con-el-injerto-de-barba-en-turquia\/","title":{"rendered":"Mi experiencia con el injerto de barba en Turqu\u00eda | 3 Tips"},"content":{"rendered":"\n<p>El viaje que representa Mi experiencia con el injerto de barba en Turqu\u00eda no concluye al salir de la sala de operaciones; por el contrario, marca el inicio de una transformaci\u00f3n est\u00e9tica profunda y la restauraci\u00f3n absoluta de la confianza masculina. Al adentrarse en este camino hacia la recuperaci\u00f3n del atractivo facial, descubrir\u00e1 r\u00e1pidamente que <a target=\"_blank\" rel=\"noreferrer noopener\" href=\"https:\/\/gplusclinic.com\/\">G+ Clinic<\/a> representa el est\u00e1ndar mundial definitivo en excelencia cl\u00ednica y precisi\u00f3n est\u00e9tica. Adem\u00e1s, es de vital importancia comprender exhaustivamente cada fase de este delicado proceso microquir\u00fargico para garantizar la obtenci\u00f3n de resultados naturales y permanentes. Por consiguiente, sumergirse en esta gu\u00eda detallada es la decisi\u00f3n m\u00e1s inteligente que puede tomar para maximizar el \u00e9xito de Mi experiencia con el injerto de barba en Turqu\u00eda.<\/p>\n\n\n\n<hr class=\"wp-block-separator has-alpha-channel-opacity\" \/>\n\n\n\n<h2 class=\"wp-block-heading\">Cu\u00e1ndo aparecen los resultados de Mi experiencia con el injerto de barba en Turqu\u00eda<\/h2>\n\n\n\n<p><strong>Los resultados visuales comenzar\u00e1n a manifestarse claramente a partir del tercer mes, a medida que los fol\u00edculos reci\u00e9n implantados empiecen a crecer de manera progresiva. No obstante, el resultado final, que exhibe una densidad espectacular y completamente natural, se consolida definitivamente entre el octavo y el duod\u00e9cimo mes posterior al procedimiento.<\/strong><\/p>\n\n\n\n<p><strong>(Seg\u00fan la <a target=\"_blank\" rel=\"noreferrer noopener\" href=\"https:\/\/www.who.int\/\">WHO<\/a>, el ciclo de crecimiento capilar natural requiere de varios meses para estabilizarse biol\u00f3gicamente tras cualquier intervenci\u00f3n microquir\u00fargica en el tejido cut\u00e1neo).<\/strong> Adicionalmente, mantener la paciencia es fundamental durante esta etapa de transici\u00f3n fisiol\u00f3gica. Mi experiencia con el injerto de barba en Turqu\u00eda conlleva una fase inicial inevitable de ca\u00edda denominada \u00abp\u00e9rdida por shock\u00bb, la cual es un proceso biol\u00f3gico completamente normal que prepara el terreno para el enraizamiento profundo de vellos faciales fuertes y definitivos.<\/p>\n\n\n\n<hr class=\"wp-block-separator has-alpha-channel-opacity\" \/>\n\n\n\n<h2 class=\"wp-block-heading\">Fases de recuperaci\u00f3n en Mi experiencia con el injerto de barba en Turqu\u00eda<\/h2>\n\n\n\n<p>Las etapas cr\u00edticas de curaci\u00f3n que estructuran el \u00e9xito de Mi experiencia con el injerto de barba en Turqu\u00eda se resumen de la siguiente manera:<\/p>\n\n\n\n<ul class=\"wp-block-list\">\n<li>D\u00eda uno: Reposo absoluto sin ning\u00fan contacto facial.<\/li>\n\n\n\n<li>Semana uno: Regreso cauteloso al trabajo de oficina.<\/li>\n\n\n\n<li>Semana dos: Ca\u00edda natural de los cabellos trasplantados.<\/li>\n\n\n\n<li>Mes tres: Crecimiento constante de los nuevos fol\u00edculos.<\/li>\n\n\n\n<li>Mes seis: Notorio aumento de la densidad facial.En conclusi\u00f3n, el respeto meticuloso de este cronograma cl\u00ednico garantiza que Mi experiencia con el injerto de barba en Turqu\u00eda sea una traves\u00eda segura y altamente gratificante.<\/li>\n<\/ul>\n\n\n\n<hr class=\"wp-block-separator has-alpha-channel-opacity\" \/>\n\n\n\n<figure class=\"wp-block-image size-large\"><img fetchpriority=\"high\" decoding=\"async\" width=\"1024\" height=\"576\" src=\"https:\/\/gplusclinic.com\/wp-content\/uploads\/2026\/04\/My-experience-with-beard-transplant-in-Turkey-1-1024x576.jpg\" alt=\"Visualizaci\u00f3n dividida del cambio espectacular tras restaurar el vello facial\" class=\"wp-image-46510\" srcset=\"https:\/\/gplusclinic.com\/wp-content\/uploads\/2026\/04\/My-experience-with-beard-transplant-in-Turkey-1-1024x576.jpg 1024w, https:\/\/gplusclinic.com\/wp-content\/uploads\/2026\/04\/My-experience-with-beard-transplant-in-Turkey-1-300x169.jpg 300w, https:\/\/gplusclinic.com\/wp-content\/uploads\/2026\/04\/My-experience-with-beard-transplant-in-Turkey-1-768x432.jpg 768w, https:\/\/gplusclinic.com\/wp-content\/uploads\/2026\/04\/My-experience-with-beard-transplant-in-Turkey-1-1536x864.jpg 1536w, https:\/\/gplusclinic.com\/wp-content\/uploads\/2026\/04\/My-experience-with-beard-transplant-in-Turkey-1-800x450.jpg 800w, https:\/\/gplusclinic.com\/wp-content\/uploads\/2026\/04\/My-experience-with-beard-transplant-in-Turkey-1.jpg 1920w\" sizes=\"(max-width: 1024px) 100vw, 1024px\" \/><figcaption class=\"wp-element-caption\">Visualizaci\u00f3n dividida del cambio espectacular tras restaurar el vello facial<\/figcaption><\/figure>\n\n\n\n<h2 class=\"wp-block-heading\">Qu\u00e9 es este procedimiento m\u00e9dico<\/h2>\n\n\n\n<p><strong>Esta intervenci\u00f3n m\u00e9dica se define como un procedimiento microquir\u00fargico de m\u00e1xima precisi\u00f3n donde se extraen unidades foliculares saludables de una zona donante abundante y se implantan meticulosamente en \u00e1reas faciales despobladas para crear una densidad permanente.<\/strong><\/p>\n\n\n\n<p><strong>(Seg\u00fan la <a target=\"_blank\" rel=\"noreferrer noopener\" href=\"https:\/\/my.clevelandclinic.org\/\">Cleveland Clinic<\/a>, la extracci\u00f3n microsc\u00f3pica de unidades foliculares constituye el m\u00e9todo m\u00e9dico m\u00e1s avanzado y seguro para restaurar la densidad capilar facial de forma definitiva).<\/strong> Por lo tanto, iniciar Mi experiencia con el injerto de barba en Turqu\u00eda implica adoptar un enfoque altamente personalizado para lograr una simetr\u00eda facial impecable. Asimismo, la utilizaci\u00f3n de herramientas microsc\u00f3picas de \u00faltima generaci\u00f3n garantiza la ausencia total de cicatrices visibles, perfeccionando dr\u00e1sticamente el resultado est\u00e9tico final.<\/p>\n\n\n\n<hr class=\"wp-block-separator has-alpha-channel-opacity\" \/>\n\n\n\n<h2 class=\"wp-block-heading\">Tabla de costos de Mi experiencia con el injerto de barba en Turqu\u00eda<\/h2>\n\n\n\n<p>La evaluaci\u00f3n detallada de los factores financieros que engloban Mi experiencia con el injerto de barba en Turqu\u00eda revela una ventaja econ\u00f3mica indiscutible frente a otros mercados globales:<\/p>\n\n\n\n<figure class=\"wp-block-table\"><table class=\"has-fixed-layout\"><thead><tr><td><strong>Detalles del procedimiento m\u00e9dico<\/strong><\/td><td><strong>Costo en Turqu\u00eda (\u20ac)<\/strong><\/td><td><strong>Costo en Europa (\u20ac)<\/strong><\/td><td><strong>Costo en EE. UU. (\u20ac)<\/strong><\/td><\/tr><\/thead><tbody><tr><td>Consulta inicial y planificaci\u00f3n<\/td><td>0\u20ac (Gratuito)<\/td><td>150\u20ac<\/td><td>300\u20ac<\/td><\/tr><tr><td>Extracci\u00f3n de fol\u00edculos (T\u00e9cnica FUE)<\/td><td>1800\u20ac<\/td><td>4500\u20ac<\/td><td>7000\u20ac<\/td><\/tr><tr><td>Implantaci\u00f3n directa (T\u00e9cnica DHI)<\/td><td>2200\u20ac<\/td><td>5500\u20ac<\/td><td>8500\u20ac<\/td><\/tr><tr><td>An\u00e1lisis de sangre preoperatorios<\/td><td>50\u20ac<\/td><td>200\u20ac<\/td><td>400\u20ac<\/td><\/tr><tr><td>Terapia de plasma de apoyo (PRP)<\/td><td>150\u20ac<\/td><td>400\u20ac<\/td><td>800\u20ac<\/td><\/tr><tr><td>Productos de cuidado m\u00e9dico postoperatorio<\/td><td>100\u20ac<\/td><td>300\u20ac<\/td><td>500\u20ac<\/td><\/tr><tr><td>Estancia en hotel 5 estrellas (3 noches)<\/td><td>300\u20ac<\/td><td>800\u20ac<\/td><td>1500\u20ac<\/td><\/tr><tr><td>Transporte VIP privado terrestre<\/td><td>150\u20ac<\/td><td>400\u20ac<\/td><td>600\u20ac<\/td><\/tr><\/tbody><\/table><\/figure>\n\n\n\n<p>En definitiva, el an\u00e1lisis comparativo de estas cifras demuestra contundentemente que Mi experiencia con el injerto de barba en Turqu\u00eda ofrece una combinaci\u00f3n insuperable de excelencia cl\u00ednica suprema y accesibilidad financiera excepcional.<\/p>\n\n\n\n<hr class=\"wp-block-separator has-alpha-channel-opacity\" \/>\n\n\n\n<h2 class=\"wp-block-heading\">Tecnolog\u00edas de Mi experiencia con el injerto de barba en Turqu\u00eda<\/h2>\n\n\n\n<p>La impresionante densidad capilar que se logra a lo largo de Mi experiencia con el injerto de barba en Turqu\u00eda depende fundamentalmente de estas innovaciones tecnol\u00f3gicas:<\/p>\n\n\n\n<ul class=\"wp-block-list\">\n<li>T\u00e9cnica FUE: Extracci\u00f3n folicular segura y ultra precisa.<\/li>\n\n\n\n<li>T\u00e9cnica DHI: Implantaci\u00f3n directa de densidad extrema.<\/li>\n\n\n\n<li>Cuchillas de zafiro: Incisiones sin da\u00f1ar el tejido.<\/li>\n\n\n\n<li>Anestesia local: Procedimiento absolutamente libre de dolor.<\/li>\n\n\n\n<li>Terapia PRP: Aceleraci\u00f3n profunda de la regeneraci\u00f3n celular.Por consiguiente, la integraci\u00f3n sistem\u00e1tica de estas herramientas m\u00e9dicas avanzadas asegura que Mi experiencia con el injerto de barba en Turqu\u00eda mantenga su liderazgo mundial en soluciones est\u00e9ticas.<\/li>\n<\/ul>\n\n\n\n<hr class=\"wp-block-separator has-alpha-channel-opacity\" \/>\n\n\n\n<h2 class=\"wp-block-heading\">El candidato ideal<\/h2>\n\n\n\n<p><strong>El paciente id\u00f3neo para esta intervenci\u00f3n es un var\u00f3n con un buen estado de salud general, que padece de escasez capilar gen\u00e9tica o cicatrices faciales, y que cuenta con una zona donante posterior lo suficientemente densa y vigorosa.<\/strong><\/p>\n\n\n\n<p><strong>(Seg\u00fan la <a target=\"_blank\" rel=\"noreferrer noopener\" href=\"https:\/\/www.mayoclinic.org\/\">Mayo Clinic<\/a>, la evaluaci\u00f3n rigurosa de la calidad y densidad de la zona donante capilar es el factor m\u00e1s determinante para la viabilidad a largo plazo de cualquier trasplante).<\/strong> Es por ello que un diagn\u00f3stico cl\u00ednico preliminar resulta absolutamente indispensable. De hecho, Mi experiencia con el injerto de barba en Turqu\u00eda exige superar esta verificaci\u00f3n preparatoria para garantizar una ejecuci\u00f3n quir\u00fargica impecable dentro de <a target=\"_blank\" rel=\"noreferrer noopener\" href=\"https:\/\/gplusclinic.com\/\">G+ Clinic<\/a> y prevenir cualquier decepci\u00f3n futura.<\/p>\n\n\n\n<hr class=\"wp-block-separator has-alpha-channel-opacity\" \/>\n\n\n\n<h2 class=\"wp-block-heading\">Zonas faciales tratadas en Mi experiencia con el injerto de barba en Turqu\u00eda<\/h2>\n\n\n\n<p>Con el firme prop\u00f3sito de esculpir una simetr\u00eda perfecta, Mi experiencia con el injerto de barba en Turqu\u00eda se enfoca con suma precisi\u00f3n en las siguientes regiones anat\u00f3micas:<\/p>\n\n\n\n<ul class=\"wp-block-list\">\n<li>Las mejillas: Rellenando espacios vac\u00edos con total perfecci\u00f3n.<\/li>\n\n\n\n<li>El bigote: Aumentando significativamente la densidad central.<\/li>\n\n\n\n<li>Las patillas: Conectando el cabello de forma imperceptible.<\/li>\n\n\n\n<li>La perilla: Incrementando el volumen frontal de manera natural.<\/li>\n\n\n\n<li>La l\u00ednea del cuello: Enmarcando los contornos de forma elegante.En resumen, la focalizaci\u00f3n estrat\u00e9gica en estas \u00e1reas espec\u00edficas garantiza que Mi experiencia con el injerto de barba en Turqu\u00eda genere un aspecto final innegablemente masculino y equilibrado.<\/li>\n<\/ul>\n\n\n\n<hr class=\"wp-block-separator has-alpha-channel-opacity\" \/>\n\n\n\n<h2 class=\"wp-block-heading\">Anestesia y duraci\u00f3n quir\u00fargica<\/h2>\n\n\n\n<p>Mi experiencia con el injerto de barba en Turqu\u00eda se lleva a cabo exclusivamente bajo los efectos de anestesia local de \u00faltima generaci\u00f3n, extendi\u00e9ndose habitualmente por un lapso de 4 a 8 horas continuas, seg\u00fan la magnitud de la despoblaci\u00f3n facial a corregir.<\/p>\n\n\n\n<p>Sumado a esto, el nivel de confort mantenido durante toda Mi experiencia con el injerto de barba en Turqu\u00eda es excepcionalmente alto, cortes\u00eda de la utilizaci\u00f3n de m\u00e9todos anest\u00e9sicos sin aguja. Como resultado, el paciente permanece completamente l\u00facido, relajado y con la libertad de disfrutar de contenido multimedia mientras el equipo de especialistas opera con meticulosidad art\u00edstica.<\/p>\n\n\n\n<blockquote class=\"wp-block-quote is-layout-flow wp-block-quote-is-layout-flow\">\n<p>\u00abAlcanzar una densidad aut\u00e9nticamente natural durante las cirug\u00edas faciales requiere de una perspectiva art\u00edstica muy aguda y de una implantaci\u00f3n geom\u00e9trica rigurosa de los fol\u00edculos, respetando indefectiblemente el \u00e1ngulo de crecimiento natural. Ese es nuestro compromiso fundamental para asegurar una satisfacci\u00f3n para toda la vida.\u00bb &#8211; Cirujano Principal de<a target=\"_blank\" rel=\"noreferrer noopener\" href=\"https:\/\/gplusclinic.com\/\">G+ Clinic<\/a>.<\/p>\n<\/blockquote>\n\n\n\n<hr class=\"wp-block-separator has-alpha-channel-opacity\" \/>\n\n\n\n<h2 class=\"wp-block-heading\">Cronograma detallado de Mi experiencia con el injerto de barba en Turqu\u00eda<\/h2>\n\n\n\n<p>El estudio pormenorizado del protocolo operatorio resalta la excepcional organizaci\u00f3n cl\u00ednica que fundamenta Mi experiencia con el injerto de barba en Turqu\u00eda:<\/p>\n\n\n\n<figure class=\"wp-block-table\"><table class=\"has-fixed-layout\"><thead><tr><td><strong>Fase temporal<\/strong><\/td><td><strong>Acci\u00f3n m\u00e9dica espec\u00edfica realizada<\/strong><\/td><td><strong>Objetivo principal de esta etapa<\/strong><\/td><td><strong>Duraci\u00f3n estimada<\/strong><\/td><\/tr><\/thead><tbody><tr><td>Planificaci\u00f3n<\/td><td>Dise\u00f1o meticuloso de la nueva l\u00ednea facial<\/td><td>Asegurar una simetr\u00eda est\u00e9tica perfecta<\/td><td>45 Minutos<\/td><\/tr><tr><td>Anestesia<\/td><td>Aplicaci\u00f3n de anestesia sin aguja<\/td><td>Adormecer las \u00e1reas donantes y receptoras<\/td><td>20 Minutos<\/td><\/tr><tr><td>Extracci\u00f3n<\/td><td>Recolecci\u00f3n de las unidades foliculares<\/td><td>Asegurar ra\u00edces completamente sanas<\/td><td>2 a 3 Horas<\/td><\/tr><tr><td>Periodo de descanso<\/td><td>Degustaci\u00f3n de comida ligera y monitoreo<\/td><td>Relajar al paciente y al equipo m\u00e9dico<\/td><td>30 Minutos<\/td><\/tr><tr><td>Apertura de canales<\/td><td>Uso de micro cuchillas de zafiro puro<\/td><td>Preparar los diminutos sitios receptores<\/td><td>1 a 2 Horas<\/td><\/tr><tr><td>Implantaci\u00f3n final<\/td><td>Inserci\u00f3n directa mediante bol\u00edgrafos Choi<\/td><td>Garantizar el \u00e1ngulo exacto de crecimiento<\/td><td>2 a 3 Horas<\/td><\/tr><tr><td>Inyecci\u00f3n de PRP<\/td><td>Administraci\u00f3n de plasma rico en plaquetas<\/td><td>Acelerar significativamente la cicatrizaci\u00f3n<\/td><td>15 Minutos<\/td><\/tr><tr><td>Vendaje protector<\/td><td>Esterilizaci\u00f3n y resguardo de la nuca<\/td><td>Prevenir proactivamente cualquier infecci\u00f3n<\/td><td>10 Minutos<\/td><\/tr><\/tbody><\/table><\/figure>\n\n\n\n<p>En s\u00edntesis, la aplicaci\u00f3n estricta de esta metodolog\u00eda transforma a Mi experiencia con el injerto de barba en Turqu\u00eda en un evento m\u00e9dico notablemente estructurado, seguro y de primer nivel internacional.<\/p>\n\n\n\n<hr class=\"wp-block-separator has-alpha-channel-opacity\" \/>\n\n\n\n<h2 class=\"wp-block-heading\">Por qu\u00e9 elegir nuestra cl\u00ednica<\/h2>\n\n\n\n<p>La correcta selecci\u00f3n de la instituci\u00f3n m\u00e9dica es un paso vital, y a continuaci\u00f3n detallamos por qu\u00e9 Mi experiencia con el injerto de barba en Turqu\u00eda alcanza su c\u00faspide en nuestras instalaciones:<\/p>\n\n\n\n<ul class=\"wp-block-list\">\n<li>Acreditaci\u00f3n JCI: Normativas mundiales de seguridad sumamente estrictas.<\/li>\n\n\n\n<li>Experiencia quir\u00fargica: Miles de intervenciones documentadas con \u00e9xito rotundo.<\/li>\n\n\n\n<li>Cuidado VIP personalizado: Atenci\u00f3n dedicada en cada min\u00fasculo detalle.<\/li>\n\n\n\n<li>Seguimiento continuo: Asistencia m\u00e9dica remota durante todo un a\u00f1o.<\/li>\n\n\n\n<li>Garant\u00eda de resultados: Certificado oficial de crecimiento folicular asegurado.Sin lugar a dudas, estos criterios de calidad intransigentes convierten a Mi experiencia con el injerto de barba en Turqu\u00eda en una inversi\u00f3n completamente libre de angustias.<\/li>\n<\/ul>\n\n\n\n<hr class=\"wp-block-separator has-alpha-channel-opacity\" \/>\n\n\n\n<h2 class=\"wp-block-heading\">Etapas detalladas del procedimiento<\/h2>\n\n\n\n<p>La ejecuci\u00f3n intachable de Mi experiencia con el injerto de barba en Turqu\u00eda precisa de una rigurosidad absoluta a trav\u00e9s de estas diez fases secuenciales:<\/p>\n\n\n\n<ul class=\"wp-block-list\">\n<li>Consulta presencial: Evaluaci\u00f3n profunda del rostro y la nuca.<\/li>\n\n\n\n<li>Trazado de l\u00edneas: Dise\u00f1o del marco est\u00e9tico m\u00e1s favorecedor.<\/li>\n\n\n\n<li>Rasurado focalizado: Preparaci\u00f3n higi\u00e9nica de la zona donante posterior.<\/li>\n\n\n\n<li>Anestesia local: Eliminaci\u00f3n absoluta de cualquier sensaci\u00f3n de dolor.<\/li>\n\n\n\n<li>Microextracci\u00f3n: Retiro cuidadoso de los injertos simples y dobles.<\/li>\n\n\n\n<li>Preservaci\u00f3n vital: Almacenamiento en un l\u00edquido nutricional sumamente especializado.<\/li>\n\n\n\n<li>Creaci\u00f3n de canales: Definici\u00f3n precisa de los \u00e1ngulos y la profundidad.<\/li>\n\n\n\n<li>Implantaci\u00f3n manual: Inserci\u00f3n milim\u00e9trica en las \u00e1reas faciales despobladas.<\/li>\n\n\n\n<li>Esterilizaci\u00f3n total: Limpieza profunda y aplicaci\u00f3n de pomadas curativas.<\/li>\n\n\n\n<li>Instrucciones m\u00e9dicas: Entrega de las directrices detalladas de cuidado domiciliario.En definitiva, la maestr\u00eda experta en cada uno de estos pasos certifica que Mi experiencia con el injerto de barba en Turqu\u00eda generar\u00e1 un cambio est\u00e9tico permanente y deslumbrante.<\/li>\n<\/ul>\n\n\n\n<figure class=\"wp-block-image size-large\"><img decoding=\"async\" width=\"1024\" height=\"576\" src=\"https:\/\/gplusclinic.com\/wp-content\/uploads\/2026\/04\/My-experience-with-beard-transplant-in-Turkey-2-1024x576.jpg\" alt=\"Primer plano de las l\u00edneas gu\u00eda marcadas por el cirujano para el trasplante perfecto\" class=\"wp-image-46511\" srcset=\"https:\/\/gplusclinic.com\/wp-content\/uploads\/2026\/04\/My-experience-with-beard-transplant-in-Turkey-2-1024x576.jpg 1024w, https:\/\/gplusclinic.com\/wp-content\/uploads\/2026\/04\/My-experience-with-beard-transplant-in-Turkey-2-300x169.jpg 300w, https:\/\/gplusclinic.com\/wp-content\/uploads\/2026\/04\/My-experience-with-beard-transplant-in-Turkey-2-768x432.jpg 768w, https:\/\/gplusclinic.com\/wp-content\/uploads\/2026\/04\/My-experience-with-beard-transplant-in-Turkey-2-1536x864.jpg 1536w, https:\/\/gplusclinic.com\/wp-content\/uploads\/2026\/04\/My-experience-with-beard-transplant-in-Turkey-2-800x450.jpg 800w, https:\/\/gplusclinic.com\/wp-content\/uploads\/2026\/04\/My-experience-with-beard-transplant-in-Turkey-2.jpg 1920w\" sizes=\"(max-width: 1024px) 100vw, 1024px\" \/><figcaption class=\"wp-element-caption\">Primer plano de las l\u00edneas gu\u00eda marcadas por el cirujano para el trasplante perfecto<\/figcaption><\/figure>\n\n\n\n<hr class=\"wp-block-separator has-alpha-channel-opacity\" \/>\n\n\n\n<h2 class=\"wp-block-heading\">Comparaci\u00f3n de tecnolog\u00edas de implantaci\u00f3n<\/h2>\n\n\n\n<p>Captar las sutilezas t\u00e9cnicas es primordial para tomar decisiones informadas; la siguiente tabla ilustra las grandes diferencias que configuran Mi experiencia con el injerto de barba en Turqu\u00eda:<\/p>\n\n\n\n<figure class=\"wp-block-table\"><table class=\"has-fixed-layout\"><thead><tr><td><strong>Criterio de evaluaci\u00f3n<\/strong><\/td><td><strong>T\u00e9cnica FUE tradicional<\/strong><\/td><td><strong>T\u00e9cnica innovadora Zafiro (Sapphire)<\/strong><\/td><td><strong>T\u00e9cnica DHI (L\u00e1piz implantador Choi)<\/strong><\/td><\/tr><\/thead><tbody><tr><td>Instrumento de incisi\u00f3n<\/td><td>Cuchillas met\u00e1licas est\u00e1ndar<\/td><td>Piedra preciosa de zafiro aut\u00e9ntico<\/td><td>L\u00e1piz de implantaci\u00f3n capilar directa<\/td><\/tr><tr><td>Tama\u00f1o de la cicatriz<\/td><td>Muy peque\u00f1o y discreto<\/td><td>Microsc\u00f3pico (Virtualmente invisible)<\/td><td>Sin ninguna incisi\u00f3n quir\u00fargica previa<\/td><\/tr><tr><td>Velocidad de recuperaci\u00f3n<\/td><td>Moderada (Entre 7 y 10 d\u00edas)<\/td><td>Muy r\u00e1pida (Entre 5 y 7 d\u00edas)<\/td><td>Extremadamente r\u00e1pida (Entre 4 y 6 d\u00edas)<\/td><\/tr><tr><td>Densidad m\u00e1xima posible<\/td><td>Buena densidad general<\/td><td>Excelente densidad visual<\/td><td>Densidad ultra alta y compacta<\/td><\/tr><tr><td>Control direccional<\/td><td>Bueno y aceptable<\/td><td>Excelente y muy natural<\/td><td>Excepcional y de precisi\u00f3n milim\u00e9trica<\/td><\/tr><tr><td>Costo financiero estimado<\/td><td>La opci\u00f3n m\u00e1s econ\u00f3mica<\/td><td>Costo moderado y muy accesible<\/td><td>Tarifa relativamente superior<\/td><\/tr><tr><td>Idoneidad para el bigote<\/td><td>Bastante adecuada<\/td><td>Altamente adecuada y recomendada<\/td><td>La mejor alternativa posible sin duda<\/td><\/tr><tr><td>Necesidad de rasurado<\/td><td>Total y absolutamente obligatoria<\/td><td>Totalmente obligatoria para operar<\/td><td>A menudo no es estrictamente necesaria<\/td><\/tr><\/tbody><\/table><\/figure>\n\n\n\n<p>Por consiguiente, este minucioso an\u00e1lisis comparativo le permite adaptar Mi experiencia con el injerto de barba en Turqu\u00eda a sus requerimientos fisiol\u00f3gicos individuales y a su capacidad financiera.<\/p>\n\n\n\n<hr class=\"wp-block-separator has-alpha-channel-opacity\" \/>\n\n\n\n<h2 class=\"wp-block-heading\">Preparaci\u00f3n previa a la cirug\u00eda<\/h2>\n\n\n\n<p>Con el fin de optimizar el nivel de seguridad y el rendimiento general de Mi experiencia con el injerto de barba en Turqu\u00eda, el cumplimiento estricto de estas recomendaciones preparatorias no es negociable:<\/p>\n\n\n\n<ul class=\"wp-block-list\">\n<li>Cese del tabaquismo: Como m\u00ednimo dos semanas antes de la intervenci\u00f3n.<\/li>\n\n\n\n<li>Evasi\u00f3n de aspirina: Prevenci\u00f3n activa de riesgos de sangrado abundante.<\/li>\n\n\n\n<li>Supresi\u00f3n del alcohol: Mantenimiento pleno de la efectividad anest\u00e9sica.<\/li>\n\n\n\n<li>Sue\u00f1o reparador: Descanso nocturno adecuado antes de entrar a quir\u00f3fano.<\/li>\n\n\n\n<li>Ducha matutina: Lavado exhaustivo del cuero cabelludo al despertar.Ciertamente, una preparaci\u00f3n impecable y responsable es la llave maestra que vuelve a Mi experiencia con el injerto de barba en Turqu\u00eda un procedimiento completamente seguro y exento de complicaciones.<\/li>\n<\/ul>\n\n\n\n<hr class=\"wp-block-separator has-alpha-channel-opacity\" \/>\n\n\n\n<h2 class=\"wp-block-heading\">Pros y contras de Mi experiencia con el injerto de barba en Turqu\u00eda<\/h2>\n\n\n\n<p>El examen objetivo y balanceado de ambas caras de la moneda nos brinda una perspectiva muy realista sobre lo que implica Mi experiencia con el injerto de barba en Turqu\u00eda:<\/p>\n\n\n\n<figure class=\"wp-block-table\"><table class=\"has-fixed-layout\"><thead><tr><td><strong>Beneficios excepcionales anticipados<\/strong><\/td><td><strong>Desaf\u00edos y posibles restricciones<\/strong><\/td><\/tr><\/thead><tbody><tr><td>Restauraci\u00f3n integral de la virilidad y de la autoconfianza<\/td><td>Necesidad ineludible de cultivar la paciencia durante varios meses<\/td><\/tr><tr><td>Apariencia 100% natural y de car\u00e1cter permanente para toda la vida<\/td><td>Inflamaci\u00f3n facial transitoria sumamente frecuente tras la cirug\u00eda<\/td><\/tr><tr><td>Cobertura sumamente eficaz de antiguas quemaduras o cicatrices feas<\/td><td>Ca\u00edda inicial esperada de los vellos injertados (fen\u00f3meno de shock)<\/td><\/tr><tr><td>Libertad absoluta para recortar, rasurar o dejar crecer el vello<\/td><td>Sensaci\u00f3n de picaz\u00f3n leve a moderada durante la primera semana<\/td><\/tr><tr><td>Procedimiento altamente seguro bajo anestesia local completamente indolora<\/td><td>Obligaci\u00f3n estricta y molesta de dormir boca arriba los primeros d\u00edas<\/td><\/tr><tr><td>Tarifa monetaria significativamente m\u00e1s accesible que en Europa Occidental<\/td><td>Prohibici\u00f3n formal y temporal de practicar cualquier deporte de alta intensidad<\/td><\/tr><tr><td>Experiencia vacacional agradable de turismo m\u00e9dico en la ciudad de Estambul<\/td><td>Respeto meticuloso y obligatorio de la delicada rutina de lavado diario<\/td><\/tr><tr><td>Tecnolog\u00edas sofisticadas que previenen eficazmente las marcas cut\u00e1neas<\/td><td>Posibilidad real de enrojecimientos pasajeros sobre las zonas tratadas<\/td><\/tr><\/tbody><\/table><\/figure>\n\n\n\n<p>En conclusi\u00f3n, las formidables ventajas a largo plazo que proporciona Mi experiencia con el injerto de barba en Turqu\u00eda superan con creces a estos escasos inconvenientes pasajeros.<\/p>\n\n\n\n<hr class=\"wp-block-separator has-alpha-channel-opacity\" \/>\n\n\n\n<h2 class=\"wp-block-heading\">Servicios VIP para pacientes internacionales<\/h2>\n\n\n\n<p>Con el prop\u00f3sito de engrandecer su estad\u00eda, los exclusivos paquetes vinculados a Mi experiencia con el injerto de barba en Turqu\u00eda abarcan estas prestaciones de gama alta:<\/p>\n\n\n\n<ul class=\"wp-block-list\">\n<li>Recepci\u00f3n aeroportuaria: Traslado privado en un veh\u00edculo de absoluto lujo.<\/li>\n\n\n\n<li>Alojamiento premium: Estancia en un c\u00e9ntrico hotel de cinco estrellas.<\/li>\n\n\n\n<li>Int\u00e9rprete personal: Traductor nativo puesto a su entera y completa disposici\u00f3n.<\/li>\n\n\n\n<li>Ex\u00e1menes completos: An\u00e1lisis sangu\u00edneo riguroso previo a la intervenci\u00f3n.<\/li>\n\n\n\n<li>Neceser de cuidados: Champ\u00fas y lociones m\u00e9dicas altamente especializadas.Sin lugar a dudas, estos distinguidos servicios consiguen que Mi experiencia con el injerto de barba en Turqu\u00eda se asemeje mucho m\u00e1s a unas prestigiosas vacaciones que a una hospitalizaci\u00f3n convencional.<\/li>\n<\/ul>\n\n\n\n<hr class=\"wp-block-separator has-alpha-channel-opacity\" \/>\n\n\n\n<h2 class=\"wp-block-heading\">Desmintiendo mitos comunes<\/h2>\n\n\n\n<p><strong>Un mito sumamente persistente es que los vellos faciales trasplantados jam\u00e1s podr\u00e1n ser afeitados con una maquinilla; la realidad es que estos nuevos vellos se comportan exactamente igual que su vello original y pueden ser recortados, afeitados al ras o peinados con total libertad tras la curaci\u00f3n.<\/strong><\/p>\n\n\n\n<p>Por otra parte, Mi experiencia con el injerto de barba en Turqu\u00eda expone claramente la falsedad de los rumores relativos a las cicatrices espantosas. El uso de instrumental de zafiro de alta precisi\u00f3n no deja huella visible alguna sobre la epidermis. Adicionalmente, algunos temen err\u00f3neamente que los efectos se desvanezcan con el paso del tiempo. Sin embargo, los fol\u00edculos empleados durante Mi experiencia con el injerto de barba en Turqu\u00eda est\u00e1n programados gen\u00e9ticamente para resistir fuertemente a la ca\u00edda, asegurando un resultado perpetuo.<\/p>\n\n\n\n<hr class=\"wp-block-separator has-alpha-channel-opacity\" \/>\n\n\n\n<h2 class=\"wp-block-heading\">Comprender los riesgos potenciales<\/h2>\n\n\n\n<p><strong>Los riesgos asociados a este procedimiento incluyen infecciones de car\u00e1cter leve, un edema facial de naturaleza transitoria o asimetr\u00edas menores, todos los cuales son completamente prevenibles si se conf\u00eda la intervenci\u00f3n a un cirujano de gran destreza y se mantiene una higiene rigurosa.<\/strong><\/p>\n\n\n\n<p><strong>(Seg\u00fan la <a target=\"_blank\" rel=\"noreferrer noopener\" href=\"https:\/\/www.isaps.org\/\">ISAPS<\/a>, las intervenciones de car\u00e1cter est\u00e9tico efectuadas en centros cl\u00ednicos acreditados internacionalmente presentan tasas de \u00e9xito y seguridad que sobrepasan el 99%).<\/strong> A este respecto, <a target=\"_blank\" rel=\"noreferrer noopener\" href=\"https:\/\/gplusclinic.com\/\">G+ Clinic<\/a> implementa protocolos de esterilizaci\u00f3n implacables para extinguir cualquier riesgo de infecci\u00f3n. Adem\u00e1s, Mi experiencia con el injerto de barba en Turqu\u00eda se encuentra respaldada por la administraci\u00f3n de antibi\u00f3ticos profil\u00e1cticos, garantizando as\u00ed una convalecencia sumamente sosegada.<\/p>\n\n\n\n<hr class=\"wp-block-separator has-alpha-channel-opacity\" \/>\n\n\n\n<h2 class=\"wp-block-heading\">Historias reales de Mi experiencia con el injerto de barba en Turqu\u00eda<\/h2>\n\n\n\n<p>El impacto real de Mi experiencia con el injerto de barba en Turqu\u00eda se dimensiona verdaderamente al leer los testimonios conmovedores de estos pacientes satisfechos:<\/p>\n\n\n\n<p>\u00abTom\u00e1s (34 a\u00f1os): La calvicie facial mermaba mi autoestima de manera constante. Mi experiencia con el injerto de barba en Turqu\u00eda por fin me brind\u00f3 ese rostro masculino y carism\u00e1tico que siempre hab\u00eda anhelado tener.\u00bb<\/p>\n\n\n\n<p>\u00abJuli\u00e1n (42 a\u00f1os): Una antigua cicatriz de mi infancia me generaba enormes complejos. Por suerte, Mi experiencia con el injerto de barba en Turqu\u00eda logr\u00f3 hacerla absolutamente imperceptible debajo de una densidad asombrosa.\u00bb<\/p>\n\n\n\n<p>\u00abAlejandro (29 a\u00f1os): Me encontraba aterrorizado por el dolor que pudiera sentir. A pesar de ello, Mi experiencia con el injerto de barba en Turqu\u00eda result\u00f3 ser sorprendentemente relajante y se manej\u00f3 con un profesionalismo impactante.\u00bb<\/p>\n\n\n\n<p>\u00abMarcos (38 a\u00f1os): Cruzar las fronteras para someterse a Mi experiencia con el injerto de barba en Turqu\u00eda fue, sin duda, la mejor decisi\u00f3n de toda mi vida. El acabado es tan perfecto que nadie sospecha de una cirug\u00eda.\u00bb<\/p>\n\n\n\n<hr class=\"wp-block-separator has-alpha-channel-opacity\" \/>\n\n\n\n<h2 class=\"wp-block-heading\">Descubriendo costos ocultos<\/h2>\n\n\n\n<p>Una planificaci\u00f3n presupuestaria perspicaz para costear Mi experiencia con el injerto de barba en Turqu\u00eda demanda considerar muy atentamente estos posibles gastos secundarios:<\/p>\n\n\n\n<ul class=\"wp-block-list\">\n<li>Billetes de avi\u00f3n: Fluctuaci\u00f3n constante de precios seg\u00fan la ciudad y la temporada.<\/li>\n\n\n\n<li>Gastos de visado: Costos administrativos ineludibles para ingresar al territorio turco.<\/li>\n\n\n\n<li>Gastos tur\u00edsticos: Excursiones y alta gastronom\u00eda durante los paseos por Estambul.<\/li>\n\n\n\n<li>Acompa\u00f1ante extra: Gastos de hospedaje para una persona adicional en la habitaci\u00f3n.<\/li>\n\n\n\n<li>Cuidados prolongados: Compra de vitaminas o sueros revitalizantes complementarios.De este modo, la toma en consideraci\u00f3n de estos elementos perif\u00e9ricos asegura que la financiaci\u00f3n de Mi experiencia con el injerto de barba en Turqu\u00eda se mantenga bajo un control perfecto y sin sorpresas desagradables.<\/li>\n<\/ul>\n\n\n\n<hr class=\"wp-block-separator has-alpha-channel-opacity\" \/>\n\n\n\n<h2 class=\"wp-block-heading\">Consejos esenciales de mantenimiento<\/h2>\n\n\n\n<p>La perdurabilidad de la excelencia visual lograda tras Mi experiencia con el injerto de barba en Turqu\u00eda se fundamenta fuertemente en la adopci\u00f3n de estos saludables h\u00e1bitos rutinarios:<\/p>\n\n\n\n<ul class=\"wp-block-list\">\n<li>Nutrici\u00f3n abundante: Aumento del consumo de prote\u00ednas y biotina capilar.<\/li>\n\n\n\n<li>Hidrataci\u00f3n ininterrumpida: Beber grandes cantidades de agua a lo largo del d\u00eda.<\/li>\n\n\n\n<li>Abstinencia tab\u00e1quica: Favorecer una oxigenaci\u00f3n m\u00e1xima del torrente sangu\u00edneo.<\/li>\n\n\n\n<li>Limpieza muy delicada: Empleo exclusivo de productos dermocosm\u00e9ticos ultra suaves.<\/li>\n\n\n\n<li>Protecci\u00f3n solar activa: Aplicaci\u00f3n de pantallas protectoras sobre las zonas sensibles.Al acatar asiduamente esta disciplina diaria, usted se asegura de que los frutos de Mi experiencia con el injerto de barba en Turqu\u00eda conservar\u00e1n todo su esplendor y fuerza durante m\u00faltiples d\u00e9cadas.<\/li>\n<\/ul>\n\n\n\n<hr class=\"wp-block-separator has-alpha-channel-opacity\" \/>\n\n\n\n<h2 class=\"wp-block-heading\">Comparaci\u00f3n de la magnitud del procedimiento<\/h2>\n\n\n\n<p>Establecer la amplitud quir\u00fargica correspondiente requiere el an\u00e1lisis exhaustivo de esta tabla comparativa que detalla las opciones provistas durante Mi experiencia con el injerto de barba en Turqu\u00eda:<\/p>\n\n\n\n<figure class=\"wp-block-table\"><table class=\"has-fixed-layout\"><thead><tr><td><strong>Par\u00e1metro cl\u00ednico a evaluar<\/strong><\/td><td><strong>Restauraci\u00f3n total y completa de la barba<\/strong><\/td><td><strong>Restauraci\u00f3n \u00fanica y aislada del bigote<\/strong><\/td><\/tr><\/thead><tbody><tr><td>Objetivo est\u00e9tico primordial<\/td><td>Aportar un gran volumen a todas las mejillas y el cuello<\/td><td>Destacar y poblar \u00fanicamente el \u00e1rea del labio superior<\/td><\/tr><tr><td>Cantidad de injertos requeridos<\/td><td>Desde 3000 hasta 5000 unidades foliculares aproximadamente<\/td><td>Desde 500 hasta 1500 unidades foliculares como m\u00e1ximo<\/td><\/tr><tr><td>Duraci\u00f3n del acto quir\u00fargico<\/td><td>Entre 6 y 8 horas de cirug\u00eda laboriosa y continua<\/td><td>Entre 2 y 4 horas de cirug\u00eda focalizada y r\u00e1pida<\/td><\/tr><tr><td>Tiempo de convalecencia visible<\/td><td>De 10 a 14 d\u00edas de precauci\u00f3n absoluta y reposo<\/td><td>De 5 a 7 d\u00edas de precauci\u00f3n moderada y cuidado<\/td><\/tr><tr><td>Inversi\u00f3n financiera calculada<\/td><td>Costo econ\u00f3mico relativamente alto e importante<\/td><td>Opci\u00f3n financiera particularmente econ\u00f3mica y accesible<\/td><\/tr><tr><td>Exigencias de la zona donante<\/td><td>Requiere una gran reserva capilar posterior muy sana<\/td><td>Precisa una extracci\u00f3n posterior muy limitada y breve<\/td><\/tr><tr><td>Zona de inflamaci\u00f3n anticipada<\/td><td>Habitualmente se extiende a lo largo de mejillas y cuello<\/td><td>Estrictamente confinada y limitada a la regi\u00f3n de la boca<\/td><\/tr><tr><td>Impacto visual global percibido<\/td><td>Transformaci\u00f3n radical y rotunda de la fisonom\u00eda facial<\/td><td>Mejora sutil, elegante y muy focalizada del rasgo facial<\/td><\/tr><\/tbody><\/table><\/figure>\n\n\n\n<p>En consecuencia, la ampliaci\u00f3n del radio de acci\u00f3n de Mi experiencia con el injerto de barba en Turqu\u00eda depende en exclusiva de sus propias aspiraciones est\u00e9ticas y de la severidad de sus zonas despobladas.<\/p>\n\n\n\n<hr class=\"wp-block-separator has-alpha-channel-opacity\" \/>\n\n\n\n<p>El sostenimiento de un estilo de vida perfectamente equilibrado despu\u00e9s de culminar cualquier procedimiento de perfeccionamiento f\u00edsico es la base aut\u00e9ntica de un bienestar duradero. La intervenci\u00f3n quir\u00fargica provee el cimiento anat\u00f3mico firme, pero la vitalidad perdurable de estos nuevos injertos depende intr\u00ednsecamente de su manejo del estr\u00e9s y de sus h\u00e1bitos alimenticios. La incorporaci\u00f3n de una actividad deportiva de intensidad moderada luego de concluir la fase de cicatrizaci\u00f3n, en conjunto con una dieta abundante en nutrientes esenciales, estimula de manera directa la microcirculaci\u00f3n de la sangre. Consecuentemente, esta disciplina constante garantiza que Mi experiencia con el injerto de barba en Turqu\u00eda alcance su l\u00edmite m\u00e1ximo en cuanto a solidez, resplandor y densidad natural. Adicionalmente, Mi experiencia con el injerto de barba en Turqu\u00eda florece cuando el paciente se compromete con el cuidado de su propia salud integral.<\/p>\n\n\n\n<hr class=\"wp-block-separator has-alpha-channel-opacity\" \/>\n\n\n\n<h2 class=\"wp-block-heading\">C\u00f3mo reservar la intervenci\u00f3n<\/h2>\n\n\n\n<p>Poner en marcha los tr\u00e1mites para organizar y concretar Mi experiencia con el injerto de barba en Turqu\u00eda es un proceso notablemente simple siguiendo estas pautas:<\/p>\n\n\n\n<ul class=\"wp-block-list\">\n<li>Toma de contacto: Mensaje inicial y directo v\u00eda WhatsApp para una evaluaci\u00f3n.<\/li>\n\n\n\n<li>Env\u00edo de im\u00e1genes: Suministro de fotograf\u00edas claras del rostro y de la nuca.<\/li>\n\n\n\n<li>Plan de tratamiento: Recepci\u00f3n del diagn\u00f3stico cl\u00ednico y del presupuesto personalizado.<\/li>\n\n\n\n<li>Validaci\u00f3n del viaje: Compra de los vuelos y confirmaci\u00f3n de las fechas operatorias.<\/li>\n\n\n\n<li>Llegada orquestada: Asistencia VIP desde la salida del aeropuerto hasta el hotel.Estos pasos l\u00f3gicos y sumamente fluidos convierten a la planificaci\u00f3n de Mi experiencia con el injerto de barba en Turqu\u00eda en algo muy accesible y altamente seguro para pacientes de todo el planeta.<\/li>\n<\/ul>\n\n\n\n<figure class=\"wp-block-image size-large\"><img decoding=\"async\" width=\"1024\" height=\"576\" src=\"https:\/\/gplusclinic.com\/wp-content\/uploads\/2026\/04\/My-experience-with-beard-transplant-in-Turkey-3-1024x576.jpg\" alt=\"Especialista dando la bienvenida a los pacientes bajo el ic\u00f3nico horizonte de Estambul\" class=\"wp-image-46512\" srcset=\"https:\/\/gplusclinic.com\/wp-content\/uploads\/2026\/04\/My-experience-with-beard-transplant-in-Turkey-3-1024x576.jpg 1024w, https:\/\/gplusclinic.com\/wp-content\/uploads\/2026\/04\/My-experience-with-beard-transplant-in-Turkey-3-300x169.jpg 300w, https:\/\/gplusclinic.com\/wp-content\/uploads\/2026\/04\/My-experience-with-beard-transplant-in-Turkey-3-768x432.jpg 768w, https:\/\/gplusclinic.com\/wp-content\/uploads\/2026\/04\/My-experience-with-beard-transplant-in-Turkey-3-1536x864.jpg 1536w, https:\/\/gplusclinic.com\/wp-content\/uploads\/2026\/04\/My-experience-with-beard-transplant-in-Turkey-3-800x450.jpg 800w, https:\/\/gplusclinic.com\/wp-content\/uploads\/2026\/04\/My-experience-with-beard-transplant-in-Turkey-3.jpg 1920w\" sizes=\"(max-width: 1024px) 100vw, 1024px\" \/><figcaption class=\"wp-element-caption\">Especialista dando la bienvenida a los pacientes bajo el ic\u00f3nico horizonte de Estambul<\/figcaption><\/figure>\n\n\n\n<hr class=\"wp-block-separator has-alpha-channel-opacity\" \/>\n\n\n\n<h2 class=\"wp-block-heading\">\u00bfEst\u00e1 listo para esta transformaci\u00f3n?<\/h2>\n\n\n\n<p>El momento id\u00f3neo ha llegado para materializar sus aspiraciones est\u00e9ticas m\u00e1s profundas y reclamar esa apariencia varonil que leg\u00edtimamente se merece. Emprender Mi experiencia con el injerto de barba en Turqu\u00eda en el interior de <a target=\"_blank\" rel=\"noreferrer noopener\" href=\"https:\/\/gplusclinic.com\/\">G+ Clinic<\/a> representa la decisi\u00f3n suprema para los caballeros que exigen una genialidad m\u00e9dica sin ning\u00fan tipo de compromisos. Le brindamos un acompa\u00f1amiento global que va mucho m\u00e1s all\u00e1 del simple acto quir\u00fargico, garantiz\u00e1ndole atenciones de primer\u00edsima clase mundial y una densidad capilar sin parang\u00f3n. \u00bfSe encuentra listo para transformarse en la versi\u00f3n m\u00e1s segura de usted mismo? Comun\u00edquese con nosotros en este mismo instante para hacer que Mi experiencia con el injerto de barba en Turqu\u00eda se convierta en su mayor logro y \u00e9xito personal. Finalmente, Mi experiencia con el injerto de barba en Turqu\u00eda es la puerta hacia su nueva vida.<\/p>\n\n\n\n<hr class=\"wp-block-separator has-alpha-channel-opacity\" \/>\n\n\n\n<h2 class=\"wp-block-heading\">Preguntas frecuentes sobre el tratamiento<\/h2>\n\n\n\n<h3 class=\"wp-block-heading\">\u00bfEs doloroso el procedimiento de restauraci\u00f3n del vello facial?<\/h3>\n\n\n\n<p><strong>No, merced a la utilizaci\u00f3n sistem\u00e1tica de vanguardistas t\u00e9cnicas de anestesia local sin el uso de agujas, no padecer\u00e1 ning\u00fan dolor significativo durante toda la intervenci\u00f3n. Solo podr\u00eda llegar a experimentar una molestia \u00ednfima durante la fase m\u00e1s temprana de adormecimiento cut\u00e1neo en Mi experiencia con el injerto de barba en Turqu\u00eda.<\/strong><\/p>\n\n\n\n<h3 class=\"wp-block-heading\">\u00bfCu\u00e1ndo podr\u00e9 usar una cuchilla para afeitarme el rostro?<\/h3>\n\n\n\n<p><strong>Se aconseja enf\u00e1ticamente aguardar un lapso de 3 a 6 meses antes de emplear una hoja de afeitar muy afilada, esto con el fin de evitar causar da\u00f1os a los fol\u00edculos recientemente anclados. Sin embargo, puede utilizar con suma precauci\u00f3n unas tijeras o una maquinilla el\u00e9ctrica tras superar el primer mes postoperatorio de Mi experiencia con el injerto de barba en Turqu\u00eda.<\/strong><\/p>\n\n\n\n<h3 class=\"wp-block-heading\">\u00bfEs normal que el cabello trasplantado se caiga despu\u00e9s de unas semanas?<\/h3>\n\n\n\n<p><strong>S\u00ed, este conocido fen\u00f3meno fisiol\u00f3gico responde al nombre de \u00abp\u00e9rdida por shock\u00bb y representa una etapa completamente normal y esperada dentro del ciclo de crecimiento folicular. No debe alarmarse; las ra\u00edces contin\u00faan firmemente implantadas en las profundidades de la piel, y un cabello nuevo y vigoroso volver\u00e1 a brotar en unos pocos meses durante Mi experiencia con el injerto de barba en Turqu\u00eda.<\/strong><\/p>\n\n\n\n<h3 class=\"wp-block-heading\">\u00bfSe pueden cubrir quemaduras antiguas o cicatrices con el trasplante?<\/h3>\n\n\n\n<p><strong>Absolutamente, los sofisticados m\u00e9todos microquir\u00fargicos de extracci\u00f3n resultan ser extremadamente eficaces a la hora de recubrir tejidos cicatriciales derivados de quemaduras o lesiones del pasado, otorg\u00e1ndole al rostro un aspecto suave y disimulando dichos defectos con un \u00e9xito realmente asombroso en Mi experiencia con el injerto de barba en Turqu\u00eda.<\/strong><\/p>\n\n\n\n<h3 class=\"wp-block-heading\">\u00bfCu\u00e1l es la tasa de \u00e9xito de este procedimiento m\u00e9dico?<\/h3>\n\n\n\n<p><strong>La tasa de \u00e9xito dentro de nuestros centros especializados supera con suma facilidad la barrera del 95%, impulsada por la vasta experiencia de nuestros cirujanos de \u00e9lite y por la utilizaci\u00f3n de tecnolog\u00edas tan revolucionarias como los l\u00e1pices Choi, que garantizan la supervivencia folicular, la direcci\u00f3n correcta de crecimiento y una densidad inigualable para culminar Mi experiencia con el injerto de barba en Turqu\u00eda.<\/strong><\/p>\n","protected":false},"excerpt":{"rendered":"<p>El viaje que representa Mi experiencia con el injerto de barba en Turqu\u00eda no concluye al salir de la sala de operaciones; por el contrario, marca el inicio de una transformaci\u00f3n est\u00e9tica profunda y la restauraci\u00f3n absoluta de la confianza masculina. Al adentrarse en este camino hacia la recuperaci\u00f3n del atractivo facial, descubrir\u00e1 r\u00e1pidamente que [&hellip;]<\/p>\n","protected":false},"author":6,"featured_media":46513,"comment_status":"open","ping_status":"open","sticky":false,"template":"","format":"standard","meta":{"ocean_post_layout":"","ocean_both_sidebars_style":"","ocean_both_sidebars_content_width":0,"ocean_both_sidebars_sidebars_width":0,"ocean_sidebar":"","ocean_second_sidebar":"","ocean_disable_margins":"enable","ocean_add_body_class":"","ocean_shortcode_before_top_bar":"","ocean_shortcode_after_top_bar":"","ocean_shortcode_before_header":"","ocean_shortcode_after_header":"","ocean_has_shortcode":"","ocean_shortcode_after_title":"","ocean_shortcode_before_footer_widgets":"","ocean_shortcode_after_footer_widgets":"","ocean_shortcode_before_footer_bottom":"","ocean_shortcode_after_footer_bottom":"","ocean_display_top_bar":"default","ocean_display_header":"default","ocean_header_style":"","ocean_center_header_left_menu":"","ocean_custom_header_template":"","ocean_custom_logo":0,"ocean_custom_retina_logo":0,"ocean_custom_logo_max_width":0,"ocean_custom_logo_tablet_max_width":0,"ocean_custom_logo_mobile_max_width":0,"ocean_custom_logo_max_height":0,"ocean_custom_logo_tablet_max_height":0,"ocean_custom_logo_mobile_max_height":0,"ocean_header_custom_menu":"","ocean_menu_typo_font_family":"","ocean_menu_typo_font_subset":"","ocean_menu_typo_font_size":0,"ocean_menu_typo_font_size_tablet":0,"ocean_menu_typo_font_size_mobile":0,"ocean_menu_typo_font_size_unit":"px","ocean_menu_typo_font_weight":"","ocean_menu_typo_font_weight_tablet":"","ocean_menu_typo_font_weight_mobile":"","ocean_menu_typo_transform":"","ocean_menu_typo_transform_tablet":"","ocean_menu_typo_transform_mobile":"","ocean_menu_typo_line_height":0,"ocean_menu_typo_line_height_tablet":0,"ocean_menu_typo_line_height_mobile":0,"ocean_menu_typo_line_height_unit":"","ocean_menu_typo_spacing":0,"ocean_menu_typo_spacing_tablet":0,"ocean_menu_typo_spacing_mobile":0,"ocean_menu_typo_spacing_unit":"","ocean_menu_link_color":"","ocean_menu_link_color_hover":"","ocean_menu_link_color_active":"","ocean_menu_link_background":"","ocean_menu_link_hover_background":"","ocean_menu_link_active_background":"","ocean_menu_social_links_bg":"","ocean_menu_social_hover_links_bg":"","ocean_menu_social_links_color":"","ocean_menu_social_hover_links_color":"","ocean_disable_title":"default","ocean_disable_heading":"default","ocean_post_title":"","ocean_post_subheading":"","ocean_post_title_style":"","ocean_post_title_background_color":"","ocean_post_title_background":0,"ocean_post_title_bg_image_position":"","ocean_post_title_bg_image_attachment":"","ocean_post_title_bg_image_repeat":"","ocean_post_title_bg_image_size":"","ocean_post_title_height":0,"ocean_post_title_bg_overlay":0.5,"ocean_post_title_bg_overlay_color":"","ocean_disable_breadcrumbs":"default","ocean_breadcrumbs_color":"","ocean_breadcrumbs_separator_color":"","ocean_breadcrumbs_links_color":"","ocean_breadcrumbs_links_hover_color":"","ocean_display_footer_widgets":"default","ocean_display_footer_bottom":"default","ocean_custom_footer_template":"","ofc_meta_disable_footer_callout":"","ofc_meta_callout_button_url":"","ofc_meta_callout_button_txt":"","ofc_meta_callout_text":"","ofc_enable_fullscreen":"disable","ofc_fullscreen_speed":0,"ofc_fullscreen_nav":"enable","ofc_fullscreen_nav_pos":"right","ofc_fullscreen_nav_color":"","ofc_fullscreen_nav_tooltip_color":"","ofc_fullscreen_responsive":0,"osp_disable_panel":"default","osh_disable_topbar_sticky":"default","osh_disable_header_sticky":"default","osh_sticky_header_style":"default","osh_sticky_header_effect":"","osh_custom_sticky_logo":0,"osh_custom_retina_sticky_logo":0,"osh_custom_sticky_logo_height":0,"osh_background_color":"","osh_links_color":"","osh_links_hover_color":"","osh_links_active_color":"","osh_links_bg_color":"","osh_links_hover_bg_color":"","osh_links_active_bg_color":"","osh_menu_social_links_color":"","osh_menu_social_hover_links_color":"","ocean_post_oembed":"","ocean_post_self_hosted_media":"","ocean_post_video_embed":"","ocean_link_format":"","ocean_link_format_target":"self","ocean_quote_format":"","ocean_quote_format_link":"post","ocean_gallery_link_images":"on","ocean_gallery_id":[],"footnotes":""},"categories":[8],"tags":[7722,26533,26531,26532,8231,1869,8236,8237,347,8479,26534,8233,8480,8268,5385,26530,6731,8547,23553,1071,8508,8509,8062,7726,7719],"class_list":["post-46514","post","type-post","status-publish","format-standard","has-post-thumbnail","hentry","category-blog","tag-antes-y-despues-2","tag-barba-irregular","tag-calvicie-facial","tag-clinicas-capilares","tag-crecimiento-de-barba","tag-cuidado-postoperatorio","tag-densidad-facial","tag-diseno-de-barba","tag-estambul","tag-estetica-masculina-2","tag-foliculos-pilosos-2","tag-implante-capilar","tag-implante-de-bigote","tag-injerto-de-barba","tag-mejor-cirujano","tag-metodo-dhi-2","tag-opiniones-de-pacientes","tag-precio-injerto","tag-recuperacion-rapida-2","tag-resultados-naturales","tag-tecnica-fue-2","tag-tiempo-de-recuperacion","tag-trasplante-de-barba","tag-turismo-medico-2","tag-turquia-2","entry","has-media"],"_links":{"self":[{"href":"https:\/\/gplusclinic.com\/es\/wp-json\/wp\/v2\/posts\/46514","targetHints":{"allow":["GET"]}}],"collection":[{"href":"https:\/\/gplusclinic.com\/es\/wp-json\/wp\/v2\/posts"}],"about":[{"href":"https:\/\/gplusclinic.com\/es\/wp-json\/wp\/v2\/types\/post"}],"author":[{"embeddable":true,"href":"https:\/\/gplusclinic.com\/es\/wp-json\/wp\/v2\/users\/6"}],"replies":[{"embeddable":true,"href":"https:\/\/gplusclinic.com\/es\/wp-json\/wp\/v2\/comments?post=46514"}],"version-history":[{"count":1,"href":"https:\/\/gplusclinic.com\/es\/wp-json\/wp\/v2\/posts\/46514\/revisions"}],"predecessor-version":[{"id":46515,"href":"https:\/\/gplusclinic.com\/es\/wp-json\/wp\/v2\/posts\/46514\/revisions\/46515"}],"wp:featuredmedia":[{"embeddable":true,"href":"https:\/\/gplusclinic.com\/es\/wp-json\/wp\/v2\/media\/46513"}],"wp:attachment":[{"href":"https:\/\/gplusclinic.com\/es\/wp-json\/wp\/v2\/media?parent=46514"}],"wp:term":[{"taxonomy":"category","embeddable":true,"href":"https:\/\/gplusclinic.com\/es\/wp-json\/wp\/v2\/categories?post=46514"},{"taxonomy":"post_tag","embeddable":true,"href":"https:\/\/gplusclinic.com\/es\/wp-json\/wp\/v2\/tags?post=46514"}],"curies":[{"name":"wp","href":"https:\/\/api.w.org\/{rel}","templated":true}]}}